{"id":26295,"date":"2023-12-03T10:16:36","date_gmt":"2023-12-03T10:16:36","guid":{"rendered":"https:\/\/www.iceagetv.com\/radiosite\/?p=26295"},"modified":"2023-12-03T10:16:36","modified_gmt":"2023-12-03T10:16:36","slug":"le-fils-des-deux-victimes-retrouvees-calcinees-a-leur-domicile-en-isere-a-avoue-aux-gendarmes-etre-lauteur-du-meurtre-de-ses-parents","status":"publish","type":"post","link":"https:\/\/www.iceagetv.com\/radiosite\/le-fils-des-deux-victimes-retrouvees-calcinees-a-leur-domicile-en-isere-a-avoue-aux-gendarmes-etre-lauteur-du-meurtre-de-ses-parents\/","title":{"rendered":"Le fils des deux victimes retrouv\u00e9es calcin\u00e9es \u00e0 leur domicile en Is\u00e8re a \u00ab\u00a0avou\u00e9 aux gendarmes \u00eatre l\u2019auteur du meurtre de ses parents\u00a0\u00bb"},"content":{"rendered":"\n<p>Le fils des deux victimes retrouv\u00e9es calcin\u00e9es \u00e0 leur domicile en Is\u00e8re a&nbsp;\u00ab\u00a0avou\u00e9 aux gendarmes \u00eatre l\u2019auteur du meurtre de ses parents\u00a0\u00bb, annonce le parquet de Grenoble.<\/p>\n\n\n\n<p>Rappelons que&nbsp; Valentin, adolescent de 15 ans, disparu depuis la d\u00e9couverte de deux corps calcin\u00e9s portant des traces de blessures par balles dans une maison incendi\u00e9e en Is\u00e8re, avait \u00e9t\u00e9 interpell\u00e9 ce samedi et plac\u00e9 en garde \u00e0 vue, avait annonc\u00e9 le parquet de Grenoble. Le jeune homme \u00ab\u00a0a \u00e9t\u00e9 interpell\u00e9 ce jour (samedi) en fin de matin\u00e9e \u00e0 Montpellier et plac\u00e9 en garde \u00e0 vue\u00a0\u00bb, avait indiqu\u00e9 le procureur \u00c9ric Vaillant dans un bref communiqu\u00e9.<\/p>\n\n\n\n<p>Valentin \u00e9tait activement recherch\u00e9 six jours apr\u00e8s la d\u00e9couverte des deux corps \u00ab\u00a0vraisemblablement ceux des parents\u00a0\u00bb, dans la maison familiale \u00e0 Ch\u00e2teauvilain. Ce sont les gendarmes de la section recherche et du Groupe d&rsquo;observation et de surveillance (GOS) de Montpellier qui ont proc\u00e9d\u00e9 \u00e0 l&rsquo;interpellation du mineur.<\/p>\n\n\n\n<p>Un incendie avait ravag\u00e9 dans la nuit de dimanche \u00e0 lundi une grange et la maison attenante de la famille \u00e0 Chateauvilain et deux corps \u00ab\u00a0presque enti\u00e8rement calcin\u00e9s\u00a0\u00bb avaient \u00e9t\u00e9 retrouv\u00e9s, selon les enqu\u00eateurs. Ils portaient des traces de coups de feu : des plaies au niveau du thorax pour l&rsquo;un et au niveau du cr\u00e2ne pour les deux corps.<\/p>\n","protected":false},"excerpt":{"rendered":"<p>Le fils des deux victimes retrouv\u00e9es calcin\u00e9es \u00e0 leur domicile en Is\u00e8re a&nbsp;\u00ab\u00a0avou\u00e9 aux gendarmes \u00eatre l\u2019auteur du meurtre de ses parents\u00a0\u00bb, annonce le parquet de Grenoble. Rappelons que&nbsp; Valentin, adolescent de 15 ans, disparu depuis la d\u00e9couverte de deux corps calcin\u00e9s portant des traces de blessures par balles dans une maison incendi\u00e9e en Is\u00e8re, [&hellip;]<\/p>\n","protected":false},"author":2,"featured_media":26296,"comment_status":"open","ping_status":"open","sticky":false,"template":"","format":"standard","meta":{"_jetpack_memberships_contains_paid_content":false,"footnotes":"","jetpack_publicize_message":"","jetpack_publicize_feature_enabled":true,"jetpack_social_post_already_shared":true,"jetpack_social_options":{"image_generator_settings":{"template":"highway","default_image_id":0,"font":"","enabled":false},"version":2},"_wpas_customize_per_network":false},"categories":[405],"tags":[],"class_list":["post-26295","post","type-post","status-publish","format-standard","has-post-thumbnail","hentry","category-actu-france-monde"],"jetpack_publicize_connections":[],"jetpack_featured_media_url":"https:\/\/i0.wp.com\/www.iceagetv.com\/radiosite\/wp-content\/uploads\/2023\/12\/Le-fils-des-deux-victimes-retrouvees-calcinees.jpg?fit=679%2C293&ssl=1","jetpack_sharing_enabled":true,"_links":{"self":[{"href":"https:\/\/www.iceagetv.com\/radiosite\/wp-json\/wp\/v2\/posts\/26295","targetHints":{"allow":["GET"]}}],"collection":[{"href":"https:\/\/www.iceagetv.com\/radiosite\/wp-json\/wp\/v2\/posts"}],"about":[{"href":"https:\/\/www.iceagetv.com\/radiosite\/wp-json\/wp\/v2\/types\/post"}],"author":[{"embeddable":true,"href":"https:\/\/www.iceagetv.com\/radiosite\/wp-json\/wp\/v2\/users\/2"}],"replies":[{"embeddable":true,"href":"https:\/\/www.iceagetv.com\/radiosite\/wp-json\/wp\/v2\/comments?post=26295"}],"version-history":[{"count":1,"href":"https:\/\/www.iceagetv.com\/radiosite\/wp-json\/wp\/v2\/posts\/26295\/revisions"}],"predecessor-version":[{"id":26297,"href":"https:\/\/www.iceagetv.com\/radiosite\/wp-json\/wp\/v2\/posts\/26295\/revisions\/26297"}],"wp:featuredmedia":[{"embeddable":true,"href":"https:\/\/www.iceagetv.com\/radiosite\/wp-json\/wp\/v2\/media\/26296"}],"wp:attachment":[{"href":"https:\/\/www.iceagetv.com\/radiosite\/wp-json\/wp\/v2\/media?parent=26295"}],"wp:term":[{"taxonomy":"category","embeddable":true,"href":"https:\/\/www.iceagetv.com\/radiosite\/wp-json\/wp\/v2\/categories?post=26295"},{"taxonomy":"post_tag","embeddable":true,"href":"https:\/\/www.iceagetv.com\/radiosite\/wp-json\/wp\/v2\/tags?post=26295"}],"curies":[{"name":"wp","href":"https:\/\/api.w.org\/{rel}","templated":true}]}}