{"id":26298,"date":"2023-12-03T17:11:24","date_gmt":"2023-12-03T17:11:24","guid":{"rendered":"https:\/\/www.iceagetv.com\/radiosite\/?p=26298"},"modified":"2023-12-03T17:11:24","modified_gmt":"2023-12-03T17:11:24","slug":"un-supporter-nantais-tue-a-larme-blanche-lors-du-match-de-football-nantes-nice","status":"publish","type":"post","link":"https:\/\/www.iceagetv.com\/radiosite\/un-supporter-nantais-tue-a-larme-blanche-lors-du-match-de-football-nantes-nice\/","title":{"rendered":"Un supporter nantais tu\u00e9 \u00e0 l&rsquo;arme blanche lors du match de football Nantes \/ Nice"},"content":{"rendered":"\n<p>Ce devait \u00eatre une f\u00eate du sport elle s&rsquo;est transform\u00e9e en trag\u00e9die pour un homme \u00e2g\u00e9 de 31 ans supporter du FC Nantes. Il a \u00e9t\u00e9 victime d&rsquo;un coup de couteau lors d&rsquo;une altercation avec des supporters ni\u00e7ois. Une enqu\u00eate judiciaire est en cours.<\/p>\n\n\n\n<p>Un supporter nantais \u00e2g\u00e9 de 31 ans est d\u00e9c\u00e9d\u00e9 samedi 2 d\u00e9cembre 2023 peu avant le d\u00e9but de la rencontre entre le FC Nantes et Nice comptant pour la 14\u00e8me journ\u00e9e du championnat de ligue 1.<\/p>\n\n\n\n<p>Selon le procureur de la R\u00e9publique Renaud Gaudeul peu avant 20 heures \u00ab\u00a0<em>plusieurs v\u00e9hicules VTC transportant des supporters ni\u00e7ois ont \u00e9t\u00e9 pris \u00e0 partie par des supporters du FC Nantes alors qu\u2019ils circulaient avenue de la gare de Saint Joseph, afin de se rendre au stade de la Beaujoire<\/em>\u00ab\u00a0.<\/p>\n\n\n\n<blockquote class=\"wp-block-quote is-layout-flow wp-block-quote-is-layout-flow\">\n<p>Au cours de ces \u00e9v\u00e8nements, dans des circonstances qui restent \u00e0 d\u00e9terminer, un homme \u00e2g\u00e9 de 31 ans, supporter du FC Nantes, s\u2019est effondr\u00e9<\/p>\n\n\n\n<p>Malgr\u00e9 l\u2019intervention rapide des secours l\u2019homme n\u2019a pu \u00eatre sauv\u00e9 et est d\u00e9c\u00e9d\u00e9 sur place.<\/p>\n\n\n\n<p>Selon nos informations l&rsquo;altercation s&rsquo;est d\u00e9roul\u00e9e \u00e0 proximit\u00e9 d&rsquo;un bar-restaurant fr\u00e9quent\u00e9 habituellement par certains supporters du FC Nantes les soirs de match.<\/p>\n\n\n\n<p>Selon un t\u00e9moin direct une bande de supporters nantais s&rsquo;en serait alors pris \u00e0 un des v\u00e9hicules qui transportaient des supporters de l&rsquo;OGC Nice.<\/p>\n\n\n\n<p>Un des chauffeurs VTC aurait \u00e9t\u00e9 m\u00eal\u00e9 \u00e0 la bagarre et aurait sorti un couteau.<\/p>\n\n\n\n<p>Une autopsie doit \u00eatre \u00ab\u00a0<em>rapidement r\u00e9alis\u00e9e<\/em>\u00ab\u00a0.<\/p>\n\n\n\n<p>Selon le procureur de la R\u00e9publique \u00ab\u00a0<em>la victime pr\u00e9sente une blessure dans le dos, pouvant correspondre \u00e0 une arme blanche<\/em>\u00ab\u00a0.<\/p>\n\n\n\n<p>Le club du FCNantes a exprim\u00e9 dans un communiqu\u00e9 \u00ab\u00a0<em>ses plus sinc\u00e8res condol\u00e9ances \u00e0 la famille de la victime et \u00e0 ses proches<\/em>\u00ab\u00a0<\/p>\n<cite>Le supporter \u00e2g\u00e9 de 31 ans fait partie du groupe Brigade Loire des ultras du club des Canaris dont les membres ont marqu\u00e9 leur tristesse en quittant les tribunes lors du match.De son c\u00f4t\u00e9 la mairie de Nantes a r\u00e9agi par la voix de son premier adjoint Bassem Asseh qui assure : \u00ab\u00a0<em>Toute la lumi\u00e8re devra \u00eatre faite sur ce drame<\/em>\u00ab\u00a0.<br>\u00ab\u00a0<em>La violence n&rsquo;a sa place ni dans les enceintes sportives ni en dehors<\/em>\u00a0\u00bb ajoute l&rsquo;\u00e9lu.<br><\/cite><\/blockquote>\n","protected":false},"excerpt":{"rendered":"<p>Ce devait \u00eatre une f\u00eate du sport elle s&rsquo;est transform\u00e9e en trag\u00e9die pour un homme \u00e2g\u00e9 de 31 ans supporter du FC Nantes. Il a \u00e9t\u00e9 victime d&rsquo;un coup de couteau lors d&rsquo;une altercation avec des supporters ni\u00e7ois. Une enqu\u00eate judiciaire est en cours. Un supporter nantais \u00e2g\u00e9 de 31 ans est d\u00e9c\u00e9d\u00e9 samedi 2 [&hellip;]<\/p>\n","protected":false},"author":2,"featured_media":26299,"comment_status":"open","ping_status":"open","sticky":false,"template":"","format":"standard","meta":{"_jetpack_memberships_contains_paid_content":false,"footnotes":"","jetpack_publicize_message":"","jetpack_publicize_feature_enabled":true,"jetpack_social_post_already_shared":true,"jetpack_social_options":{"image_generator_settings":{"template":"highway","default_image_id":0,"font":"","enabled":false},"version":2},"_wpas_customize_per_network":false},"categories":[405],"tags":[],"class_list":["post-26298","post","type-post","status-publish","format-standard","has-post-thumbnail","hentry","category-actu-france-monde"],"jetpack_publicize_connections":[],"jetpack_featured_media_url":"https:\/\/i0.wp.com\/www.iceagetv.com\/radiosite\/wp-content\/uploads\/2023\/12\/Un-supporter-nantais-tue-a-larme-blanche.jpg?fit=675%2C900&ssl=1","jetpack_sharing_enabled":true,"_links":{"self":[{"href":"https:\/\/www.iceagetv.com\/radiosite\/wp-json\/wp\/v2\/posts\/26298","targetHints":{"allow":["GET"]}}],"collection":[{"href":"https:\/\/www.iceagetv.com\/radiosite\/wp-json\/wp\/v2\/posts"}],"about":[{"href":"https:\/\/www.iceagetv.com\/radiosite\/wp-json\/wp\/v2\/types\/post"}],"author":[{"embeddable":true,"href":"https:\/\/www.iceagetv.com\/radiosite\/wp-json\/wp\/v2\/users\/2"}],"replies":[{"embeddable":true,"href":"https:\/\/www.iceagetv.com\/radiosite\/wp-json\/wp\/v2\/comments?post=26298"}],"version-history":[{"count":1,"href":"https:\/\/www.iceagetv.com\/radiosite\/wp-json\/wp\/v2\/posts\/26298\/revisions"}],"predecessor-version":[{"id":26300,"href":"https:\/\/www.iceagetv.com\/radiosite\/wp-json\/wp\/v2\/posts\/26298\/revisions\/26300"}],"wp:featuredmedia":[{"embeddable":true,"href":"https:\/\/www.iceagetv.com\/radiosite\/wp-json\/wp\/v2\/media\/26299"}],"wp:attachment":[{"href":"https:\/\/www.iceagetv.com\/radiosite\/wp-json\/wp\/v2\/media?parent=26298"}],"wp:term":[{"taxonomy":"category","embeddable":true,"href":"https:\/\/www.iceagetv.com\/radiosite\/wp-json\/wp\/v2\/categories?post=26298"},{"taxonomy":"post_tag","embeddable":true,"href":"https:\/\/www.iceagetv.com\/radiosite\/wp-json\/wp\/v2\/tags?post=26298"}],"curies":[{"name":"wp","href":"https:\/\/api.w.org\/{rel}","templated":true}]}}