{"id":26304,"date":"2023-12-04T15:02:52","date_gmt":"2023-12-04T15:02:52","guid":{"rendered":"https:\/\/www.iceagetv.com\/radiosite\/?p=26304"},"modified":"2023-12-04T15:02:52","modified_gmt":"2023-12-04T15:02:52","slug":"attaque-a-paris-lauteur-de-lattaque-mortelle-assume-et-revendique-totalement-son-geste-en-garde-a-vue-tout-laisse-a-penser-quil-a-agi-seul","status":"publish","type":"post","link":"https:\/\/www.iceagetv.com\/radiosite\/attaque-a-paris-lauteur-de-lattaque-mortelle-assume-et-revendique-totalement-son-geste-en-garde-a-vue-tout-laisse-a-penser-quil-a-agi-seul\/","title":{"rendered":"Attaque \u00e0 Paris : L\u2019auteur de l\u2019attaque mortelle \u00ab\u00a0assume et revendique totalement son geste\u00a0\u00bb en garde \u00e0 vue : \u00ab\u00a0Tout laisse \u00e0 penser qu\u2019il a agi seul\u00a0\u00bb"},"content":{"rendered":"\n<p>L\u2019auteur de l\u2019attaque mortelle au couteau samedi pr\u00e8s de la Tour Eiffel \u00ab&nbsp;assume et revendique totalement son geste&nbsp;\u00bb lors de sa garde \u00e0 vue toujours en cours lundi, et \u00ab&nbsp;tout laisse \u00e0 penser&nbsp;\u00bb qu\u2019il a \u00ab&nbsp;agi seul&nbsp;\u00bb, selon une source proche de l\u2019enqu\u00eate. Armand Rajabpour-Miyandoab, Franco-Iranien de 26 ans, dit avoir agi en \u00ab&nbsp;r\u00e9action \u00e0 la pers\u00e9cution des musulmans dans le monde&nbsp;\u00bb. Il appara\u00eet \u00ab&nbsp;tr\u00e8s froid&nbsp;\u00bb, \u00ab&nbsp;clinique&nbsp;\u00bb et \u00ab&nbsp;d\u00e9sincarn\u00e9&nbsp;\u00bb, a ajout\u00e9 cette source.<\/p>\n\n\n\n<p><strong>\u00a0Le parquet f\u00e9d\u00e9ral allemand a indiqu\u00e9 lundi avoir ouvert une enqu\u00eate sur l\u2019attentat \u00e0 Paris o\u00f9 un touriste germano-philippin a \u00e9t\u00e9 tu\u00e9 par un Fran\u00e7ais connu pour islamisme radical et atteint de troubles psychiatriques.<\/strong>\u00a0\u00ab Nous avons ouvert une enqu\u00eate \u00bb, a d\u00e9clar\u00e9 \u00e0 l\u2019AFP une porte-parole du parquet f\u00e9d\u00e9ral, bas\u00e9 \u00e0 Karlsruhe (sud-ouest) et sp\u00e9cialis\u00e9 dans les affaires de terrorisme, confirmant une information de l\u2019hebdomadaire allemand Der Spiegel.<\/p>\n\n\n\n<p>L\u2019enqu\u00eate allemande, justifi\u00e9e par la nationalit\u00e9 allemande de la victime, se d\u00e9roulera parall\u00e8lement \u00e0 l\u2019enqu\u00eate fran\u00e7aise confi\u00e9e au parquet national antiterroriste. Dimanche, le chancelier Olaf Scholz s\u2019\u00e9tait dit \u00ab boulevers\u00e9 par l\u2019attaque terroriste \u00e0 Paris qui a tu\u00e9 un Allemand et bless\u00e9 plusieurs personnes \u00bb.<\/p>\n\n\n\n<p><strong> Le point sur ce que l&rsquo;on sait ce matin<\/strong><\/p>\n\n\n\n<p>Le ministre de l\u2019Int\u00e9rieur G\u00e9rald Darmanin a estim\u00e9 lundi qu\u2019il y avait eu \u00ab&nbsp;manifestement un ratage&nbsp;\u00bb dans le suivi \u00ab&nbsp;psychiatrique&nbsp;\u00bb de l\u2019islamiste radical, auteur de l\u2019attentat mortel au couteau pr\u00e8s de la tour Eiffel samedi soir \u00e0 Paris.<\/p>\n\n\n\n<p>\u00ab&nbsp;Il y a eu manifestement un ratage psychiatrique, les m\u00e9decins ont consid\u00e9r\u00e9 \u00e0 plusieurs reprises qu\u2019il allait mieux&nbsp;\u00bb, a dit G\u00e9rald Darmanin sur BFMTV au sujet de Armand Rajabpour-Miyandoab, Franco-Iranien de 26 ans radicalis\u00e9 depuis 2015 et soumis \u00e0 une injonction de soins psychiatriques apr\u00e8s avoir purg\u00e9 une peine de prison de quatre ans pour un projet d\u2019action violente en 2016.<\/p>\n\n\n\n<p>\u00ab&nbsp;Il a \u00e9t\u00e9 suivi judiciairement et gr\u00e2ce \u00e0 ce suivi, le m\u00e9decin psychiatre a pu de nouveau faire une injonction de soins parce qu\u2019il a une maladie mentale manifestement tr\u00e8s prononc\u00e9e. Et une fois qu\u2019on a termin\u00e9 cela, la peine de prison et le suivi judiciaire et psychiatrique, il y a manifestement eu un ratage, non pas dans le suivi des services de renseignements mais (&#8230;) manifestement psychiatrique&nbsp;\u00bb, a estim\u00e9 M. Darmanin. Selon le ministre de l\u2019Int\u00e9rieur, \u00ab&nbsp;les m\u00e9decins \u00e0 plusieurs reprises ont consid\u00e9r\u00e9 qu\u2019il allait mieux, qu\u2019il \u00e9tait plus normal et qu\u2019il pouvait vivre, si j\u2019ose dire, librement&nbsp;\u00bb.<\/p>\n\n\n\n<p>Armand Rajabpour-Miyandoab a tu\u00e9 samedi soir \u00e0 coups de couteau et de marteau un touriste germano-philipin de 23 ans et bless\u00e9 l\u00e9g\u00e8rement deux autres hommes, un Fran\u00e7ais de 60 ans et un Britannique de 66 ans. Il a \u00e9t\u00e9 interpell\u00e9 imm\u00e9diatement apr\u00e8s les faits et se trouve depuis en garde \u00e0 vue dans les locaux de la section antiterroriste (SAT) de la brigade criminelle de Paris. \u00ab&nbsp;Il y a quelqu\u2019un de malade mentalement, qui ne prend plus de m\u00e9dicaments pour soigner ses d\u00e9lires et qui passe \u00e0 l\u2019acte incontestablement. Il faut r\u00e9fl\u00e9chir \u00e0 tout \u00e7a pour prot\u00e9ger les Fran\u00e7ais&nbsp;\u00bb, a insist\u00e9 le ministre de l\u2019Int\u00e9rieur.<\/p>\n\n\n\n<p>Le procureur antiterroriste Jean-Fran\u00e7ois Ricard a indiqu\u00e9 devant la presse dimanche soir que l\u2019assaillant, fich\u00e9 pour radicalisation islamiste (FSPRT), \u00e9tait \u00ab&nbsp;soumis \u00e0 une injonction de soins impliquant un suivi psychiatrique resserr\u00e9 et contr\u00f4l\u00e9 par un m\u00e9decin coordinateur&nbsp;\u00bb jusqu\u2019\u00e0 la fin de la mise \u00e0 l\u2019\u00e9preuve le 26 avril 2023, apr\u00e8s une nouvelle expertise psychiatrique.<\/p>\n\n\n\n<p>Cette nouvelle expertise avait \u00e9t\u00e9 demand\u00e9e par le Pnat au regard de \u00ab&nbsp;l\u2019\u00e9volution de certains troubles psychiatriques d\u00e9j\u00e0 relev\u00e9s lors de sa d\u00e9tention&nbsp;\u00bb, a pr\u00e9cis\u00e9 M. Ricard. La m\u00e8re de l\u2019assaillant avait signal\u00e9 fin octobre son inqui\u00e9tude concernant le comportement de son fils, qui \u00ab&nbsp;se refermait sur lui-m\u00eame&nbsp;\u00bb, selon le procureur.<\/p>\n\n\n\n<p>Les services de police avaient alors tent\u00e9 de le faire examiner par un m\u00e9decin et hospitaliser d\u2019office, chose finalement impossible en l\u2019absence de troubles, selon une source proche du dossier \u00e0 l\u2019AFP. Sa m\u00e8re, en outre, ne voulait pas demander son hospitalisation forc\u00e9e. Quelques jours apr\u00e8s son signalement, elle avait assur\u00e9 qu\u2019il \u00ab&nbsp;allait mieux&nbsp;\u00bb, toujours d\u2019apr\u00e8s la m\u00eame source<\/p>\n","protected":false},"excerpt":{"rendered":"<p>L\u2019auteur de l\u2019attaque mortelle au couteau samedi pr\u00e8s de la Tour Eiffel \u00ab&nbsp;assume et revendique totalement son geste&nbsp;\u00bb lors de sa garde \u00e0 vue toujours en cours lundi, et \u00ab&nbsp;tout laisse \u00e0 penser&nbsp;\u00bb qu\u2019il a \u00ab&nbsp;agi seul&nbsp;\u00bb, selon une source proche de l\u2019enqu\u00eate. Armand Rajabpour-Miyandoab, Franco-Iranien de 26 ans, dit avoir agi en \u00ab&nbsp;r\u00e9action \u00e0 [&hellip;]<\/p>\n","protected":false},"author":2,"featured_media":26305,"comment_status":"open","ping_status":"open","sticky":false,"template":"","format":"standard","meta":{"_jetpack_memberships_contains_paid_content":false,"footnotes":"","jetpack_publicize_message":"","jetpack_publicize_feature_enabled":true,"jetpack_social_post_already_shared":true,"jetpack_social_options":{"image_generator_settings":{"template":"highway","default_image_id":0,"font":"","enabled":false},"version":2},"_wpas_customize_per_network":false},"categories":[405],"tags":[],"class_list":["post-26304","post","type-post","status-publish","format-standard","has-post-thumbnail","hentry","category-actu-france-monde"],"jetpack_publicize_connections":[],"jetpack_featured_media_url":"https:\/\/i0.wp.com\/www.iceagetv.com\/radiosite\/wp-content\/uploads\/2023\/12\/Lauteur-de-lattaque-mortelle.jpg?fit=679%2C293&ssl=1","jetpack_sharing_enabled":true,"_links":{"self":[{"href":"https:\/\/www.iceagetv.com\/radiosite\/wp-json\/wp\/v2\/posts\/26304","targetHints":{"allow":["GET"]}}],"collection":[{"href":"https:\/\/www.iceagetv.com\/radiosite\/wp-json\/wp\/v2\/posts"}],"about":[{"href":"https:\/\/www.iceagetv.com\/radiosite\/wp-json\/wp\/v2\/types\/post"}],"author":[{"embeddable":true,"href":"https:\/\/www.iceagetv.com\/radiosite\/wp-json\/wp\/v2\/users\/2"}],"replies":[{"embeddable":true,"href":"https:\/\/www.iceagetv.com\/radiosite\/wp-json\/wp\/v2\/comments?post=26304"}],"version-history":[{"count":1,"href":"https:\/\/www.iceagetv.com\/radiosite\/wp-json\/wp\/v2\/posts\/26304\/revisions"}],"predecessor-version":[{"id":26306,"href":"https:\/\/www.iceagetv.com\/radiosite\/wp-json\/wp\/v2\/posts\/26304\/revisions\/26306"}],"wp:featuredmedia":[{"embeddable":true,"href":"https:\/\/www.iceagetv.com\/radiosite\/wp-json\/wp\/v2\/media\/26305"}],"wp:attachment":[{"href":"https:\/\/www.iceagetv.com\/radiosite\/wp-json\/wp\/v2\/media?parent=26304"}],"wp:term":[{"taxonomy":"category","embeddable":true,"href":"https:\/\/www.iceagetv.com\/radiosite\/wp-json\/wp\/v2\/categories?post=26304"},{"taxonomy":"post_tag","embeddable":true,"href":"https:\/\/www.iceagetv.com\/radiosite\/wp-json\/wp\/v2\/tags?post=26304"}],"curies":[{"name":"wp","href":"https:\/\/api.w.org\/{rel}","templated":true}]}}