{"id":26314,"date":"2023-12-05T15:10:46","date_gmt":"2023-12-05T15:10:46","guid":{"rendered":"https:\/\/www.iceagetv.com\/radiosite\/?p=26314"},"modified":"2023-12-05T15:10:46","modified_gmt":"2023-12-05T15:10:46","slug":"redoublement-brevet-groupes-de-niveaux-ce-quil-faut-retenir-des-annonces-dattal-pour-les-colleges-et-lycees","status":"publish","type":"post","link":"https:\/\/www.iceagetv.com\/radiosite\/redoublement-brevet-groupes-de-niveaux-ce-quil-faut-retenir-des-annonces-dattal-pour-les-colleges-et-lycees\/","title":{"rendered":"REDOUBLEMENT, BREVET, GROUPES DE NIVEAUX&#8230; CE QU&rsquo;IL FAUT RETENIR DES ANNONCES D&rsquo;ATTAL POUR LES COLL\u00c8GES ET LYC\u00c9ES"},"content":{"rendered":"\n<p>Le ministre de l&rsquo;\u00c9ducation nationale Gabriel Attal a d\u00e9voil\u00e9 ce mardi une longue s\u00e9rie de mesures qui cherchent \u00e0 relever drastiquement le niveau des coll\u00e9giens et des lyc\u00e9ens, notamment en fran\u00e7ais et en math\u00e9matiques.<\/p>\n\n\n\n<p>Alors qu&rsquo;un&nbsp;<a href=\"https:\/\/www.bfmtv.com\/societe\/education\/rapport-pisa-baisse-inedite-du-niveau-des-eleves-francais-en-mathematiques_AN-202312050036.html\">nouveau rapport Pisa alerte sur le niveau des \u00e9l\u00e8ves Fran\u00e7ais<\/a>, le ministre de l&rsquo;\u00c9ducation a pr\u00e9sent\u00e9 ce mardi 5 d\u00e9cembre son plan de r\u00e9forme du syst\u00e8me \u00e9ducatif, un \u00e9lectrochoc \u00e0 tous les \u00e9tages de l&rsquo;\u00e9cole\u00a0\u00bb.<\/p>\n\n\n\n<p>Gabriel Attal a affich\u00e9 la volont\u00e9 d&rsquo;une \u00e9cole \u00ab\u00a0plus exigeante\u00a0\u00bb et \u00ab\u00a0synonyme d&rsquo;efforts\u00a0\u00bb pour les \u00e9l\u00e8ves. Il a \u00e9galement ambitionn\u00e9 un r\u00e9tablissement de \u00ab\u00a0l&rsquo;autorit\u00e9 p\u00e9dagogique\u00a0\u00bb. Groupes de niveaux, examens \u00ab\u00a0plus difficiles\u00a0\u00bb&#8230; Voici ce qu&rsquo;il faut retenir de ce plan pour un \u00ab\u00a0choc des savoirs\u00a0\u00bb.<\/p>\n\n\n\n<h2 class=\"wp-block-heading\">Sur le redoublement, les familles n&rsquo;auront \u00ab\u00a0plus le dernier mot\u00a0\u00bb<\/h2>\n\n\n\n<p>Ce sera d\u00e9sormais \u00ab\u00a0l&rsquo;\u00e9quipe p\u00e9dagogique\u00a0\u00bb et les professeurs, et non plus les familles, qui auront \u00ab\u00a0le dernier mot s&rsquo;agissant\u00a0\u00bb du redoublement de l&rsquo;\u00e9l\u00e8ve. \u00ab\u00a0D\u00e8s le premier trimestre de l\u2019ann\u00e9e 2024, je publierai un d\u00e9cret qui rendra \u00e0 l\u2019\u00e9quipe p\u00e9dagogique &#8211; et non plus aux familles &#8211; le dernier mot s\u2019agissant du redoublement de l\u2019\u00e9l\u00e8ve\u00a0\u00bb, a pr\u00e9cis\u00e9 Gabriel Attal.<\/p>\n\n\n\n<p>Deux cas de figure seront possibles. Soit l&rsquo;\u00e9l\u00e8ve pr\u00e9sente un niveau en dessous des attentes mais peut profiter d&rsquo;un \u00ab\u00a0tutorat pendant les vacances scolaires\u00a0\u00bb, des stages qui existent d\u00e9j\u00e0 l&rsquo;\u00e9t\u00e9 et lui permettent de poursuivre si la remise \u00e0 niveau est suffisante. Dans l&rsquo;autre cas, pour des \u00e9l\u00e8ves \u00ab\u00a0en tr\u00e8s grande difficult\u00e9\u00a0\u00bb, le redoublement sera exig\u00e9 sans rep\u00eachage.<\/p>\n\n\n\n<p>Interdit en maternelle, d\u00e9courag\u00e9 et soumis \u00e0 l&rsquo;approbation des parents en primaire,&nbsp;<strong><a href=\"https:\/\/www.bfmtv.com\/societe\/education\/peut-on-s-opposer-au-redoublement-de-son-enfant_AN-202206240311.html\">le redoublement est en baisse constante dans le secondaire<\/a><\/strong>. En 2020, on n&rsquo;a compt\u00e9 que 0,7% de redoublants parmi les effectifs de 6e, 0,5% en 5e, 0,4% en 4e et 2% en 3e.&nbsp;<\/p>\n\n\n\n<p>La mesure du redoublement ne fait pas l&rsquo;unanimit\u00e9 au sein de la communaut\u00e9 \u00e9ducative. Selon&nbsp;<strong><a href=\"https:\/\/www.cnesco.fr\/redoublement\/effets-du-redoublement-et-croyances\/\" target=\"_blank\" rel=\"noreferrer noopener\">le Centre national d&rsquo;\u00e9tude des syst\u00e8mes scolaires<\/a><\/strong>, une instance ind\u00e9pendante, \u00ab\u00a0dans la majorit\u00e9 des \u00e9tudes, le redoublement n&rsquo;a pas d\u2019effet sur les performances scolaires \u00e0 long terme\u00a0\u00bb. Il a \u00ab\u00a0en revanche, toujours un effet n\u00e9gatif sur les trajectoires scolaires et demeure le meilleur d\u00e9terminant du d\u00e9crochage\u00a0\u00bb.<\/p>\n\n\n\n<blockquote class=\"wp-block-quote is-layout-flow wp-block-quote-is-layout-flow\">\n<p>\u00ab\u00a0Il vaut mieux faire sa primaire en 6 ans que de rater au coll\u00e8ge\u00a0\u00bb, a jug\u00e9 Gabriel Attal.<\/p>\n<\/blockquote>\n\n\n\n<h2 class=\"wp-block-heading\">\u2022 Vers un brevet plus difficile et obligatoire pour acc\u00e9der au lyc\u00e9e<\/h2>\n\n\n\n<p>Gabriel Attal a annonc\u00e9 mettre fin au \u00ab\u00a0correctif acad\u00e9mique qui r\u00e9\u00e9value artificiellement\u00a0\u00bb&nbsp;<a href=\"https:\/\/www.bfmtv.com\/societe\/education\/le-brevet-va-devenir-plus-dur-et-indispensable-pour-acceder-directement-au-lycee_AN-202312050444.html\">les notes du brevet<\/a>. \u00ab\u00a0Les \u00e9preuves terminales repr\u00e9senteront 60% de la note finale, au lieu de 50% aujourd\u2019hui\u00a0\u00bb, peut-on lire dans son courrier \u00e0 la communaut\u00e9 \u00e9ducative.<\/p>\n\n\n\n<p>Le dipl\u00f4me du brevet conditionnera d\u00e9sormais l&rsquo;acc\u00e8s direct au lyc\u00e9e. Les \u00e9l\u00e8ves en difficult\u00e9 et qui n&rsquo;obtiendront pas leur brevet ne feront pas leur entr\u00e9e&nbsp;en&nbsp;seconde&nbsp;l\u2019ann\u00e9e suivante, \u00ab\u00a0mais rejoindront une classe &lsquo;pr\u00e9pa-lyc\u00e9e&rsquo; pour consolider leur niveau\u00a0\u00bb, avait ajout\u00e9 le ministre, sans plus de d\u00e9tail, avant la pr\u00e9sentation compl\u00e8te de son plan en d\u00e9but d&rsquo;apr\u00e8s-midi. Un dispositif dont les contours n&rsquo;ont pas encore \u00e9t\u00e9 pr\u00e9cis\u00e9s.<\/p>\n","protected":false},"excerpt":{"rendered":"<p>Le ministre de l&rsquo;\u00c9ducation nationale Gabriel Attal a d\u00e9voil\u00e9 ce mardi une longue s\u00e9rie de mesures qui cherchent \u00e0 relever drastiquement le niveau des coll\u00e9giens et des lyc\u00e9ens, notamment en fran\u00e7ais et en math\u00e9matiques. Alors qu&rsquo;un&nbsp;nouveau rapport Pisa alerte sur le niveau des \u00e9l\u00e8ves Fran\u00e7ais, le ministre de l&rsquo;\u00c9ducation a pr\u00e9sent\u00e9 ce mardi 5 d\u00e9cembre [&hellip;]<\/p>\n","protected":false},"author":2,"featured_media":26315,"comment_status":"open","ping_status":"open","sticky":false,"template":"","format":"standard","meta":{"_jetpack_memberships_contains_paid_content":false,"footnotes":"","jetpack_publicize_message":"","jetpack_publicize_feature_enabled":true,"jetpack_social_post_already_shared":true,"jetpack_social_options":{"image_generator_settings":{"template":"highway","default_image_id":0,"font":"","enabled":false},"version":2},"_wpas_customize_per_network":false},"categories":[405],"tags":[],"class_list":["post-26314","post","type-post","status-publish","format-standard","has-post-thumbnail","hentry","category-actu-france-monde"],"jetpack_publicize_connections":[],"jetpack_featured_media_url":"https:\/\/i0.wp.com\/www.iceagetv.com\/radiosite\/wp-content\/uploads\/2023\/12\/CE-QUIL-FAUT-RETENIR-DES-ANNONCES-DATTAL.jpg?fit=720%2C900&ssl=1","jetpack_sharing_enabled":true,"_links":{"self":[{"href":"https:\/\/www.iceagetv.com\/radiosite\/wp-json\/wp\/v2\/posts\/26314","targetHints":{"allow":["GET"]}}],"collection":[{"href":"https:\/\/www.iceagetv.com\/radiosite\/wp-json\/wp\/v2\/posts"}],"about":[{"href":"https:\/\/www.iceagetv.com\/radiosite\/wp-json\/wp\/v2\/types\/post"}],"author":[{"embeddable":true,"href":"https:\/\/www.iceagetv.com\/radiosite\/wp-json\/wp\/v2\/users\/2"}],"replies":[{"embeddable":true,"href":"https:\/\/www.iceagetv.com\/radiosite\/wp-json\/wp\/v2\/comments?post=26314"}],"version-history":[{"count":1,"href":"https:\/\/www.iceagetv.com\/radiosite\/wp-json\/wp\/v2\/posts\/26314\/revisions"}],"predecessor-version":[{"id":26316,"href":"https:\/\/www.iceagetv.com\/radiosite\/wp-json\/wp\/v2\/posts\/26314\/revisions\/26316"}],"wp:featuredmedia":[{"embeddable":true,"href":"https:\/\/www.iceagetv.com\/radiosite\/wp-json\/wp\/v2\/media\/26315"}],"wp:attachment":[{"href":"https:\/\/www.iceagetv.com\/radiosite\/wp-json\/wp\/v2\/media?parent=26314"}],"wp:term":[{"taxonomy":"category","embeddable":true,"href":"https:\/\/www.iceagetv.com\/radiosite\/wp-json\/wp\/v2\/categories?post=26314"},{"taxonomy":"post_tag","embeddable":true,"href":"https:\/\/www.iceagetv.com\/radiosite\/wp-json\/wp\/v2\/tags?post=26314"}],"curies":[{"name":"wp","href":"https:\/\/api.w.org\/{rel}","templated":true}]}}