{"id":26321,"date":"2023-12-06T13:15:09","date_gmt":"2023-12-06T13:15:09","guid":{"rendered":"https:\/\/www.iceagetv.com\/radiosite\/?p=26321"},"modified":"2023-12-06T13:15:09","modified_gmt":"2023-12-06T13:15:09","slug":"huit-personnes-agees-de-19-a-22-ans-en-garde-a-vue-dans-le-cadre-de-lenquete-sur-lincendie-qui-avait-fait-10-morts-dont-quatre-enfants-il-y-a-pres-dun-an-a-vaulx-en-velin-pres-de-lyon","status":"publish","type":"post","link":"https:\/\/www.iceagetv.com\/radiosite\/huit-personnes-agees-de-19-a-22-ans-en-garde-a-vue-dans-le-cadre-de-lenquete-sur-lincendie-qui-avait-fait-10-morts-dont-quatre-enfants-il-y-a-pres-dun-an-a-vaulx-en-velin-pres-de-lyon\/","title":{"rendered":"Huit personnes \u00e2g\u00e9es de 19 \u00e0 22 ans en garde \u00e0 vue dans le cadre de l&rsquo;enqu\u00eate sur l&rsquo;incendie qui avait fait 10 morts, dont quatre enfants, il y a pr\u00e8s d&rsquo;un an \u00e0 Vaulx-en-Velin, pr\u00e8s de Lyon"},"content":{"rendered":"\n<p>Huit personnes se trouvaient mercredi en garde \u00e0 vue dans le cadre de l&rsquo;enqu\u00eate sur l&rsquo;incendie qui avait fait 10 morts dont quatre enfants il y a pr\u00e8s d&rsquo;un an \u00e0 Vaulx-en-Velin, pr\u00e8s de Lyon, a-t-on appris de source judiciaire. \u00c2g\u00e9s de 19 \u00e0 22 ans, les suspects, d\u00e9j\u00e0 connus des services de police pour des faits de violence ou de trafic de stup\u00e9fiants, ont \u00e9t\u00e9 interpell\u00e9s mardi, a pr\u00e9cis\u00e9 cette source, pour laquelle il faut \u00ab\u00a0rester prudent sur les suites judiciaires donn\u00e9es \u00e0 l&rsquo;issue des auditions\u00a0\u00bb.<\/p>\n\n\n\n<p>Ils sont soup\u00e7onn\u00e9s d&rsquo;avoir r\u00e9guli\u00e8rement squatt\u00e9 le hall de l&rsquo;immeuble sinistr\u00e9, qui \u00e9tait devenu un point de deal, selon plusieurs t\u00e9moignages de riverains. Les investigations, notamment des t\u00e9moignages et des analyses de t\u00e9l\u00e9phonie, ont permis de formuler l&rsquo;hypoth\u00e8se de la pr\u00e9sence de plusieurs d&rsquo;entre eux sur les lieux du drame, le jour des faits.<\/p>\n\n\n\n<p>Dans la nuit du 15 au 16 d\u00e9cembre 2022, peu apr\u00e8s 3H00, un incendie s&rsquo;\u00e9tait d\u00e9clar\u00e9 dans cette copropri\u00e9t\u00e9 de sept \u00e9tages situ\u00e9e dans un quartier populaire en cours de r\u00e9novation urbaine. La fum\u00e9e et les flammes s&rsquo;\u00e9taient propag\u00e9es depuis le rez-de-chauss\u00e9e. Dix personnes avaient trouv\u00e9 la mort, dont quatre enfants, et 24 avaient \u00e9t\u00e9 bless\u00e9es, dont quatre gri\u00e8vement.<\/p>\n\n\n\n<p>Quelque 170 pompiers et 65 engins avaient \u00e9t\u00e9 mobilis\u00e9s pour venir \u00e0 bout de l&rsquo;incendie. Trois jours plus tard, le parquet de Lyon avait annonc\u00e9 l&rsquo;ouverture d&rsquo;une information judiciaire notamment pour \u00ab\u00a0d\u00e9gradation volontaire par incendie ayant entra\u00een\u00e9 la mort\u00a0\u00bb.<\/p>\n\n\n\n<p>Le ministre de l&rsquo;Int\u00e9rieur G\u00e9rald Darmanin, qui s&rsquo;\u00e9tait rendu sur place, avait \u00e9voqu\u00e9 l&rsquo;existence d&rsquo;un squat dans l&rsquo;immeuble et de points de deal dans la rue, tout en soulignant qu&rsquo;aucune hypoth\u00e8se n&rsquo;\u00e9tait \u00e9cart\u00e9e.<\/p>\n\n\n\n<p>La v\u00e9tust\u00e9 du b\u00e2timent, une copropri\u00e9t\u00e9 d\u00e9grad\u00e9e pour laquelle la m\u00e9tropole de Lyon avait vot\u00e9 un plan de sauvegarde, avait \u00e9galement \u00e9t\u00e9 avanc\u00e9e. Selon la source judiciaire, l\u2019hypoth\u00e8se d&rsquo;un incident \u00e9lectrique a depuis \u00e9t\u00e9 \u00e9cart\u00e9e par les experts. Le feu semble avoir d\u00e9but\u00e9 au niveau d&rsquo;un canap\u00e9 pos\u00e9 dans le hall par les squatteurs, a-t-elle pr\u00e9cis\u00e9.<\/p>\n","protected":false},"excerpt":{"rendered":"<p>Huit personnes se trouvaient mercredi en garde \u00e0 vue dans le cadre de l&rsquo;enqu\u00eate sur l&rsquo;incendie qui avait fait 10 morts dont quatre enfants il y a pr\u00e8s d&rsquo;un an \u00e0 Vaulx-en-Velin, pr\u00e8s de Lyon, a-t-on appris de source judiciaire. \u00c2g\u00e9s de 19 \u00e0 22 ans, les suspects, d\u00e9j\u00e0 connus des services de police pour [&hellip;]<\/p>\n","protected":false},"author":2,"featured_media":26322,"comment_status":"open","ping_status":"open","sticky":false,"template":"","format":"standard","meta":{"_jetpack_memberships_contains_paid_content":false,"footnotes":"","jetpack_publicize_message":"","jetpack_publicize_feature_enabled":true,"jetpack_social_post_already_shared":true,"jetpack_social_options":{"image_generator_settings":{"template":"highway","default_image_id":0,"font":"","enabled":false},"version":2},"_wpas_customize_per_network":false},"categories":[405],"tags":[],"class_list":["post-26321","post","type-post","status-publish","format-standard","has-post-thumbnail","hentry","category-actu-france-monde"],"jetpack_publicize_connections":[],"jetpack_featured_media_url":"https:\/\/i0.wp.com\/www.iceagetv.com\/radiosite\/wp-content\/uploads\/2023\/12\/Huit-personnes-agees-de-19-a-22-ans-en-garde-a-vue-dans-le-cadre-de-lenquete-sur-lincendie-qui-avait-fait-10-morts.jpg?fit=679%2C293&ssl=1","jetpack_sharing_enabled":true,"_links":{"self":[{"href":"https:\/\/www.iceagetv.com\/radiosite\/wp-json\/wp\/v2\/posts\/26321","targetHints":{"allow":["GET"]}}],"collection":[{"href":"https:\/\/www.iceagetv.com\/radiosite\/wp-json\/wp\/v2\/posts"}],"about":[{"href":"https:\/\/www.iceagetv.com\/radiosite\/wp-json\/wp\/v2\/types\/post"}],"author":[{"embeddable":true,"href":"https:\/\/www.iceagetv.com\/radiosite\/wp-json\/wp\/v2\/users\/2"}],"replies":[{"embeddable":true,"href":"https:\/\/www.iceagetv.com\/radiosite\/wp-json\/wp\/v2\/comments?post=26321"}],"version-history":[{"count":1,"href":"https:\/\/www.iceagetv.com\/radiosite\/wp-json\/wp\/v2\/posts\/26321\/revisions"}],"predecessor-version":[{"id":26323,"href":"https:\/\/www.iceagetv.com\/radiosite\/wp-json\/wp\/v2\/posts\/26321\/revisions\/26323"}],"wp:featuredmedia":[{"embeddable":true,"href":"https:\/\/www.iceagetv.com\/radiosite\/wp-json\/wp\/v2\/media\/26322"}],"wp:attachment":[{"href":"https:\/\/www.iceagetv.com\/radiosite\/wp-json\/wp\/v2\/media?parent=26321"}],"wp:term":[{"taxonomy":"category","embeddable":true,"href":"https:\/\/www.iceagetv.com\/radiosite\/wp-json\/wp\/v2\/categories?post=26321"},{"taxonomy":"post_tag","embeddable":true,"href":"https:\/\/www.iceagetv.com\/radiosite\/wp-json\/wp\/v2\/tags?post=26321"}],"curies":[{"name":"wp","href":"https:\/\/api.w.org\/{rel}","templated":true}]}}