{"id":26330,"date":"2023-12-07T14:59:07","date_gmt":"2023-12-07T14:59:07","guid":{"rendered":"https:\/\/www.iceagetv.com\/radiosite\/?p=26330"},"modified":"2023-12-07T14:59:07","modified_gmt":"2023-12-07T14:59:07","slug":"on-vous-explique-le-conflit-entre-le-venezuela-et-le-guyana-autour-de-la-region-de-lessequibo","status":"publish","type":"post","link":"https:\/\/www.iceagetv.com\/radiosite\/on-vous-explique-le-conflit-entre-le-venezuela-et-le-guyana-autour-de-la-region-de-lessequibo\/","title":{"rendered":"On vous explique le conflit entre le Venezuela et le Guyana autour de la r\u00e9gion de l&rsquo;Essequibo"},"content":{"rendered":"\n<p>La tension monte entre le Guyana et le Venezuela. Alors que le pr\u00e9sident v\u00e9n\u00e9zu\u00e9lien Nicolas Maduro a ordonn\u00e9&nbsp;<a href=\"https:\/\/www.francetvinfo.fr\/monde\/venezuela\/venezuela-nicolas-maduro-propose-une-loi-pour-creer-une-province-dans-la-region-petroliere-d-essequibo-controlee-par-le-guyana-voisin_6226029.html\">l&rsquo;octroi de licences p\u00e9troli\u00e8res dans l&rsquo;Essequibo<\/a>, r\u00e9gion pourtant sous administration du Guyana, son homologue&nbsp;guyanien, Irfaan Ali, a estim\u00e9, mardi 5 d\u00e9cembre, que ces d\u00e9clarations constituaient&nbsp;<em>\u00ab\u00a0une menace directe\u00a0\u00bb&nbsp;<\/em>envers son pays<em>.<\/em><\/p>\n\n\n\n<p>Plus t\u00f4t, pour tenter de calmer la situation, la Cour internationale de justice avait ordonn\u00e9 au gouvernement v\u00e9n\u00e9zu\u00e9lien de<em>&nbsp;\u00ab\u00a0s&rsquo;abstenir de toute action susceptible de modifier la situation\u00a0\u00bb&nbsp;<\/em>dans l&rsquo;Essequibo et aux deux parties de&nbsp;<em>\u00ab\u00a0s&rsquo;abstenir de toute action susceptible d&rsquo;aggraver ou d&rsquo;\u00e9tendre le diff\u00e9rend\u00a0\u00bb<\/em>. Des d\u00e9clarations qui sonnent comme un v\u0153u pieux, le Venezuela ne reconnaissant pas la comp\u00e9tence de plus haute instance judiciaire de l&rsquo;ONU dans cette affaire. Franceinfo vous explique le conflit autour de territoire riche en mati\u00e8res premi\u00e8res.<\/p>\n\n\n\n<h2 class=\"wp-block-heading\">Un territoire de 160&nbsp;000&nbsp;km\u00b2 en jeu<\/h2>\n\n\n\n<p>L&rsquo;Essequibo (parfois appel\u00e9 Guayana Esequiba) est un territoire de 160\u00a0000\u00a0km\u00b2 situ\u00e9 entre les deux fronti\u00e8res en pointill\u00e9s ci-dessous. Sous administration guyanienne, il repr\u00e9sente plus des deux tiers du Guyana et 125\u00a0000 personnes y vivent, ce qui repr\u00e9sente un cinqui\u00e8me de la population du pays.<\/p>\n\n\n\n<p>Le Venezuela revendique cette r\u00e9gion depuis des d\u00e9cennies. Caracas soutient en effet que le fleuve Essequibo, qui longe la r\u00e9gion par l&rsquo;est, constitue sa fronti\u00e8re naturelle, comme \u00e0 l&rsquo;\u00e9poque de l&#8217;empire espagnol. Le Guyana estime, de son c\u00f4t\u00e9, que la v\u00e9ritable fronti\u00e8re remonte \u00e0 l&rsquo;\u00e9poque coloniale anglaise et a \u00e9t\u00e9 ent\u00e9rin\u00e9e en 1899.<\/p>\n\n\n\n<h2 class=\"wp-block-heading\">Une zone riche en p\u00e9trole<\/h2>\n\n\n\n<p>L&rsquo;Essequibo fait l&rsquo;objet de toutes les convoitises, notamment car il est riche en p\u00e9trole. En effet, la revendication du Venezuela est devenue encore plus pressante depuis la d\u00e9couverte d&rsquo;or noir dans la r\u00e9gion par l&rsquo;entreprise ExxonMobil en 2015. Une nouvelle d\u00e9couverte a eu lieu en octobre sur le territoire, ajoutant aux r\u00e9serves du Guyana au moins dix milliards de barils, soit plus que celles du Kowe\u00eft.<\/p>\n\n\n\n<p>Avec ces r\u00e9centes trouvailles, le Guyana dispose d\u00e9sormais des plus grandes r\u00e9serves de p\u00e9trole par habitant au monde. Le Venezuela poss\u00e8de pour sa part la plus importante r\u00e9serve exploitable de la plan\u00e8te en valeur absolue. Par ailleurs, l&rsquo;Essequibo rec\u00e8le d&rsquo;autres richesses mini\u00e8res, comme l\u2019or et la bauxite,&nbsp;<a href=\"https:\/\/la1ere.francetvinfo.fr\/guyane\/conteste-venezuela-guyana-essequebo-le-referendum-venezuelien-tourne-au-plebiscite-1448207.html\" target=\"_blank\" rel=\"noreferrer noopener\">rappelle Guyane La 1ere<\/a>.<\/p>\n\n\n\n<h2 class=\"wp-block-heading\">Un r\u00e9f\u00e9rendum qui a raviv\u00e9 les tensions<\/h2>\n\n\n\n<p>Les tensions sont mont\u00e9es d&rsquo;un cran ces derniers jours, apr\u00e8s l&rsquo;organisation par le Venezuela&nbsp;<a href=\"https:\/\/www.francetvinfo.fr\/monde\/ameriques\/venezuela-la-population-vote-largement-pour-l-integration-de-la-region-petroliere-d-essequibo-en-dispute-avec-le-guyana_6222549.html\">d&rsquo;un r\u00e9f\u00e9rendum consultatif<\/a>, dimanche 3 d\u00e9cembre, portant sur le statut de l&rsquo;Essequibo. Selon les chiffres officiels \u2013&nbsp;contest\u00e9s par de nombreux observateurs&nbsp;\u2013 quelque 10,4 millions d&rsquo;\u00e9lecteurs v\u00e9n\u00e9zu\u00e9liens y ont particip\u00e9 et 95% se sont dits favorables \u00e0 l&rsquo;int\u00e9gration de la zone \u00e0 leur pays.&nbsp;<em>\u00ab\u00a0Cette d\u00e9marche semble en partie motiv\u00e9e par la volont\u00e9 de d\u00e9tourner l&rsquo;attention des probl\u00e8mes politiques&nbsp;<\/em>[de Nicolas Maduro]&nbsp;<em>dans son pays, en attisant la ferveur nationaliste\u00a0\u00bb<\/em>, a comment\u00e9 le&nbsp;<em><a href=\"https:\/\/www.nytimes.com\/2023\/12\/03\/world\/americas\/maduro-vote-essequibo-guyana.html\" target=\"_blank\" rel=\"noreferrer noopener\">New York Times<\/a><\/em>.<\/p>\n\n\n\n<p>Surfant sur cette&nbsp;<em>\u00ab\u00a0victoire\u00a0\u00bb<\/em>, comme il s&rsquo;en est f\u00e9licit\u00e9&nbsp;<a href=\"https:\/\/x.com\/NicolasMaduro\/status\/1731526717192155551?s=20\" target=\"_blank\" rel=\"noreferrer noopener\">sur X<\/a>&nbsp;(anciennement Twitter), le pr\u00e9sident v\u00e9n\u00e9zu\u00e9lien a ordonn\u00e9 mardi au g\u00e9ant public p\u00e9trolier PDVSA d&rsquo;accorder des licences d&rsquo;exploitation de p\u00e9trole et gaz dans cette r\u00e9gion. Il a \u00e9galement propos\u00e9 que le pays se dote d&rsquo;une loi sp\u00e9ciale interdisant la signature de contrats avec des entreprises travaillant dans le secteur en vertu de concessions accord\u00e9es par le Guyana. Nicolas Maduro a \u00e9voqu\u00e9 un d\u00e9lai de trois mois donn\u00e9 \u00e0 ces soci\u00e9t\u00e9s pour se retirer d&rsquo;une zone<em>&nbsp;\u00ab\u00a0\u00e0 d\u00e9limiter\u00a0\u00bb<\/em>, en se disant toutefois&nbsp;<em>\u00ab\u00a0ouvert \u00e0 la discussion\u00a0\u00bb<\/em>.<\/p>\n\n\n\n<p>Il a aussi demand\u00e9 que soit promulgu\u00e9e une loi pour cr\u00e9er la province du Guayana Esequiba, qu&rsquo;un recensement y soit conduit et que des cartes d&rsquo;identit\u00e9 v\u00e9n\u00e9zu\u00e9liennes soient d\u00e9livr\u00e9es aux habitants. Le pr\u00e9sident v\u00e9n\u00e9zu\u00e9lien a n\u00e9anmoins appel\u00e9 \u00e0&nbsp;<em>\u00ab\u00a0un accord diplomatique, juste, satisfaisant pour les parties et amical\u00a0\u00bb&nbsp;<\/em>tout en affirmant que son pays allait&nbsp;<em>\u00ab\u00a0r\u00e9cup\u00e9rer\u00a0\u00bb&nbsp;<\/em>l&rsquo;Essequibo.<\/p>\n\n\n\n<p>Au Guyana, la population s&rsquo;est rassembl\u00e9e pour d\u00e9fendre&nbsp;<em>\u00ab\u00a0l&rsquo;int\u00e9grit\u00e9 territoriale\u00a0\u00bb<\/em>&nbsp;du pays. Le pr\u00e9sident Irfaan Ali a prononc\u00e9 une allocution exceptionnelle \u00e0 la nation mardi en fin de soir\u00e9e, retransmise&nbsp;<a href=\"https:\/\/fb.watch\/oLUsx183H4\/\" target=\"_blank\" rel=\"noreferrer noopener\">sur les r\u00e9seaux sociaux<\/a>.<\/p>\n","protected":false},"excerpt":{"rendered":"<p>La tension monte entre le Guyana et le Venezuela. Alors que le pr\u00e9sident v\u00e9n\u00e9zu\u00e9lien Nicolas Maduro a ordonn\u00e9&nbsp;l&rsquo;octroi de licences p\u00e9troli\u00e8res dans l&rsquo;Essequibo, r\u00e9gion pourtant sous administration du Guyana, son homologue&nbsp;guyanien, Irfaan Ali, a estim\u00e9, mardi 5 d\u00e9cembre, que ces d\u00e9clarations constituaient&nbsp;\u00ab\u00a0une menace directe\u00a0\u00bb&nbsp;envers son pays. Plus t\u00f4t, pour tenter de calmer la situation, la [&hellip;]<\/p>\n","protected":false},"author":2,"featured_media":26331,"comment_status":"open","ping_status":"open","sticky":false,"template":"","format":"standard","meta":{"_jetpack_memberships_contains_paid_content":false,"footnotes":"","jetpack_publicize_message":"","jetpack_publicize_feature_enabled":true,"jetpack_social_post_already_shared":true,"jetpack_social_options":{"image_generator_settings":{"template":"highway","default_image_id":0,"font":"","enabled":false},"version":2},"_wpas_customize_per_network":false},"categories":[405],"tags":[],"class_list":["post-26330","post","type-post","status-publish","format-standard","has-post-thumbnail","hentry","category-actu-france-monde"],"jetpack_publicize_connections":[],"jetpack_featured_media_url":"https:\/\/i0.wp.com\/www.iceagetv.com\/radiosite\/wp-content\/uploads\/2023\/12\/conflit-entre-le-Venezuela-et-le-Guyana-autour-de-la-region-de-lEssequibo.jpg?fit=730%2C401&ssl=1","jetpack_sharing_enabled":true,"_links":{"self":[{"href":"https:\/\/www.iceagetv.com\/radiosite\/wp-json\/wp\/v2\/posts\/26330","targetHints":{"allow":["GET"]}}],"collection":[{"href":"https:\/\/www.iceagetv.com\/radiosite\/wp-json\/wp\/v2\/posts"}],"about":[{"href":"https:\/\/www.iceagetv.com\/radiosite\/wp-json\/wp\/v2\/types\/post"}],"author":[{"embeddable":true,"href":"https:\/\/www.iceagetv.com\/radiosite\/wp-json\/wp\/v2\/users\/2"}],"replies":[{"embeddable":true,"href":"https:\/\/www.iceagetv.com\/radiosite\/wp-json\/wp\/v2\/comments?post=26330"}],"version-history":[{"count":1,"href":"https:\/\/www.iceagetv.com\/radiosite\/wp-json\/wp\/v2\/posts\/26330\/revisions"}],"predecessor-version":[{"id":26332,"href":"https:\/\/www.iceagetv.com\/radiosite\/wp-json\/wp\/v2\/posts\/26330\/revisions\/26332"}],"wp:featuredmedia":[{"embeddable":true,"href":"https:\/\/www.iceagetv.com\/radiosite\/wp-json\/wp\/v2\/media\/26331"}],"wp:attachment":[{"href":"https:\/\/www.iceagetv.com\/radiosite\/wp-json\/wp\/v2\/media?parent=26330"}],"wp:term":[{"taxonomy":"category","embeddable":true,"href":"https:\/\/www.iceagetv.com\/radiosite\/wp-json\/wp\/v2\/categories?post=26330"},{"taxonomy":"post_tag","embeddable":true,"href":"https:\/\/www.iceagetv.com\/radiosite\/wp-json\/wp\/v2\/tags?post=26330"}],"curies":[{"name":"wp","href":"https:\/\/api.w.org\/{rel}","templated":true}]}}