{"id":26367,"date":"2023-12-11T19:28:32","date_gmt":"2023-12-11T19:28:32","guid":{"rendered":"https:\/\/www.iceagetv.com\/radiosite\/?p=26367"},"modified":"2023-12-11T19:28:32","modified_gmt":"2023-12-11T19:28:32","slug":"loi-immigration-gerald-darmanin-reconnait-un-echec-sur-tf1-jai-presente-ma-demission-au-president-de-la-republique-qui-la-refusee-le-texte-ne-sera-pas-retire-malgre-la-motion-de-rejet","status":"publish","type":"post","link":"https:\/\/www.iceagetv.com\/radiosite\/loi-immigration-gerald-darmanin-reconnait-un-echec-sur-tf1-jai-presente-ma-demission-au-president-de-la-republique-qui-la-refusee-le-texte-ne-sera-pas-retire-malgre-la-motion-de-rejet\/","title":{"rendered":"Loi immigration : G\u00e9rald Darmanin reconna\u00eet un \u00e9chec sur TF1 : \u00ab\u00a0J&rsquo;ai pr\u00e9sent\u00e9, ma d\u00e9mission au Pr\u00e9sident de la R\u00e9publique, qui l&rsquo;a refus\u00e9e. Le texte ne sera pas retir\u00e9 malgr\u00e9 la motion de rejet"},"content":{"rendered":"\n<p><strong>G\u00e9rald Darmanin est ce soir sur TF1 et il&nbsp;parle d&rsquo;un&nbsp;\u00ab\u00a0\u00e9chec\u00a0\u00bb&nbsp;et d\u00e9plore une alliance entre&nbsp;\u00ab\u00a0LFI et le RN\u00a0\u00bb&nbsp;: \u00ab\u00a0J&rsquo;ai pr\u00e9sent\u00e9 ma d\u00e9mission il y a quelques instants au Pr\u00e9sident de la R\u00e9publique qui l&rsquo;a refus\u00e9e. Je suis un homme d&rsquo;honneur et je trouve normal de l&rsquo;avoir fait.<\/strong><\/p>\n\n\n\n<p>Le texte ne sera pas retir\u00e9 malgr\u00e9 la motion de rejets.&nbsp;Ce texte va continuer son chemin constitutionnel. Je suis \u00e0 la disposition du pr\u00e9sident de la R\u00e9publique.<\/p>\n\n\n\n<p>Voir des LR faire la b\u00e9quille du RN, \u00e7a fait mal \u00e0 tous les \u00e9lecteurs R\u00e9publicains. Aujourd&rsquo;hui la majorit\u00e9 des d\u00e9put\u00e9s ne repr\u00e9sente par la majorit\u00e9 de l&rsquo;opinion. L&rsquo;opinion soutenait ce texte.\u00a0Les R\u00e9publicains ont choisi de faire la politique du pire.\u00a0Selon l&rsquo;\u00c9lys\u00e9e, Emmanuel Macron a demand\u00e9 \u00e0 \u00c9lisabeth Borne et G\u00e9rald Darmanin \u00ab\u00a0de lui faire des propositions pour avancer en levant ce blocage et aboutir \u00e0 un texte de loi efficace\u00a0\u00bb.<strong>Marine Le Pen s&rsquo;exprime apr\u00e8s le vote de la motion de rejet :\u00a0\u00ab\u00a0Nous sommes ravis que cette motion de rejet ait abouti.\u00a0\u00bb\u00a0La pr\u00e9sidente du groupe RN annonce le d\u00e9p\u00f4t, demain, d&rsquo;une proposition de loi pour\u00a0\u00ab\u00a0faciliter l&rsquo;expulsion des d\u00e9linquants \u00e9trangers\u00a0\u00bb.\u00a0\u00ab\u00a0Cette loi \u00e9tait une loi pro-immigration\u00a0\u00bb, a-t-elle lanc\u00e9<\/strong><\/p>\n","protected":false},"excerpt":{"rendered":"<p>G\u00e9rald Darmanin est ce soir sur TF1 et il&nbsp;parle d&rsquo;un&nbsp;\u00ab\u00a0\u00e9chec\u00a0\u00bb&nbsp;et d\u00e9plore une alliance entre&nbsp;\u00ab\u00a0LFI et le RN\u00a0\u00bb&nbsp;: \u00ab\u00a0J&rsquo;ai pr\u00e9sent\u00e9 ma d\u00e9mission il y a quelques instants au Pr\u00e9sident de la R\u00e9publique qui l&rsquo;a refus\u00e9e. Je suis un homme d&rsquo;honneur et je trouve normal de l&rsquo;avoir fait. Le texte ne sera pas retir\u00e9 malgr\u00e9 la motion [&hellip;]<\/p>\n","protected":false},"author":2,"featured_media":26368,"comment_status":"open","ping_status":"open","sticky":false,"template":"","format":"standard","meta":{"_jetpack_memberships_contains_paid_content":false,"footnotes":"","jetpack_publicize_message":"","jetpack_publicize_feature_enabled":true,"jetpack_social_post_already_shared":true,"jetpack_social_options":{"image_generator_settings":{"template":"highway","default_image_id":0,"font":"","enabled":false},"version":2},"_wpas_customize_per_network":false},"categories":[405],"tags":[],"class_list":["post-26367","post","type-post","status-publish","format-standard","has-post-thumbnail","hentry","category-actu-france-monde"],"jetpack_publicize_connections":[],"jetpack_featured_media_url":"https:\/\/i0.wp.com\/www.iceagetv.com\/radiosite\/wp-content\/uploads\/2023\/12\/Loi-immigration.jpg?fit=679%2C293&ssl=1","jetpack_sharing_enabled":true,"_links":{"self":[{"href":"https:\/\/www.iceagetv.com\/radiosite\/wp-json\/wp\/v2\/posts\/26367","targetHints":{"allow":["GET"]}}],"collection":[{"href":"https:\/\/www.iceagetv.com\/radiosite\/wp-json\/wp\/v2\/posts"}],"about":[{"href":"https:\/\/www.iceagetv.com\/radiosite\/wp-json\/wp\/v2\/types\/post"}],"author":[{"embeddable":true,"href":"https:\/\/www.iceagetv.com\/radiosite\/wp-json\/wp\/v2\/users\/2"}],"replies":[{"embeddable":true,"href":"https:\/\/www.iceagetv.com\/radiosite\/wp-json\/wp\/v2\/comments?post=26367"}],"version-history":[{"count":1,"href":"https:\/\/www.iceagetv.com\/radiosite\/wp-json\/wp\/v2\/posts\/26367\/revisions"}],"predecessor-version":[{"id":26369,"href":"https:\/\/www.iceagetv.com\/radiosite\/wp-json\/wp\/v2\/posts\/26367\/revisions\/26369"}],"wp:featuredmedia":[{"embeddable":true,"href":"https:\/\/www.iceagetv.com\/radiosite\/wp-json\/wp\/v2\/media\/26368"}],"wp:attachment":[{"href":"https:\/\/www.iceagetv.com\/radiosite\/wp-json\/wp\/v2\/media?parent=26367"}],"wp:term":[{"taxonomy":"category","embeddable":true,"href":"https:\/\/www.iceagetv.com\/radiosite\/wp-json\/wp\/v2\/categories?post=26367"},{"taxonomy":"post_tag","embeddable":true,"href":"https:\/\/www.iceagetv.com\/radiosite\/wp-json\/wp\/v2\/tags?post=26367"}],"curies":[{"name":"wp","href":"https:\/\/api.w.org\/{rel}","templated":true}]}}