{"id":26373,"date":"2023-12-12T19:44:24","date_gmt":"2023-12-12T19:44:24","guid":{"rendered":"https:\/\/www.iceagetv.com\/radiosite\/?p=26373"},"modified":"2023-12-12T19:44:24","modified_gmt":"2023-12-12T19:44:24","slug":"pau-la-garde-a-vue-de-lecrivain-frederic-beigbeder-accuse-de-viol-a-ete-levee-il-conteste-les-faits-qui-lui-sont-reproches-une-plainte-a-ete-deposee-lete-dernier-contre-lecrivain","status":"publish","type":"post","link":"https:\/\/www.iceagetv.com\/radiosite\/pau-la-garde-a-vue-de-lecrivain-frederic-beigbeder-accuse-de-viol-a-ete-levee-il-conteste-les-faits-qui-lui-sont-reproches-une-plainte-a-ete-deposee-lete-dernier-contre-lecrivain\/","title":{"rendered":"Pau : La garde \u00e0 vue de l&rsquo;\u00e9crivain Fr\u00e9d\u00e9ric Beigbeder, accus\u00e9 de viol, \u00e0 \u00e9t\u00e9 lev\u00e9e &#8211; Il conteste les faits qui lui sont reproch\u00e9s &#8211; Une plainte a \u00e9t\u00e9 d\u00e9pos\u00e9e l&rsquo;\u00e9t\u00e9 dernier contre l&rsquo;\u00e9crivain"},"content":{"rendered":"\n<p><strong>Le point sur l&rsquo;affaire &#8211; L&rsquo;\u00e9crivain Fr\u00e9d\u00e9ric Beigbeder a \u00e9t\u00e9 plac\u00e9 en garde \u00e0 vue mardi pendant plusieurs heures pour \u00eatre entendu sur des accusations de viol, qu&rsquo;il conteste, avant d&rsquo;\u00eatre rel\u00e2ch\u00e9, a annonc\u00e9 le parquet de Pau qui va poursuivre ses investigations.<\/strong>&nbsp;Convoqu\u00e9 au commissariat de Pau, le romancier de 58 ans a \u00e9t\u00e9 interrog\u00e9 dans une enqu\u00eate pr\u00e9liminaire ouverte apr\u00e8s une plainte d\u00e9pos\u00e9e en juillet par une femme \u00ab\u00a0pour des faits de viol\u00a0\u00bb, a \u00e9crit dans un communiqu\u00e9 le procureur de la R\u00e9publique Rodolphe Jarry.&nbsp;<\/p>\n\n\n\n<p>Selon une source proche de l&rsquo;enqu\u00eate, l&rsquo;\u00e9crivain, qui vit en famille au Pays basque, aurait entretenu une relation avec la plaignante \u00ab\u00a0durant plusieurs mois\u00a0\u00bb.<\/p>\n\n\n\n<p>D&rsquo;apr\u00e8s des informations de Franceinfo, la plainte a \u00e9t\u00e9 d\u00e9pos\u00e9e par cette jeune femme qui affirme avoir eu une premi\u00e8re relation sexuelle consentie avec Fr\u00e9d\u00e9ric Beigbeder, puis une seconde non consentie, au cours de la m\u00eame nuit dans une chambre d&rsquo;h\u00f4tel. Le procureur a pr\u00e9cis\u00e9 que l&rsquo;auteur avait contest\u00e9 les faits devant les enqu\u00eateurs et a rappel\u00e9 le principe de la \u00ab\u00a0pr\u00e9somption d&rsquo;innocence\u00a0\u00bb dont Fr\u00e9d\u00e9ric Beigbeder doit b\u00e9n\u00e9ficier.<\/p>\n\n\n\n<p>Ce dernier \u00ab\u00a0conteste vivement les accusations fantaisistes port\u00e9es \u00e0 son endroit et se montre parfaitement confiant en l&rsquo;issue de la proc\u00e9dure\u00a0\u00bb, a d\u00e9clar\u00e9 dans un communiqu\u00e9 son avocate, Me Marie Dos\u00e9. Fid\u00e8le \u00e0 son style d\u00e9sinvolte et provocateur, l&rsquo;\u00e9crivain a tenu \u00e0 publier lui-m\u00eame un communiqu\u00e9 \u00e0 sa sortie de garde \u00e0 vue mardi en fin d&rsquo;apr\u00e8s-midi.<\/p>\n\n\n\n<p>\u00ab\u00a0Je remercie les effectifs du commissariat de Pau de m&rsquo;avoir accueilli dans leurs locaux.&nbsp;Deux r\u00e9serves, cependant: le poulet au curry \u00e9tait sec, et ma voiture s&rsquo;est retrouv\u00e9e \u00e0 la fourri\u00e8re le temps d&rsquo;une garde \u00e0 vue de quelques heures \u00e0 peine. Il manque d\u00e9cid\u00e9ment un parking devant ce commissariat\u00a0\u00bb, a-t-il ironis\u00e9.<\/p>\n\n\n\n<p>L&rsquo;enqu\u00eate pr\u00e9liminaire doit d\u00e9sormais se poursuivre avec notamment des actes compl\u00e9mentaires demand\u00e9s par l&rsquo;avocate, \u00e9crit le parquet. Des actes sollicit\u00e9s \u00ab\u00a0eu \u00e9gard aux d\u00e9clarations fragmentaires de la plaignante et aux \u00e9l\u00e9ments d&rsquo;information apport\u00e9s par M. Beigbeder\u00a0\u00bb, a fait valoir Me Dos\u00e9.<\/p>\n\n\n\n<p>Le chroniqueur de t\u00e9l\u00e9vision et radio, critique litt\u00e9raire, \u00e9diteur, sc\u00e9nariste de BD et de films, acteur et m\u00eame r\u00e9alisateur, s&rsquo;est fait conna\u00eetre du grand public avec son roman \u00ab\u00a099 francs\u00a0\u00bb (2000) o\u00f9 il d\u00e9voile les turpitudes &#8211; coca\u00efne, cynisme, argent &#8211; du milieu de la pub.<\/p>\n\n\n\n<p>En pleine vague \u00ab\u00a0MeToo\u00a0\u00bb, l&rsquo;ex-directeur de la r\u00e9daction du magazine Lui s&rsquo;est vu reprocher son inaction dans l&rsquo;affaire Patrick Poivre d&rsquo;Arvor, ainsi que son soutien \u00e0 Roman Polanski face \u00e0 ce qu&rsquo;il d\u00e9crivait comme une \u00ab\u00a0meute de hy\u00e8nes en roue libre\u00a0\u00bb aux C\u00e9sars 2020. Sans oublier sa tardive condamnation des agissements de son \u00ab\u00a0ami\u00a0\u00bb Gabriel Matzneff, accus\u00e9 de viol de mineurs. En 2023, l&rsquo;auteur a aussi \u00e9t\u00e9 tr\u00e8s critiqu\u00e9 pour son livre \u00ab\u00a0Confessions d&rsquo;un h\u00e9t\u00e9rosexuel l\u00e9g\u00e8rement d\u00e9pass\u00e9\u00a0\u00bb, dans lequel il se moque de lui-m\u00eame en quinquag\u00e9naire has been. Accus\u00e9 de machisme, il a d\u00fb faire l&rsquo;objet d&rsquo;une protection polici\u00e8re.<strong>L&rsquo;\u00e9crivain Fr\u00e9d\u00e9ric Beigbeder a \u00e9t\u00e9 plac\u00e9 en garde \u00e0 vue dans le cadre d&rsquo;une enqu\u00eate pr\u00e9liminaire diligent\u00e9e pour viol, a appris franceinfo de source polici\u00e8re. Il a \u00e9t\u00e9 convoqu\u00e9 vers 9 heures au commissariat de Pau (Pyr\u00e9n\u00e9es-Atlantiques) pour \u00eatre entendu dans le cadre de cette enqu\u00eate pr\u00e9liminaire.\u00a0<\/strong>Selon les informations recueillies par franceinfo, une plainte a \u00e9t\u00e9 d\u00e9pos\u00e9e l&rsquo;\u00e9t\u00e9 dernier contre l&rsquo;\u00e9crivain par une jeune femme. Elle affirme avoir eu une premi\u00e8re relation sexuelle consentie avec lui puis une seconde non consentie, au cours de la m\u00eame nuit. Les faits se sont d\u00e9roul\u00e9s dans une chambre d&rsquo;h\u00f4tel.<\/p>\n","protected":false},"excerpt":{"rendered":"<p>Le point sur l&rsquo;affaire &#8211; L&rsquo;\u00e9crivain Fr\u00e9d\u00e9ric Beigbeder a \u00e9t\u00e9 plac\u00e9 en garde \u00e0 vue mardi pendant plusieurs heures pour \u00eatre entendu sur des accusations de viol, qu&rsquo;il conteste, avant d&rsquo;\u00eatre rel\u00e2ch\u00e9, a annonc\u00e9 le parquet de Pau qui va poursuivre ses investigations.&nbsp;Convoqu\u00e9 au commissariat de Pau, le romancier de 58 ans a \u00e9t\u00e9 interrog\u00e9 [&hellip;]<\/p>\n","protected":false},"author":2,"featured_media":26374,"comment_status":"open","ping_status":"open","sticky":false,"template":"","format":"standard","meta":{"_jetpack_memberships_contains_paid_content":false,"footnotes":"","jetpack_publicize_message":"","jetpack_publicize_feature_enabled":true,"jetpack_social_post_already_shared":true,"jetpack_social_options":{"image_generator_settings":{"template":"highway","default_image_id":0,"font":"","enabled":false},"version":2},"_wpas_customize_per_network":false},"categories":[405],"tags":[],"class_list":["post-26373","post","type-post","status-publish","format-standard","has-post-thumbnail","hentry","category-actu-france-monde"],"jetpack_publicize_connections":[],"jetpack_featured_media_url":"https:\/\/i0.wp.com\/www.iceagetv.com\/radiosite\/wp-content\/uploads\/2023\/12\/Frederic-Beigbeder.jpg?fit=679%2C293&ssl=1","jetpack_sharing_enabled":true,"_links":{"self":[{"href":"https:\/\/www.iceagetv.com\/radiosite\/wp-json\/wp\/v2\/posts\/26373","targetHints":{"allow":["GET"]}}],"collection":[{"href":"https:\/\/www.iceagetv.com\/radiosite\/wp-json\/wp\/v2\/posts"}],"about":[{"href":"https:\/\/www.iceagetv.com\/radiosite\/wp-json\/wp\/v2\/types\/post"}],"author":[{"embeddable":true,"href":"https:\/\/www.iceagetv.com\/radiosite\/wp-json\/wp\/v2\/users\/2"}],"replies":[{"embeddable":true,"href":"https:\/\/www.iceagetv.com\/radiosite\/wp-json\/wp\/v2\/comments?post=26373"}],"version-history":[{"count":1,"href":"https:\/\/www.iceagetv.com\/radiosite\/wp-json\/wp\/v2\/posts\/26373\/revisions"}],"predecessor-version":[{"id":26375,"href":"https:\/\/www.iceagetv.com\/radiosite\/wp-json\/wp\/v2\/posts\/26373\/revisions\/26375"}],"wp:featuredmedia":[{"embeddable":true,"href":"https:\/\/www.iceagetv.com\/radiosite\/wp-json\/wp\/v2\/media\/26374"}],"wp:attachment":[{"href":"https:\/\/www.iceagetv.com\/radiosite\/wp-json\/wp\/v2\/media?parent=26373"}],"wp:term":[{"taxonomy":"category","embeddable":true,"href":"https:\/\/www.iceagetv.com\/radiosite\/wp-json\/wp\/v2\/categories?post=26373"},{"taxonomy":"post_tag","embeddable":true,"href":"https:\/\/www.iceagetv.com\/radiosite\/wp-json\/wp\/v2\/tags?post=26373"}],"curies":[{"name":"wp","href":"https:\/\/api.w.org\/{rel}","templated":true}]}}