{"id":26380,"date":"2023-12-13T12:02:20","date_gmt":"2023-12-13T12:02:20","guid":{"rendered":"https:\/\/www.iceagetv.com\/radiosite\/?p=26380"},"modified":"2023-12-13T12:02:20","modified_gmt":"2023-12-13T12:02:20","slug":"rennes-une-adolescente-de-12-ans-brandit-un-couteau-en-pleine-classe-avant-detre-maitrisee-par-des-adultes-elle-aurait-declare-vouloir-faire-comme-a-arras","status":"publish","type":"post","link":"https:\/\/www.iceagetv.com\/radiosite\/rennes-une-adolescente-de-12-ans-brandit-un-couteau-en-pleine-classe-avant-detre-maitrisee-par-des-adultes-elle-aurait-declare-vouloir-faire-comme-a-arras\/","title":{"rendered":"Rennes &#8211; Une adolescente de 12 ans brandit un couteau en pleine classe avant d&rsquo;\u00eatre maitris\u00e9e par des adultes: Elle aurait d\u00e9clar\u00e9 vouloir faire \u00ab\u00a0comme \u00e0 Arras\u00a0\u00bb"},"content":{"rendered":"\n<p>Ce matin, vers 10h, une \u00e9l\u00e8ve de 5e scolaris\u00e9e au coll\u00e8ge des Hautes-Ourmes de Rennes (Ille-et-Vilaine) a menac\u00e9 sa professeur d&rsquo;anglais avec un couteau en pleine classe.<\/p>\n\n\n\n<p>L&rsquo;adolescente de 12 ans a \u00e9t\u00e9 \u00ab\u00a0ma\u00eetris\u00e9e dans un des couloirs par des adultes du coll\u00e8ge et arr\u00eat\u00e9e par la police de Rennes\u00a0\u00bb, indique l&rsquo;\u00e9tablissement dans un message, comme le rapporte<a href=\"https:\/\/www.leparisien.fr\/ille-et-vilaine-35\/une-collegienne-arretee-a-rennes-apres-avoir-brandi-un-couteau-en-classe-13-12-2023-OBD7326PF5FTXDS4MRZLRPI3M4.php\" target=\"_blank\" rel=\"noreferrer noopener\">&nbsp;Le Parisien<\/a>. Aucune personne n&rsquo;a \u00e9t\u00e9 bless\u00e9e.<\/p>\n\n\n\n<p>Nos confr\u00e8res pr\u00e9cisent que la coll\u00e9gienner aurait d\u00e9clar\u00e9 en brandissant son arme qu&rsquo;elle voulait faire \u00ab\u00a0comme \u00e0 Arras\u00a0\u00bb, en pr\u00e9cisant \u00ab\u00a0aujourd\u2019hui je veux \u00eatre moi-m\u00eame\u00a0\u00bb, selon une personne pr\u00e9sente dans le coll\u00e8ge.<\/p>\n\n\n\n<p>Dans un communiqu\u00e9 le procureur de la R\u00e9publique de Rennes a donn\u00e9 plus de d\u00e9tails. \u00ab\u00a0Selon les premiers \u00e9l\u00e9ments recueillis, \u00e0 confirmer donc, ce matin, entre 9 heures-30-9h50, (\u2026) une \u00e9l\u00e8ve n\u00e9e en 2011 \u00e0 Marseille (\u2026) est venue en cours arm\u00e9e d\u2019un grand couteau avec l\u2019intention semble-t-il de tuer sa professeur d\u2019anglais\u00a0\u00bb, a \u00e9crit Philippe Astruc.<\/p>\n\n\n\n<p>Et d&rsquo;ajouter : \u00ab\u00a0Pendant le cours, en classe, elle a brandi un couteau vers la victime qui s\u2019est enfuie en courant. Elle l\u2019aurait suivie avant d\u2019\u00eatre d\u00e9sarm\u00e9e par le personnel de l\u2019\u00e9tablissement. Il n\u2019y a pas de bless\u00e9s\u00a0\u00bb.<\/p>\n\n\n\n<p>Une cellule de soutien psychologique va \u00eatre mise en place dans les prochaines heures. Une enqu\u00eate a \u00e9t\u00e9 ouverte.<\/p>\n","protected":false},"excerpt":{"rendered":"<p>Ce matin, vers 10h, une \u00e9l\u00e8ve de 5e scolaris\u00e9e au coll\u00e8ge des Hautes-Ourmes de Rennes (Ille-et-Vilaine) a menac\u00e9 sa professeur d&rsquo;anglais avec un couteau en pleine classe. L&rsquo;adolescente de 12 ans a \u00e9t\u00e9 \u00ab\u00a0ma\u00eetris\u00e9e dans un des couloirs par des adultes du coll\u00e8ge et arr\u00eat\u00e9e par la police de Rennes\u00a0\u00bb, indique l&rsquo;\u00e9tablissement dans un message, [&hellip;]<\/p>\n","protected":false},"author":2,"featured_media":26381,"comment_status":"open","ping_status":"open","sticky":false,"template":"","format":"standard","meta":{"_jetpack_memberships_contains_paid_content":false,"footnotes":"","jetpack_publicize_message":"","jetpack_publicize_feature_enabled":true,"jetpack_social_post_already_shared":true,"jetpack_social_options":{"image_generator_settings":{"template":"highway","default_image_id":0,"font":"","enabled":false},"version":2},"_wpas_customize_per_network":false},"categories":[405],"tags":[],"class_list":["post-26380","post","type-post","status-publish","format-standard","has-post-thumbnail","hentry","category-actu-france-monde"],"jetpack_publicize_connections":[],"jetpack_featured_media_url":"https:\/\/i0.wp.com\/www.iceagetv.com\/radiosite\/wp-content\/uploads\/2023\/12\/Une-adolescente-de-12-ans-brandit-un-couteau-en-pleine-classe.jpg?fit=679%2C293&ssl=1","jetpack_sharing_enabled":true,"_links":{"self":[{"href":"https:\/\/www.iceagetv.com\/radiosite\/wp-json\/wp\/v2\/posts\/26380","targetHints":{"allow":["GET"]}}],"collection":[{"href":"https:\/\/www.iceagetv.com\/radiosite\/wp-json\/wp\/v2\/posts"}],"about":[{"href":"https:\/\/www.iceagetv.com\/radiosite\/wp-json\/wp\/v2\/types\/post"}],"author":[{"embeddable":true,"href":"https:\/\/www.iceagetv.com\/radiosite\/wp-json\/wp\/v2\/users\/2"}],"replies":[{"embeddable":true,"href":"https:\/\/www.iceagetv.com\/radiosite\/wp-json\/wp\/v2\/comments?post=26380"}],"version-history":[{"count":1,"href":"https:\/\/www.iceagetv.com\/radiosite\/wp-json\/wp\/v2\/posts\/26380\/revisions"}],"predecessor-version":[{"id":26382,"href":"https:\/\/www.iceagetv.com\/radiosite\/wp-json\/wp\/v2\/posts\/26380\/revisions\/26382"}],"wp:featuredmedia":[{"embeddable":true,"href":"https:\/\/www.iceagetv.com\/radiosite\/wp-json\/wp\/v2\/media\/26381"}],"wp:attachment":[{"href":"https:\/\/www.iceagetv.com\/radiosite\/wp-json\/wp\/v2\/media?parent=26380"}],"wp:term":[{"taxonomy":"category","embeddable":true,"href":"https:\/\/www.iceagetv.com\/radiosite\/wp-json\/wp\/v2\/categories?post=26380"},{"taxonomy":"post_tag","embeddable":true,"href":"https:\/\/www.iceagetv.com\/radiosite\/wp-json\/wp\/v2\/tags?post=26380"}],"curies":[{"name":"wp","href":"https:\/\/api.w.org\/{rel}","templated":true}]}}