{"id":26402,"date":"2023-12-15T08:20:22","date_gmt":"2023-12-15T08:20:22","guid":{"rendered":"https:\/\/www.iceagetv.com\/radiosite\/?p=26402"},"modified":"2023-12-15T08:20:22","modified_gmt":"2023-12-15T08:20:22","slug":"larmee-israelienne-annonce-ce-matin-avoir-retrouve-le-corps-du-francais-elya-toledano-28-ans-qui-etait-retenu-otage-dans-la-bande-de-gaza-depuis-le-7-octobre","status":"publish","type":"post","link":"https:\/\/www.iceagetv.com\/radiosite\/larmee-israelienne-annonce-ce-matin-avoir-retrouve-le-corps-du-francais-elya-toledano-28-ans-qui-etait-retenu-otage-dans-la-bande-de-gaza-depuis-le-7-octobre\/","title":{"rendered":"L&rsquo;arm\u00e9e isra\u00e9lienne annonce ce matin avoir retrouv\u00e9 le corps du Fran\u00e7ais Elya Toledano, 28 ans, qui \u00e9tait retenu otage dans la bande de Gaza depuis le 7 octobre"},"content":{"rendered":"\n<p><strong>L\u2019arm\u00e9e isra\u00e9lienne a annonc\u00e9&nbsp; avoir r\u00e9cup\u00e9r\u00e9 dans la bande de Gaza et ramen\u00e9 en Isra\u00ebl le corps du Franco-Isra\u00e9lien Elya Toledano. Catherine Colonna la ministre des affaires \u00e9trang\u00e8res fran\u00e7aise, a fait part sur X de son \u00ab&nbsp;immense peine&nbsp;\u00bb \u00e0 l\u2019annonce de la mort d\u2019Elya Toledano. \u00ab&nbsp;Nous partageons la douleur de sa famille et de ses proches.&nbsp;La lib\u00e9ration de tous les otages est notre priorit\u00e9&nbsp;\u00bb, a-t-elle ajout\u00e9.<\/strong><\/p>\n\n\n\n<p>Elya Toledano avait \u00e9t\u00e9 enlev\u00e9 le matin du 7&nbsp;octobre sur les lieux du festival de musique Tribe of Nova auquel il participait avec son amie Mia Shem, Franco-Isra\u00e9lienne qui a \u00e9t\u00e9 lib\u00e9r\u00e9e dans le cadre d\u2019un accord de tr\u00eave fin novembre.<\/p>\n\n\n\n<p>Des familles d\u2019otages avaient indiqu\u00e9 au cours des derni\u00e8res semaines ne pas avoir connaissance du sort d\u2019Elya Toledano, \u00e0 savoir s\u2019il \u00e9tait ou non toujours vivant.<\/p>\n\n\n\n<p>\u00ab\u00a0L\u2019arm\u00e9e isra\u00e9lienne pr\u00e9sente \u00e0 la famille ses sinc\u00e8res condol\u00e9ances\u00a0\u00bb, a-t-elle ajout\u00e9 dans un communiqu\u00e9, assurant que les proches du jeune homme avaient bien \u00e9t\u00e9 pr\u00e9venus de la d\u00e9couverte de son corps avant cette d\u00e9claration publique.Eliya Toledano participait au m\u00eame festival de musique \u00e9lectronique \u00ab Tribe of Nova \u00bb , lorsqu\u2019il a \u00e9t\u00e9 kidnapp\u00e9 et emmen\u00e9 \u00e0 Gaza, selon son fr\u00e8re qui avait t\u00e9moign\u00e9 il y a plusieurs semaine. Le jeune homme a eu 28 ans, le 22 novembre. Il \u00e9tait un ami de Mia Schem, la jeune Franco-isra\u00e9lienne qui a \u00e9t\u00e9 lib\u00e9r\u00e9e le 30 novembre apr\u00e8s 54 jours de captivit\u00e9. \u00ab L\u2019arm\u00e9e isra\u00e9lienne pr\u00e9sente \u00e0 la famille ses sinc\u00e8res condol\u00e9ances \u00bb, a-t-elle ajout\u00e9 dans un communiqu\u00e9, assurant que les proches du jeune homme avaient bien \u00e9t\u00e9 pr\u00e9venus de la d\u00e9couverte de son corps avant cette d\u00e9claration publique.<\/p>\n","protected":false},"excerpt":{"rendered":"<p>L\u2019arm\u00e9e isra\u00e9lienne a annonc\u00e9&nbsp; avoir r\u00e9cup\u00e9r\u00e9 dans la bande de Gaza et ramen\u00e9 en Isra\u00ebl le corps du Franco-Isra\u00e9lien Elya Toledano. Catherine Colonna la ministre des affaires \u00e9trang\u00e8res fran\u00e7aise, a fait part sur X de son \u00ab&nbsp;immense peine&nbsp;\u00bb \u00e0 l\u2019annonce de la mort d\u2019Elya Toledano. \u00ab&nbsp;Nous partageons la douleur de sa famille et de ses [&hellip;]<\/p>\n","protected":false},"author":2,"featured_media":26403,"comment_status":"open","ping_status":"open","sticky":false,"template":"","format":"standard","meta":{"_jetpack_memberships_contains_paid_content":false,"footnotes":"","jetpack_publicize_message":"","jetpack_publicize_feature_enabled":true,"jetpack_social_post_already_shared":true,"jetpack_social_options":{"image_generator_settings":{"template":"highway","default_image_id":0,"font":"","enabled":false},"version":2},"_wpas_customize_per_network":false},"categories":[405],"tags":[],"class_list":["post-26402","post","type-post","status-publish","format-standard","has-post-thumbnail","hentry","category-actu-france-monde"],"jetpack_publicize_connections":[],"jetpack_featured_media_url":"https:\/\/i0.wp.com\/www.iceagetv.com\/radiosite\/wp-content\/uploads\/2023\/12\/Francais-Elya-Toledano.jpg?fit=679%2C293&ssl=1","jetpack_sharing_enabled":true,"_links":{"self":[{"href":"https:\/\/www.iceagetv.com\/radiosite\/wp-json\/wp\/v2\/posts\/26402","targetHints":{"allow":["GET"]}}],"collection":[{"href":"https:\/\/www.iceagetv.com\/radiosite\/wp-json\/wp\/v2\/posts"}],"about":[{"href":"https:\/\/www.iceagetv.com\/radiosite\/wp-json\/wp\/v2\/types\/post"}],"author":[{"embeddable":true,"href":"https:\/\/www.iceagetv.com\/radiosite\/wp-json\/wp\/v2\/users\/2"}],"replies":[{"embeddable":true,"href":"https:\/\/www.iceagetv.com\/radiosite\/wp-json\/wp\/v2\/comments?post=26402"}],"version-history":[{"count":1,"href":"https:\/\/www.iceagetv.com\/radiosite\/wp-json\/wp\/v2\/posts\/26402\/revisions"}],"predecessor-version":[{"id":26404,"href":"https:\/\/www.iceagetv.com\/radiosite\/wp-json\/wp\/v2\/posts\/26402\/revisions\/26404"}],"wp:featuredmedia":[{"embeddable":true,"href":"https:\/\/www.iceagetv.com\/radiosite\/wp-json\/wp\/v2\/media\/26403"}],"wp:attachment":[{"href":"https:\/\/www.iceagetv.com\/radiosite\/wp-json\/wp\/v2\/media?parent=26402"}],"wp:term":[{"taxonomy":"category","embeddable":true,"href":"https:\/\/www.iceagetv.com\/radiosite\/wp-json\/wp\/v2\/categories?post=26402"},{"taxonomy":"post_tag","embeddable":true,"href":"https:\/\/www.iceagetv.com\/radiosite\/wp-json\/wp\/v2\/tags?post=26402"}],"curies":[{"name":"wp","href":"https:\/\/api.w.org\/{rel}","templated":true}]}}