{"id":26412,"date":"2023-12-15T14:47:09","date_gmt":"2023-12-15T14:47:09","guid":{"rendered":"https:\/\/www.iceagetv.com\/radiosite\/?p=26412"},"modified":"2023-12-15T14:47:09","modified_gmt":"2023-12-15T14:47:09","slug":"le-comedien-et-chanteur-guy-marchand-celebre-notamment-pour-son-role-du-detective-nestor-burma-a-la-television-est-decede-a-lage-de-86-ans-annoncent-ses-enfants","status":"publish","type":"post","link":"https:\/\/www.iceagetv.com\/radiosite\/le-comedien-et-chanteur-guy-marchand-celebre-notamment-pour-son-role-du-detective-nestor-burma-a-la-television-est-decede-a-lage-de-86-ans-annoncent-ses-enfants\/","title":{"rendered":"\u00a0Le com\u00e9dien et chanteur Guy Marchand, c\u00e9l\u00e8bre notamment pour son r\u00f4le du d\u00e9tective Nestor Burma \u00e0 la t\u00e9l\u00e9vision, est d\u00e9c\u00e9d\u00e9 \u00e0 l&rsquo;\u00e2ge de 86 ans, annoncent ses enfants"},"content":{"rendered":"\n<p>L&rsquo;acteur et chanteur Guy Marchand, c\u00e9l\u00e8bre pour son r\u00f4le du d\u00e9tective Nestor Burma \u00e0 la t\u00e9l\u00e9vision, est mort vendredi \u00e0 l&rsquo;\u00e2ge de 86 ans, ont annonc\u00e9 ses enfants \u00e0 l&rsquo;AFP. Guy Marchand avait incarn\u00e9 ce personnage de d\u00e9tective parisien cr\u00e9\u00e9 par le romancier L\u00e9o Malet, dans une s\u00e9rie sur France 2 de 1991 \u00e0 2003. Il \u00ab\u00a0s&rsquo;est \u00e9teint paisiblement ce vendredi (&#8230;) \u00e0 l&rsquo;h\u00f4pital de Cavaillon\u00a0\u00bb (Vaucluse), ont indiqu\u00e9 ses enfants Jules et Ludivine dans un communiqu\u00e9.<\/p>\n\n\n\n<p>Le com\u00e9dien avait tout pour r\u00e9ussir dans ce r\u00f4le d&rsquo;enqu\u00eateur priv\u00e9 au contact des gens modestes de Paris: natif de la capitale, il avait grandi dans le quartier populaire de Belleville. \u00ab\u00a0N\u00e9 \u00e0 Belleville\u00a0\u00bb est d&rsquo;ailleurs le titre de son dernier album, en 2020. Sa voix grave l&rsquo;avait d&rsquo;abord port\u00e9 vers la chanson, qu&rsquo;il aimait beaucoup, lui qui avait jou\u00e9 de la clarinette dans les clubs de Saint-Germain-des-Pr\u00e9s \u00e0 la belle \u00e9poque de l&rsquo;apr\u00e8s-guerre. Son grand tube est \u00ab\u00a0La Passionata\u00a0\u00bb en 1965. C&rsquo;est dans le cin\u00e9ma qu&rsquo;il va finalement percer, en jouant des r\u00f4les secondaires sous l&rsquo;oeil de grands r\u00e9alisateurs.<\/p>\n\n\n\n<p>\u00c0 son palmar\u00e8s, il compte plusieurs nominations au C\u00e9sar du meilleur second r\u00f4le. Il obtient cette r\u00e9compense une fois, en 1982, lorsqu&rsquo;il joue l&rsquo;un des policiers de \u00ab\u00a0Garde \u00e0 vue\u00a0\u00bb de Claude Miller, o\u00f9 Lino Ventura tient le r\u00f4le principal.<\/p>\n\n\n\n<p>Pour les t\u00e9l\u00e9spectateurs, il est indissociable de son r\u00f4le de Nestor Burma, enqu\u00eateur au chapeau sombre et \u00e0 la cravate d\u00e9nou\u00e9e. \u00ab\u00a0Nestor Burma, c&rsquo;est moi, le courage en plus. Je suis beaucoup plus timor\u00e9 que lui dans la vie\u00a0\u00bb, expliquait-il en 2000. L\u00e9o Malet lui-m\u00eame, qui \u00e0 la fin de sa vie avait vu la s\u00e9rie s&rsquo;\u00e9loigner de plus en plus de l&rsquo;intrigue de ses romans, restait tr\u00e8s attach\u00e9 \u00e0 l&rsquo;acteur et lui avait confi\u00e9: \u00ab\u00a0Toi, tu es mon Nestor Burma\u00a0\u00bb.<\/p>\n\n\n\n<p>Guy Marchand avait d\u00e9clar\u00e9 en 2019 qu&rsquo;il finissait sa vie ruin\u00e9, dans cette ville de Cavaillon o\u00f9 il passait ses vieux jours. \u00ab\u00a0Je suis dans le rouge\u00a0\u00bb, expliquait-il alors au magazine Voici.<\/p>\n","protected":false},"excerpt":{"rendered":"<p>L&rsquo;acteur et chanteur Guy Marchand, c\u00e9l\u00e8bre pour son r\u00f4le du d\u00e9tective Nestor Burma \u00e0 la t\u00e9l\u00e9vision, est mort vendredi \u00e0 l&rsquo;\u00e2ge de 86 ans, ont annonc\u00e9 ses enfants \u00e0 l&rsquo;AFP. Guy Marchand avait incarn\u00e9 ce personnage de d\u00e9tective parisien cr\u00e9\u00e9 par le romancier L\u00e9o Malet, dans une s\u00e9rie sur France 2 de 1991 \u00e0 2003. [&hellip;]<\/p>\n","protected":false},"author":2,"featured_media":26413,"comment_status":"open","ping_status":"open","sticky":false,"template":"","format":"standard","meta":{"_jetpack_memberships_contains_paid_content":false,"footnotes":"","jetpack_publicize_message":"","jetpack_publicize_feature_enabled":true,"jetpack_social_post_already_shared":true,"jetpack_social_options":{"image_generator_settings":{"template":"highway","default_image_id":0,"font":"","enabled":false},"version":2},"_wpas_customize_per_network":false},"categories":[68],"tags":[],"class_list":["post-26412","post","type-post","status-publish","format-standard","has-post-thumbnail","hentry","category-actu-culturelle"],"jetpack_publicize_connections":[],"jetpack_featured_media_url":"https:\/\/i0.wp.com\/www.iceagetv.com\/radiosite\/wp-content\/uploads\/2023\/12\/Le-comedien-et-chanteur-Guy-Marchand.jpg?fit=679%2C293&ssl=1","jetpack_sharing_enabled":true,"_links":{"self":[{"href":"https:\/\/www.iceagetv.com\/radiosite\/wp-json\/wp\/v2\/posts\/26412","targetHints":{"allow":["GET"]}}],"collection":[{"href":"https:\/\/www.iceagetv.com\/radiosite\/wp-json\/wp\/v2\/posts"}],"about":[{"href":"https:\/\/www.iceagetv.com\/radiosite\/wp-json\/wp\/v2\/types\/post"}],"author":[{"embeddable":true,"href":"https:\/\/www.iceagetv.com\/radiosite\/wp-json\/wp\/v2\/users\/2"}],"replies":[{"embeddable":true,"href":"https:\/\/www.iceagetv.com\/radiosite\/wp-json\/wp\/v2\/comments?post=26412"}],"version-history":[{"count":1,"href":"https:\/\/www.iceagetv.com\/radiosite\/wp-json\/wp\/v2\/posts\/26412\/revisions"}],"predecessor-version":[{"id":26414,"href":"https:\/\/www.iceagetv.com\/radiosite\/wp-json\/wp\/v2\/posts\/26412\/revisions\/26414"}],"wp:featuredmedia":[{"embeddable":true,"href":"https:\/\/www.iceagetv.com\/radiosite\/wp-json\/wp\/v2\/media\/26413"}],"wp:attachment":[{"href":"https:\/\/www.iceagetv.com\/radiosite\/wp-json\/wp\/v2\/media?parent=26412"}],"wp:term":[{"taxonomy":"category","embeddable":true,"href":"https:\/\/www.iceagetv.com\/radiosite\/wp-json\/wp\/v2\/categories?post=26412"},{"taxonomy":"post_tag","embeddable":true,"href":"https:\/\/www.iceagetv.com\/radiosite\/wp-json\/wp\/v2\/tags?post=26412"}],"curies":[{"name":"wp","href":"https:\/\/api.w.org\/{rel}","templated":true}]}}