{"id":26421,"date":"2023-12-16T14:13:10","date_gmt":"2023-12-16T14:13:10","guid":{"rendered":"https:\/\/www.iceagetv.com\/radiosite\/?p=26421"},"modified":"2023-12-16T14:13:10","modified_gmt":"2023-12-16T14:13:10","slug":"la-cathedrale-notre-dame-de-paris-ravagee-par-un-incendie-en-2019-et-qui-doit-rouvrir-au-public-le-8-decembre-2024-sera-dotee-dun-systeme-anti-incendie-inedit","status":"publish","type":"post","link":"https:\/\/www.iceagetv.com\/radiosite\/la-cathedrale-notre-dame-de-paris-ravagee-par-un-incendie-en-2019-et-qui-doit-rouvrir-au-public-le-8-decembre-2024-sera-dotee-dun-systeme-anti-incendie-inedit\/","title":{"rendered":"La cath\u00e9drale Notre-Dame de Paris, ravag\u00e9e par un incendie en 2019 et qui doit rouvrir au public le 8 d\u00e9cembre 2024, sera dot\u00e9e d&rsquo;un syst\u00e8me anti-incendie in\u00e9dit"},"content":{"rendered":"\n<p>La cath\u00e9drale Notre-Dame de Paris, ravag\u00e9e par un incendie en 2019 et qui doit rouvrir au public le 8 d\u00e9cembre 2024, sera dot\u00e9e d&rsquo;un syst\u00e8me anti-incendie in\u00e9dit, a annonc\u00e9 Philippe Jost, qui dirige l&rsquo;\u00e9tablissement public charg\u00e9 du chantier de reconstruction.<\/p>\n\n\n\n<p>\u00abToutes les pr\u00e9cautions ont \u00e9t\u00e9 prises pour repenser totalement la protection incendie\u00bb de Notre-Dame de Paris, chef-d\u2019\u0153uvre de l&rsquo;art gothique, qui pourrait accueillir \u00ab14 millions de visiteurs\u00bb annuels apr\u00e8s sa r\u00e9ouverture, soit deux de plus qu&rsquo;avant l&rsquo;incendie, a d\u00e9clar\u00e9 M. Jost devant la commission des Affaires culturelles de l&rsquo;Assembl\u00e9e nationale qui l&rsquo;auditionnait.<\/p>\n\n\n\n<p>Le nouveau syst\u00e8me anti-incendie comprend un \u00abdispositif de brumisation, en cours de d\u00e9ploiement dans les combles et dans la fl\u00e8che &#8211; pour \u00e9touffer tout \u00e9ventuel d\u00e9part de feu &#8211; une premi\u00e8re dans une cath\u00e9drale en France\u00bb, a ajout\u00e9 l&rsquo;ancien bras droit du g\u00e9n\u00e9ral Jean-Louis Georgelin, d\u00e9c\u00e9d\u00e9 accidentellement cet \u00e9t\u00e9, et auquel il a succ\u00e9d\u00e9 \u00e0 la t\u00eate de l&rsquo;\u00e9tablissement.<\/p>\n\n\n\n<p>Interrog\u00e9 par des d\u00e9put\u00e9s sur les inqui\u00e9tudes concernant le plomb, qui doit recouvrir la fl\u00e8che et la toiture, M. Jost a assur\u00e9 que \u00able nuage de plomb &#8211; cons\u00e9cutif \u00e0 l&rsquo;incendie, qui a suscit\u00e9 une vive pol\u00e9mique et des plaintes de riverains &#8211; n&rsquo;a pas induit de mani\u00e8re visible de contamination\u00bb et qu&rsquo;un dispositif in\u00e9dit et \u00abexp\u00e9rimental de traitement des eaux de ruissellement\u00bb \u00e9tait d\u00e9ploy\u00e9 \u00abafin de mettre en place un syst\u00e8me p\u00e9renne le plus adapt\u00e9\u00bb.<\/p>\n\n\n\n<p>Concernant les six vitraux contemporains dont le chef de l&rsquo;\u00c9tat a annonc\u00e9 la r\u00e9alisation sur concours, M. Jost a assur\u00e9 que \u00abtous s&rsquo;attacheraient \u00e0 ce que la consultation et les projets examin\u00e9s soient \u00e0 la hauteur du monument et permettent de rassurer les inqui\u00e9tudes qui s&rsquo;\u00e9l\u00e8vent aujourd&rsquo;hui\u00bb parmi les d\u00e9fenseurs de l&rsquo;h\u00e9ritage culturel, religieux et esth\u00e9tique pass\u00e9 du monument.<\/p>\n\n\n\n<p>Par ailleurs, le chantier \u00abcontinuera pendant les Jeux olympiques\u00bb de Paris \u00e0 l&rsquo;\u00e9t\u00e9 2024 mais l&rsquo;acc\u00e8s du public aux trois portails de la cath\u00e9drale et \u00e0 la principale rue adjacente sera \u00abassur\u00e9\u00bb en coordination avec la Pr\u00e9fecture de police, a-t-il pr\u00e9cis\u00e9.<\/p>\n\n\n\n<p>Sur les 848 millions de dons recueillis pour la reconstruction, 150 ont servi \u00e0 la phase de d\u00e9blaiement des d\u00e9combres et de s\u00e9curisation pr\u00e9paratoire au lancement du chantier, lui-m\u00eame d&rsquo;un co\u00fbt de 552 millions d&rsquo;euros, selon M. Jost. Environ 150 millions d&rsquo;euros restants devraient permettre de restaurer des parties ext\u00e9rieures de la cath\u00e9drale, qui souffraient de d\u00e9gradations importantes avant l&rsquo;incendie. Le 15 avril 2019, un incendie spectaculaire avait ravag\u00e9 la cath\u00e9drale dont la fl\u00e8che, con\u00e7ue par l&rsquo;architecte du XIXe si\u00e8cle Eug\u00e8ne Viollet-le-Duc, s&rsquo;\u00e9tait effondr\u00e9e, suscitant une \u00e9motion plan\u00e9taire. Les investigations judiciaires sur l&rsquo;origine du sinistre se poursuivent. Au terme de l&rsquo;enqu\u00eate pr\u00e9liminaire, la piste accidentelle \u00e9tait privil\u00e9gi\u00e9e.<\/p>\n","protected":false},"excerpt":{"rendered":"<p>La cath\u00e9drale Notre-Dame de Paris, ravag\u00e9e par un incendie en 2019 et qui doit rouvrir au public le 8 d\u00e9cembre 2024, sera dot\u00e9e d&rsquo;un syst\u00e8me anti-incendie in\u00e9dit, a annonc\u00e9 Philippe Jost, qui dirige l&rsquo;\u00e9tablissement public charg\u00e9 du chantier de reconstruction. \u00abToutes les pr\u00e9cautions ont \u00e9t\u00e9 prises pour repenser totalement la protection incendie\u00bb de Notre-Dame de [&hellip;]<\/p>\n","protected":false},"author":2,"featured_media":26422,"comment_status":"open","ping_status":"open","sticky":false,"template":"","format":"standard","meta":{"_jetpack_memberships_contains_paid_content":false,"footnotes":"","jetpack_publicize_message":"","jetpack_publicize_feature_enabled":true,"jetpack_social_post_already_shared":true,"jetpack_social_options":{"image_generator_settings":{"template":"highway","default_image_id":0,"font":"","enabled":false},"version":2},"_wpas_customize_per_network":false},"categories":[405],"tags":[],"class_list":["post-26421","post","type-post","status-publish","format-standard","has-post-thumbnail","hentry","category-actu-france-monde"],"jetpack_publicize_connections":[],"jetpack_featured_media_url":"https:\/\/i0.wp.com\/www.iceagetv.com\/radiosite\/wp-content\/uploads\/2023\/12\/La-cathedrale-Notre-Dame-de-Paris.jpg?fit=679%2C293&ssl=1","jetpack_sharing_enabled":true,"_links":{"self":[{"href":"https:\/\/www.iceagetv.com\/radiosite\/wp-json\/wp\/v2\/posts\/26421","targetHints":{"allow":["GET"]}}],"collection":[{"href":"https:\/\/www.iceagetv.com\/radiosite\/wp-json\/wp\/v2\/posts"}],"about":[{"href":"https:\/\/www.iceagetv.com\/radiosite\/wp-json\/wp\/v2\/types\/post"}],"author":[{"embeddable":true,"href":"https:\/\/www.iceagetv.com\/radiosite\/wp-json\/wp\/v2\/users\/2"}],"replies":[{"embeddable":true,"href":"https:\/\/www.iceagetv.com\/radiosite\/wp-json\/wp\/v2\/comments?post=26421"}],"version-history":[{"count":1,"href":"https:\/\/www.iceagetv.com\/radiosite\/wp-json\/wp\/v2\/posts\/26421\/revisions"}],"predecessor-version":[{"id":26423,"href":"https:\/\/www.iceagetv.com\/radiosite\/wp-json\/wp\/v2\/posts\/26421\/revisions\/26423"}],"wp:featuredmedia":[{"embeddable":true,"href":"https:\/\/www.iceagetv.com\/radiosite\/wp-json\/wp\/v2\/media\/26422"}],"wp:attachment":[{"href":"https:\/\/www.iceagetv.com\/radiosite\/wp-json\/wp\/v2\/media?parent=26421"}],"wp:term":[{"taxonomy":"category","embeddable":true,"href":"https:\/\/www.iceagetv.com\/radiosite\/wp-json\/wp\/v2\/categories?post=26421"},{"taxonomy":"post_tag","embeddable":true,"href":"https:\/\/www.iceagetv.com\/radiosite\/wp-json\/wp\/v2\/tags?post=26421"}],"curies":[{"name":"wp","href":"https:\/\/api.w.org\/{rel}","templated":true}]}}