{"id":26424,"date":"2023-12-16T15:31:16","date_gmt":"2023-12-16T15:31:16","guid":{"rendered":"https:\/\/www.iceagetv.com\/radiosite\/?p=26424"},"modified":"2023-12-16T15:31:16","modified_gmt":"2023-12-16T15:31:16","slug":"gerard-depardieu-pret-a-rendre-sa-legion-dhonneur","status":"publish","type":"post","link":"https:\/\/www.iceagetv.com\/radiosite\/gerard-depardieu-pret-a-rendre-sa-legion-dhonneur\/","title":{"rendered":"G\u00e9rard Depardieu pr\u00eat \u00e0 rendre sa L\u00e9gion d\u2019honneur"},"content":{"rendered":"\n<p>L\u2019acteur G\u00e9rard Depardieu a annonc\u00e9 ce samedi 16 d\u00e9cembre par la voix de ses avocats qu\u2019il mettait sa d\u00e9coration de la L\u00e9gion d\u2019honneur \u00ab\u00a0\u00e0 la disposition\u00a0\u00bb du minist\u00e8re de la Culture. Ce dernier avait annonc\u00e9 vendredi l\u2019ouverture d\u2019une proc\u00e9dure disciplinaire \u00e0 son encontre par la Grande Chancellerie.G\u00e9rard Depardieu est pr\u00eat \u00e0 abandonner sa L\u00e9gion d\u2019honneur, que lui avait remis Jacques Chirac en 1996. Ce samedi 16 d\u00e9cembre, l\u2019acteur, vis\u00e9 par deux plaintes pour viol et agression sexuelle, a d\u00e9clar\u00e9, par la voix de ses avocats \u00e0 l\u2019AFP, qu\u2019il tenait sa d\u00e9coration \u00ab\u00a0\u00e0 la disposition\u00a0\u00bb de la ministre de la Culture.<em><em>Une L\u00e9gion d\u2019honneur, cela distingue un homme, un artiste, une attitude, des valeurs. Il se trouve que j\u2019ai \u00e9chang\u00e9 avec le Grand Chancelier de la L\u00e9gion d\u2019honneur, le g\u00e9n\u00e9ral Lecointre\u00a0: un conseil de l\u2019ordre de la L\u00e9gion d\u2019honneur va se r\u00e9unir et va engager une proc\u00e9dure disciplinaire pour d\u00e9cider si cette L\u00e9gion d\u2019honneur doit \u00eatre suspendue ou pas, retir\u00e9e compl\u00e8tement ou pas. Ce sera \u00e0 eux de d\u00e9cider\u00a0\u00bb<\/em>,<\/em>\u00a0a d\u00e9clar\u00e9 Rima Abdul Malak sur France 5, dans l\u2019\u00e9mission \u00ab\u00a0C \u00e0 vous\u00a0\u00bb.<\/p>\n","protected":false},"excerpt":{"rendered":"<p>L\u2019acteur G\u00e9rard Depardieu a annonc\u00e9 ce samedi 16 d\u00e9cembre par la voix de ses avocats qu\u2019il mettait sa d\u00e9coration de la L\u00e9gion d\u2019honneur \u00ab\u00a0\u00e0 la disposition\u00a0\u00bb du minist\u00e8re de la Culture. Ce dernier avait annonc\u00e9 vendredi l\u2019ouverture d\u2019une proc\u00e9dure disciplinaire \u00e0 son encontre par la Grande Chancellerie.G\u00e9rard Depardieu est pr\u00eat \u00e0 abandonner sa L\u00e9gion d\u2019honneur, [&hellip;]<\/p>\n","protected":false},"author":2,"featured_media":26425,"comment_status":"open","ping_status":"open","sticky":false,"template":"","format":"standard","meta":{"_jetpack_memberships_contains_paid_content":false,"footnotes":"","jetpack_publicize_message":"","jetpack_publicize_feature_enabled":true,"jetpack_social_post_already_shared":true,"jetpack_social_options":{"image_generator_settings":{"template":"highway","default_image_id":0,"font":"","enabled":false},"version":2},"_wpas_customize_per_network":false},"categories":[68],"tags":[],"class_list":["post-26424","post","type-post","status-publish","format-standard","has-post-thumbnail","hentry","category-actu-culturelle"],"jetpack_publicize_connections":[],"jetpack_featured_media_url":"https:\/\/i0.wp.com\/www.iceagetv.com\/radiosite\/wp-content\/uploads\/2023\/12\/Gerard-Depardieu-pret-a-rendre-sa-Legion-dhonneur.jpg?fit=917%2C516&ssl=1","jetpack_sharing_enabled":true,"_links":{"self":[{"href":"https:\/\/www.iceagetv.com\/radiosite\/wp-json\/wp\/v2\/posts\/26424","targetHints":{"allow":["GET"]}}],"collection":[{"href":"https:\/\/www.iceagetv.com\/radiosite\/wp-json\/wp\/v2\/posts"}],"about":[{"href":"https:\/\/www.iceagetv.com\/radiosite\/wp-json\/wp\/v2\/types\/post"}],"author":[{"embeddable":true,"href":"https:\/\/www.iceagetv.com\/radiosite\/wp-json\/wp\/v2\/users\/2"}],"replies":[{"embeddable":true,"href":"https:\/\/www.iceagetv.com\/radiosite\/wp-json\/wp\/v2\/comments?post=26424"}],"version-history":[{"count":1,"href":"https:\/\/www.iceagetv.com\/radiosite\/wp-json\/wp\/v2\/posts\/26424\/revisions"}],"predecessor-version":[{"id":26426,"href":"https:\/\/www.iceagetv.com\/radiosite\/wp-json\/wp\/v2\/posts\/26424\/revisions\/26426"}],"wp:featuredmedia":[{"embeddable":true,"href":"https:\/\/www.iceagetv.com\/radiosite\/wp-json\/wp\/v2\/media\/26425"}],"wp:attachment":[{"href":"https:\/\/www.iceagetv.com\/radiosite\/wp-json\/wp\/v2\/media?parent=26424"}],"wp:term":[{"taxonomy":"category","embeddable":true,"href":"https:\/\/www.iceagetv.com\/radiosite\/wp-json\/wp\/v2\/categories?post=26424"},{"taxonomy":"post_tag","embeddable":true,"href":"https:\/\/www.iceagetv.com\/radiosite\/wp-json\/wp\/v2\/tags?post=26424"}],"curies":[{"name":"wp","href":"https:\/\/api.w.org\/{rel}","templated":true}]}}