{"id":26449,"date":"2023-12-18T12:05:00","date_gmt":"2023-12-18T12:05:00","guid":{"rendered":"https:\/\/www.iceagetv.com\/radiosite\/?p=26449"},"modified":"2023-12-18T12:05:00","modified_gmt":"2023-12-18T12:05:00","slug":"la-statue-de-lacteur-gerard-depardieu-retiree-du-musee-grevin-a-paris-apres-les-reactions-negatives-des-visiteurs-et-sur-les-reseaux-sociaux","status":"publish","type":"post","link":"https:\/\/www.iceagetv.com\/radiosite\/la-statue-de-lacteur-gerard-depardieu-retiree-du-musee-grevin-a-paris-apres-les-reactions-negatives-des-visiteurs-et-sur-les-reseaux-sociaux\/","title":{"rendered":"La statue de l&rsquo;acteur G\u00e9rard Depardieu retir\u00e9e du mus\u00e9e Gr\u00e9vin \u00e0 Paris apr\u00e8s \u00ab\u00a0les r\u00e9actions n\u00e9gatives des visiteurs et sur les r\u00e9seaux sociaux\u00a0\u00bb"},"content":{"rendered":"\n<p>La statue de l&rsquo;acteur&nbsp;G\u00e9rard Depardieu&nbsp;a \u00e9t\u00e9 retir\u00e9e lundi du parcours de visite du mus\u00e9e Gr\u00e9vin \u00e0 Paris, a appris l&rsquo;AFP aupr\u00e8s de la direction du \u00ab\u00a0Panth\u00e9on de cire des c\u00e9l\u00e9brit\u00e9s\u00a0\u00bb. La d\u00e9cision de retrait a \u00e9t\u00e9 prise \u00ab\u00a0devant les r\u00e9actions n\u00e9gatives des visiteurs&nbsp;(en passant devant le personnage de cire de l&rsquo;acteur, NDLR), ainsi que sur nos r\u00e9seaux sociaux\u00a0\u00bb, a pr\u00e9cis\u00e9 cette source.<\/p>\n\n\n\n<p>La diffusion r\u00e9cente d&rsquo;un reportage sur l&rsquo;acteur, dans l&rsquo;\u00e9mission&nbsp;Compl\u00e9ment d&rsquo;enqu\u00eate&nbsp;sur France 2, a provoqu\u00e9 une onde de choc, avec des r\u00e9percussions internationales. Sur ces images, G\u00e9rard Depardieu, mis en examen pour viols depuis 2020 apr\u00e8s des accusations qu&rsquo;il conteste, multiplie les propos misogynes et insultants en s&rsquo;adressant \u00e0 des femmes.<\/p>\n\n\n\n<p>En fin de semaine derni\u00e8re, l&rsquo;acteur de&nbsp;1492: Christophe Colomb&nbsp;a \u00e9t\u00e9&nbsp;radi\u00e9 de l&rsquo;Ordre national du Qu\u00e9bec&nbsp;et de son titre de citoyen d&rsquo;honneur de la commune d&rsquo;Estaimpuis (Belgique). En France, la ministre de la Culture Rima Abdul Malak a annonc\u00e9 vendredi une proc\u00e9dure disciplinaire de l&rsquo;ordre de la L\u00e9gion d&rsquo;honneur,&nbsp;pouvant aboutir \u00e0 son retrait.<\/p>\n\n\n\n<p>L&rsquo;ex-monstre sacr\u00e9 du cin\u00e9ma fran\u00e7ais a r\u00e9pliqu\u00e9 le lendemain via ses avocats en disant mettre cette prestigieuse distinction \u00ab\u00a0\u00e0 la disposition\u00a0\u00bb de la ministre. La famille de G\u00e9rard Depardieu a ensuite d\u00e9nonc\u00e9&nbsp;\u00ab\u00a0une cabale\u00a0\u00bb, dans une tribune publi\u00e9e par le&nbsp;Journal du dimanche, en d\u00e9plorant notamment une \u00ab\u00a0rage collective\u00a0\u00bb contre l&rsquo;acteur.<\/p>\n\n\n\n<p>Cr\u00e9\u00e9 en 1882 \u00e0 l&rsquo;initiative du journaliste Arthur Meyer, fondateur du \u00ab\u00a0Gaulois\u00a0\u00bb, puissant quotidien de l&rsquo;\u00e9poque, le mus\u00e9e Gr\u00e9vin accueille 800.000 visiteurs par an, le plus souvent un public familial avec enfants. Les statues de cire de 250 personnalit\u00e9s historiques et contemporaines y sont pr\u00e9sent\u00e9es. G\u00e9rard Depardieu a inaugur\u00e9 son double de cire en 1981.<\/p>\n","protected":false},"excerpt":{"rendered":"<p>La statue de l&rsquo;acteur&nbsp;G\u00e9rard Depardieu&nbsp;a \u00e9t\u00e9 retir\u00e9e lundi du parcours de visite du mus\u00e9e Gr\u00e9vin \u00e0 Paris, a appris l&rsquo;AFP aupr\u00e8s de la direction du \u00ab\u00a0Panth\u00e9on de cire des c\u00e9l\u00e9brit\u00e9s\u00a0\u00bb. La d\u00e9cision de retrait a \u00e9t\u00e9 prise \u00ab\u00a0devant les r\u00e9actions n\u00e9gatives des visiteurs&nbsp;(en passant devant le personnage de cire de l&rsquo;acteur, NDLR), ainsi que sur [&hellip;]<\/p>\n","protected":false},"author":2,"featured_media":26450,"comment_status":"open","ping_status":"open","sticky":false,"template":"","format":"standard","meta":{"_jetpack_memberships_contains_paid_content":false,"footnotes":"","jetpack_publicize_message":"","jetpack_publicize_feature_enabled":true,"jetpack_social_post_already_shared":true,"jetpack_social_options":{"image_generator_settings":{"template":"highway","default_image_id":0,"font":"","enabled":false},"version":2},"_wpas_customize_per_network":false},"categories":[405],"tags":[],"class_list":["post-26449","post","type-post","status-publish","format-standard","has-post-thumbnail","hentry","category-actu-france-monde"],"jetpack_publicize_connections":[],"jetpack_featured_media_url":"https:\/\/i0.wp.com\/www.iceagetv.com\/radiosite\/wp-content\/uploads\/2023\/12\/La-statue-de-lacteur-Gerard-Depardieu.jpg?fit=679%2C293&ssl=1","jetpack_sharing_enabled":true,"_links":{"self":[{"href":"https:\/\/www.iceagetv.com\/radiosite\/wp-json\/wp\/v2\/posts\/26449","targetHints":{"allow":["GET"]}}],"collection":[{"href":"https:\/\/www.iceagetv.com\/radiosite\/wp-json\/wp\/v2\/posts"}],"about":[{"href":"https:\/\/www.iceagetv.com\/radiosite\/wp-json\/wp\/v2\/types\/post"}],"author":[{"embeddable":true,"href":"https:\/\/www.iceagetv.com\/radiosite\/wp-json\/wp\/v2\/users\/2"}],"replies":[{"embeddable":true,"href":"https:\/\/www.iceagetv.com\/radiosite\/wp-json\/wp\/v2\/comments?post=26449"}],"version-history":[{"count":1,"href":"https:\/\/www.iceagetv.com\/radiosite\/wp-json\/wp\/v2\/posts\/26449\/revisions"}],"predecessor-version":[{"id":26451,"href":"https:\/\/www.iceagetv.com\/radiosite\/wp-json\/wp\/v2\/posts\/26449\/revisions\/26451"}],"wp:featuredmedia":[{"embeddable":true,"href":"https:\/\/www.iceagetv.com\/radiosite\/wp-json\/wp\/v2\/media\/26450"}],"wp:attachment":[{"href":"https:\/\/www.iceagetv.com\/radiosite\/wp-json\/wp\/v2\/media?parent=26449"}],"wp:term":[{"taxonomy":"category","embeddable":true,"href":"https:\/\/www.iceagetv.com\/radiosite\/wp-json\/wp\/v2\/categories?post=26449"},{"taxonomy":"post_tag","embeddable":true,"href":"https:\/\/www.iceagetv.com\/radiosite\/wp-json\/wp\/v2\/tags?post=26449"}],"curies":[{"name":"wp","href":"https:\/\/api.w.org\/{rel}","templated":true}]}}