{"id":26455,"date":"2023-12-18T16:22:58","date_gmt":"2023-12-18T16:22:58","guid":{"rendered":"https:\/\/www.iceagetv.com\/radiosite\/?p=26455"},"modified":"2023-12-18T16:22:58","modified_gmt":"2023-12-18T16:22:58","slug":"paris-ce-que-lon-sait-de-la-mort-dun-pieton-percute-par-une-moto-de-la-brav-m","status":"publish","type":"post","link":"https:\/\/www.iceagetv.com\/radiosite\/paris-ce-que-lon-sait-de-la-mort-dun-pieton-percute-par-une-moto-de-la-brav-m\/","title":{"rendered":"Paris : ce que l&rsquo;on sait de la mort d&rsquo;un pi\u00e9ton percut\u00e9 par une moto de la Brav-M"},"content":{"rendered":"\n<p>L&rsquo;unit\u00e9 de police controvers\u00e9e est une nouvelle fois point\u00e9e du doigt. Une&nbsp;<a href=\"https:\/\/www.francetvinfo.fr\/societe\/justice\/enquete-ouverte-apres-la-mort-d-un-pieton-percute-par-un-motard-de-la-brav-m-a-paris_6250530.html\">enqu\u00eate a \u00e9t\u00e9 ouverte \u00e0 Paris<\/a>&nbsp;apr\u00e8s la mort mi-d\u00e9cembre d&rsquo;un homme percut\u00e9 par une moto de la Brigade de r\u00e9pression de l&rsquo;action violente motoris\u00e9es (Brav-M), afin de&nbsp;<em>\u00ab\u00a0d\u00e9terminer les circonstances\u00a0\u00bb<\/em>&nbsp;de ce d\u00e9c\u00e8s, a d\u00e9clar\u00e9 dimanche 17 d\u00e9cembre le parquet de Paris, confirmant une information de&nbsp;<a href=\"https:\/\/www.mediapart.fr\/journal\/france\/171223\/paris-la-brav-m-percute-et-tue-un-pieton\" target=\"_blank\" rel=\"noreferrer noopener\">Mediapart<\/a>.<\/p>\n\n\n\n<p>Elle a \u00e9t\u00e9 confi\u00e9e \u00e0 l&rsquo;Inspection g\u00e9n\u00e9rale de la police nationale (IGPN) et au service de traitement judiciaire des accidents et fait suite \u00e0<em>&nbsp;\u00ab\u00a0un accident mortel impliquant une moto de la Brav-M et un pi\u00e9ton qui traversait\u00a0\u00bb<\/em>, dans le 19e arrondissement de la capitale, d\u00e9taille le parquet.&nbsp;Voici ce que l&rsquo;on sait de cet accident.&nbsp;<\/p>\n\n\n\n<h2 class=\"wp-block-heading\">Le policier \u00ab\u00a0essayait d&rsquo;\u00e9viter un v\u00e9hicule tiers\u00a0\u00bb<\/h2>\n\n\n\n<p>L&rsquo;accident a eu lieu<em>&nbsp;\u00ab\u00a0le 12 d\u00e9cembre vers 16 heures\u00a0\u00bb,&nbsp;<\/em>avenue de Flandre, dans le 19e arrondissement, affirme le parquet de Paris contact\u00e9 par franceinfo lundi. Une \u00e9quipe de la Brav-M circulait alors<em>&nbsp;\u00ab\u00a0en colonne\u00a0\u00bb<\/em>&nbsp;et \u00e9tait appel\u00e9e en renfort dans un quartier parisien, pr\u00e9cise de son c\u00f4t\u00e9 la pr\u00e9fecture de police.<\/p>\n\n\n\n<p>Une des motos a&nbsp;<em>\u00ab\u00a0percut\u00e9 un pi\u00e9ton qui traversait l&rsquo;avenue\u00a0\u00bb<\/em>, alors que le feu \u00e9tait&nbsp;<em>\u00ab\u00a0vert pour les pi\u00e9tons\u00a0\u00bb<\/em>, relate le parquet. La pr\u00e9fecture ajoute que le policier qui conduisait la moto&nbsp;<em>\u00ab\u00a0essayait d&rsquo;\u00e9viter un v\u00e9hicule tiers\u00a0\u00bb<\/em>.<\/p>\n\n\n\n<h2 class=\"wp-block-heading\">L&rsquo;alcootest du motard n\u00e9gatif<\/h2>\n\n\n\n<p><em>\u00ab\u00a0L&rsquo;\u00e9tat de la victime, un riverain n\u00e9 en 1939, s&rsquo;est rapidement d\u00e9grad\u00e9 et elle est d\u00e9c\u00e9d\u00e9e \u00e0 l&rsquo;h\u00f4pital le lendemain\u00a0\u00bb<\/em>, explique le parquet, qui a alors d\u00e9cid\u00e9 d&rsquo;ouvrir une enqu\u00eate pour \u00ab\u00a0homicide involontaire par conducteur\u00a0\u00bb.&nbsp;<\/p>\n\n\n\n<p>D&rsquo;apr\u00e8s les premiers \u00e9l\u00e9ments de l&rsquo;enqu\u00eate, r\u00e9v\u00e9l\u00e9s par Mediapart,\u00a0<em>\u00ab\u00a0l&rsquo;alcootest du motard s&rsquo;est r\u00e9v\u00e9l\u00e9 n\u00e9gatif, mais la saisine tardive de la justice, seulement apr\u00e8s le d\u00e9c\u00e8s du pi\u00e9ton, emp\u00eache des analyses sanguines compl\u00e9mentaires\u00a0\u00bb.\u00a0<\/em><\/p>\n\n\n\n<h2 class=\"wp-block-heading\">Plusieurs enqu\u00eates lanc\u00e9es apr\u00e8s des violences sur des manifestants&nbsp;<\/h2>\n\n\n\n<p><a href=\"https:\/\/www.francetvinfo.fr\/economie\/retraite\/reforme-des-retraites\/manifestations-contre-la-reforme-des-retraites-que-sont-les-brav-m-ces-unites-de-police-dont-des-elus-lfi-demandent-le-demantelement_5727992.html\">Les brigades franciliennes de la Brav-M<\/a>, compos\u00e9es de bin\u00f4mes circulant \u00e0 moto, ont \u00e9t\u00e9 d\u00e9ploy\u00e9es pour la premi\u00e8re fois au printemps 2019, lors du mouvement des \u00ab\u00a0gilets jaunes\u00a0\u00bb. Elles ont pour mission d&rsquo;intervenir rapidement, pour disperser des groupes jug\u00e9s violents.&nbsp;<em>\u00ab\u00a0Il fallait une unit\u00e9 plus flexible, plus facile \u00e0 d\u00e9ployer\u00a0\u00bb<\/em>, rappelait en avril Mathieu Zagrodzki, sp\u00e9cialiste des questions de s\u00e9curit\u00e9,&nbsp;<a href=\"https:\/\/www.francetvinfo.fr\/faits-divers\/police\/maintien-de-l-ordre-les-brav-m-sont-elles-totalement-indispensables-comme-l-affirme-laurent-nunez_5751668.html\">\u00e0 franceinfo<\/a>. En dehors des manifestations,&nbsp;<em>\u00ab\u00a0la Brav-M tourne au quotidien dans Paris et en petite couronne&nbsp;: ils font des patrouilles, des op\u00e9rations antidrogue dans des zones sensibles\u00a0\u00bb,<\/em>&nbsp;pr\u00e9cisait le chercheur.<\/p>\n\n\n\n<p>Leurs effectifs sont r\u00e9guli\u00e8rement point\u00e9s du doigt.&nbsp;En mars dernier, l&rsquo;IGPN a ainsi \u00e9t\u00e9<a href=\"https:\/\/www.francetvinfo.fr\/economie\/retraite\/reforme-des-retraites\/reforme-des-retraites-l-igpn-saisie-apres-la-diffusion-d-une-video-montrant-un-policier-assener-un-coup-de-poing-a-un-manifestant_5723918.html\">&nbsp;saisie par le parquet de Paris<\/a>&nbsp;apr\u00e8s la diffusion sur les r\u00e9seaux sociaux d&rsquo;une vid\u00e9o montrant un policier de la Brav-M&nbsp;<a href=\"https:\/\/www.francetvinfo.fr\/economie\/retraite\/reforme-des-retraites\/manifestant-frappe-au-visage-a-paris-le-policier-nie-avoir-voulu-donner-un-coup-de-poing_5725988.html\">ass\u00e9ner un coup de poing<\/a>&nbsp;\u00e0 un manifestant. Une autre enqu\u00eate a \u00e9galement \u00e9t\u00e9 confi\u00e9e \u00e0 la \u00ab\u00a0police des polices\u00a0\u00bb apr\u00e8s&nbsp;<a href=\"https:\/\/www.francetvinfo.fr\/economie\/retraite\/reforme-des-retraites\/enregistrement-de-policiers-de-la-brav-m-ce-que-l-on-sait-de-l-interpellation-durant-laquelle-des-manifestants-ont-ete-insultes-et-menaces_5731976.html\">la diffusion d&rsquo;un enregistrement<\/a>, dans lequel des policiers de la Brav-M tenaient des propos injurieux et mena\u00e7ants contre des personnes interpell\u00e9es lors d&rsquo;une manifestation spontan\u00e9e. Depuis, trois agents mis en cause dans cet enregistrement ont \u00e9t\u00e9 renvoy\u00e9s en conseil de discipline et quatre autres ont \u00e9t\u00e9 sanctionn\u00e9s d&rsquo;un avertissement. Le d\u00e9mant\u00e8lement de cette unit\u00e9 a \u00e9t\u00e9 r\u00e9clam\u00e9 par des p\u00e9titions citoyennes et par&nbsp;<a href=\"https:\/\/www.francetvinfo.fr\/economie\/retraite\/reforme-des-retraites\/info-franceinfo-reforme-des-retraites-trois-deputes-lfi-demandent-la-dissolution-la-brav-m-a-gerald-darmanin_5725115.html\">plusieurs d\u00e9put\u00e9s de La France insoumise (LFI)<\/a>.&nbsp;<\/p>\n","protected":false},"excerpt":{"rendered":"<p>L&rsquo;unit\u00e9 de police controvers\u00e9e est une nouvelle fois point\u00e9e du doigt. Une&nbsp;enqu\u00eate a \u00e9t\u00e9 ouverte \u00e0 Paris&nbsp;apr\u00e8s la mort mi-d\u00e9cembre d&rsquo;un homme percut\u00e9 par une moto de la Brigade de r\u00e9pression de l&rsquo;action violente motoris\u00e9es (Brav-M), afin de&nbsp;\u00ab\u00a0d\u00e9terminer les circonstances\u00a0\u00bb&nbsp;de ce d\u00e9c\u00e8s, a d\u00e9clar\u00e9 dimanche 17 d\u00e9cembre le parquet de Paris, confirmant une information de&nbsp;Mediapart. [&hellip;]<\/p>\n","protected":false},"author":2,"featured_media":26456,"comment_status":"open","ping_status":"open","sticky":false,"template":"","format":"standard","meta":{"_jetpack_memberships_contains_paid_content":false,"footnotes":"","jetpack_publicize_message":"","jetpack_publicize_feature_enabled":true,"jetpack_social_post_already_shared":true,"jetpack_social_options":{"image_generator_settings":{"template":"highway","default_image_id":0,"font":"","enabled":false},"version":2},"_wpas_customize_per_network":false},"categories":[405],"tags":[],"class_list":["post-26455","post","type-post","status-publish","format-standard","has-post-thumbnail","hentry","category-actu-france-monde"],"jetpack_publicize_connections":[],"jetpack_featured_media_url":"https:\/\/i0.wp.com\/www.iceagetv.com\/radiosite\/wp-content\/uploads\/2023\/12\/ce-que-lon-sait-de-la-mort-dun-pieton-percute-par-une-moto-de-la-Brav-M.jpg?fit=680%2C383&ssl=1","jetpack_sharing_enabled":true,"_links":{"self":[{"href":"https:\/\/www.iceagetv.com\/radiosite\/wp-json\/wp\/v2\/posts\/26455","targetHints":{"allow":["GET"]}}],"collection":[{"href":"https:\/\/www.iceagetv.com\/radiosite\/wp-json\/wp\/v2\/posts"}],"about":[{"href":"https:\/\/www.iceagetv.com\/radiosite\/wp-json\/wp\/v2\/types\/post"}],"author":[{"embeddable":true,"href":"https:\/\/www.iceagetv.com\/radiosite\/wp-json\/wp\/v2\/users\/2"}],"replies":[{"embeddable":true,"href":"https:\/\/www.iceagetv.com\/radiosite\/wp-json\/wp\/v2\/comments?post=26455"}],"version-history":[{"count":1,"href":"https:\/\/www.iceagetv.com\/radiosite\/wp-json\/wp\/v2\/posts\/26455\/revisions"}],"predecessor-version":[{"id":26457,"href":"https:\/\/www.iceagetv.com\/radiosite\/wp-json\/wp\/v2\/posts\/26455\/revisions\/26457"}],"wp:featuredmedia":[{"embeddable":true,"href":"https:\/\/www.iceagetv.com\/radiosite\/wp-json\/wp\/v2\/media\/26456"}],"wp:attachment":[{"href":"https:\/\/www.iceagetv.com\/radiosite\/wp-json\/wp\/v2\/media?parent=26455"}],"wp:term":[{"taxonomy":"category","embeddable":true,"href":"https:\/\/www.iceagetv.com\/radiosite\/wp-json\/wp\/v2\/categories?post=26455"},{"taxonomy":"post_tag","embeddable":true,"href":"https:\/\/www.iceagetv.com\/radiosite\/wp-json\/wp\/v2\/tags?post=26455"}],"curies":[{"name":"wp","href":"https:\/\/api.w.org\/{rel}","templated":true}]}}