{"id":26462,"date":"2023-12-19T12:07:01","date_gmt":"2023-12-19T12:07:01","guid":{"rendered":"https:\/\/www.iceagetv.com\/radiosite\/?p=26462"},"modified":"2023-12-19T12:07:01","modified_gmt":"2023-12-19T12:07:01","slug":"tf1-lancera-la-serie-quotidienne-plus-belle-la-vie-encore-plus-belle-le-lundi-8-janvier-prochain-a-13h40-juste-apres-le-jt-de-13h","status":"publish","type":"post","link":"https:\/\/www.iceagetv.com\/radiosite\/tf1-lancera-la-serie-quotidienne-plus-belle-la-vie-encore-plus-belle-le-lundi-8-janvier-prochain-a-13h40-juste-apres-le-jt-de-13h\/","title":{"rendered":"TF1 lancera la s\u00e9rie quotidienne \u00ab\u00a0Plus belle la vie, encore plus belle\u00a0\u00bb le lundi 8 janvier prochain \u00e0 13h40 juste apr\u00e8s le JT de 13h"},"content":{"rendered":"\n<p>TF1 vient d&rsquo;officialiser la date et l&rsquo;horaire du retour de \u00ab\u00a0Plus belle la vie\u00a0\u00bb. Intitul\u00e9e \u00ab\u00a0Plus belle la vie, encore plus belle\u00a0\u00bb, la s\u00e9rie quotidienne sera lanc\u00e9e le lundi 8 janvier prochain \u00e0 13h40, juste apr\u00e8s le JT de 13h de TF1.<\/p>\n\n\n\n<p>Au casting, les t\u00e9l\u00e9spectateurs retrouveront Anne Decis (Luna Torres), C\u00e9cilia Hornus (Blanche Marci), Sylvie Flepp (Mirta Torres), Elisabeth Commelin (Yolande Sandr\u00e9), Jade Pradin (Morgane Tanguy), Val Duclaux (Jules Langlois), Ella Philippe (Nisma Bailly), Florian Abboud (Steve Brudet), I\u00f1aki Lartigue (Samuel Gayet), Lola Marois (Ariane Hersant), St\u00e9phane Henon (Jean-Paul Boher) ou encore Moon Dailly (M\u00e9line Liao)<\/p>\n\n\n\n<p><strong>Pr\u00e9sentation<\/strong><\/p>\n\n\n\n<p>Un an apr\u00e8s une catastrophe qui a boulevers\u00e9 la vie des Mistraliens, tout le quartier se donne rendez-vous \u00e0 l\u2019inauguration du nouveau bar des Marci, pour f\u00eater leurs retrouvailles et l\u2019arriv\u00e9e des nouveaux habitants. Mais un \u00e9v\u00e8nement risque bien de g\u00e2cher la f\u00eate\u2026<\/p>\n","protected":false},"excerpt":{"rendered":"<p>TF1 vient d&rsquo;officialiser la date et l&rsquo;horaire du retour de \u00ab\u00a0Plus belle la vie\u00a0\u00bb. Intitul\u00e9e \u00ab\u00a0Plus belle la vie, encore plus belle\u00a0\u00bb, la s\u00e9rie quotidienne sera lanc\u00e9e le lundi 8 janvier prochain \u00e0 13h40, juste apr\u00e8s le JT de 13h de TF1. Au casting, les t\u00e9l\u00e9spectateurs retrouveront Anne Decis (Luna Torres), C\u00e9cilia Hornus (Blanche Marci), [&hellip;]<\/p>\n","protected":false},"author":2,"featured_media":26463,"comment_status":"open","ping_status":"open","sticky":false,"template":"","format":"standard","meta":{"_jetpack_memberships_contains_paid_content":false,"footnotes":"","jetpack_publicize_message":"","jetpack_publicize_feature_enabled":true,"jetpack_social_post_already_shared":true,"jetpack_social_options":{"image_generator_settings":{"template":"highway","default_image_id":0,"font":"","enabled":false},"version":2},"_wpas_customize_per_network":false},"categories":[68],"tags":[],"class_list":["post-26462","post","type-post","status-publish","format-standard","has-post-thumbnail","hentry","category-actu-culturelle"],"jetpack_publicize_connections":[],"jetpack_featured_media_url":"https:\/\/i0.wp.com\/www.iceagetv.com\/radiosite\/wp-content\/uploads\/2023\/12\/TF1-lancera-la-serie-quotidienne.jpg?fit=679%2C293&ssl=1","jetpack_sharing_enabled":true,"_links":{"self":[{"href":"https:\/\/www.iceagetv.com\/radiosite\/wp-json\/wp\/v2\/posts\/26462","targetHints":{"allow":["GET"]}}],"collection":[{"href":"https:\/\/www.iceagetv.com\/radiosite\/wp-json\/wp\/v2\/posts"}],"about":[{"href":"https:\/\/www.iceagetv.com\/radiosite\/wp-json\/wp\/v2\/types\/post"}],"author":[{"embeddable":true,"href":"https:\/\/www.iceagetv.com\/radiosite\/wp-json\/wp\/v2\/users\/2"}],"replies":[{"embeddable":true,"href":"https:\/\/www.iceagetv.com\/radiosite\/wp-json\/wp\/v2\/comments?post=26462"}],"version-history":[{"count":1,"href":"https:\/\/www.iceagetv.com\/radiosite\/wp-json\/wp\/v2\/posts\/26462\/revisions"}],"predecessor-version":[{"id":26464,"href":"https:\/\/www.iceagetv.com\/radiosite\/wp-json\/wp\/v2\/posts\/26462\/revisions\/26464"}],"wp:featuredmedia":[{"embeddable":true,"href":"https:\/\/www.iceagetv.com\/radiosite\/wp-json\/wp\/v2\/media\/26463"}],"wp:attachment":[{"href":"https:\/\/www.iceagetv.com\/radiosite\/wp-json\/wp\/v2\/media?parent=26462"}],"wp:term":[{"taxonomy":"category","embeddable":true,"href":"https:\/\/www.iceagetv.com\/radiosite\/wp-json\/wp\/v2\/categories?post=26462"},{"taxonomy":"post_tag","embeddable":true,"href":"https:\/\/www.iceagetv.com\/radiosite\/wp-json\/wp\/v2\/tags?post=26462"}],"curies":[{"name":"wp","href":"https:\/\/api.w.org\/{rel}","templated":true}]}}