{"id":26465,"date":"2023-12-19T14:19:33","date_gmt":"2023-12-19T14:19:33","guid":{"rendered":"https:\/\/www.iceagetv.com\/radiosite\/?p=26465"},"modified":"2023-12-19T14:19:33","modified_gmt":"2023-12-19T14:19:33","slug":"les-administrateurs-judiciaires-dhabitat-en-grande-difficulte-financiere-vont-demander-le-placement-en-liquidation-de-lenseigne-specialisee-dans-lameublement-et-l","status":"publish","type":"post","link":"https:\/\/www.iceagetv.com\/radiosite\/les-administrateurs-judiciaires-dhabitat-en-grande-difficulte-financiere-vont-demander-le-placement-en-liquidation-de-lenseigne-specialisee-dans-lameublement-et-l\/","title":{"rendered":"Les administrateurs judiciaires d\u2019Habitat, en grande difficult\u00e9 financi\u00e8re, vont demander le placement en liquidation de l\u2019enseigne sp\u00e9cialis\u00e9e dans l\u2019ameublement et l\u2019\u00e9quipement de la maison"},"content":{"rendered":"\n<p>Les administrateurs judiciaires d\u2019Habitat, en grande difficult\u00e9 financi\u00e8re, vont demander le placement en liquidation de l\u2019enseigne sp\u00e9cialis\u00e9e dans l\u2019ameublement et l\u2019\u00e9quipement de la maison lors d\u2019une audience pr\u00e9vue mercredi au tribunal de Bobigny, a indiqu\u00e9 lundi la direction \u00e0 l\u2019AFP.<\/p>\n\n\n\n<p>Habitat, fond\u00e9e en 1964, avait \u00e9t\u00e9 plac\u00e9e d\u00e9but d\u00e9cembre en redressement judiciaire; les administrateurs ont annonc\u00e9 vendredi en CSE (comit\u00e9 social et \u00e9conomique) qu\u2019ils allaient demander la liquidation, a pr\u00e9cis\u00e9 la direction, confirmant une information du Monde et de M\u00e9diapart.<\/p>\n\n\n\n<p>Habitat France avait g\u00e9n\u00e9r\u00e9 en 2022 un chiffre d\u2019affaires de 65 millions d\u2019euros et employait r\u00e9cemment un peu plus de 300 salari\u00e9s, selon le jugement d\u2019ouverture de redressement judiciaire, rendu d\u00e9but d\u00e9cembre.<\/p>\n\n\n\n<p>La soci\u00e9t\u00e9 m\u00e8re, Habitat Design International, qui emploie 68 personnes et affichait en 2022 un chiffre d\u2019affaires de 51,8 millions d\u2019euros, avait \u00e9galement \u00e9t\u00e9 plac\u00e9e en redressement judiciaire d\u00e9but d\u00e9cembre.<\/p>\n\n\n\n<p>Selon Le Monde, la tr\u00e9sorerie de l\u2019entreprise s\u2019est effondr\u00e9e au lendemain de son placement en redressement judiciaire, le personnel des vingt-cinq magasins ayant exerc\u00e9 son droit de retrait et proc\u00e9d\u00e9 \u00e0 la fermeture de l\u2019ensemble des points de ventes exploit\u00e9s en propre en France, apr\u00e8s de multiples incidents avec les clients dont les commandes ne seront pas honor\u00e9es.<\/p>\n\n\n\n<p>Habitat expliquait d\u00e9but d\u00e9cembre avoir \u00ab&nbsp;\u00e9t\u00e9 confront\u00e9e \u00e0 des difficult\u00e9s financi\u00e8res profondes, largement attribuables \u00e0 une gestion ant\u00e9rieure d\u00e9faillante et exacerb\u00e9es par des facteurs plus r\u00e9cents: une baisse significative de la fr\u00e9quentation des magasins, un choc inflationniste et la flamb\u00e9e des prix de l\u2019\u00e9nergie, des mati\u00e8res premi\u00e8res et du transport, avec un impact direct sur le pouvoir d\u2019achat des m\u00e9nages, des mouvements sociaux internes ayant perturb\u00e9 l\u2019activit\u00e9&nbsp;\u00bb.<\/p>\n\n\n\n<p>L\u2019enseigne avait en outre annonc\u00e9 pr\u00e9parer un plan de redressement par voie de continuation \u00ab&nbsp;de mani\u00e8re \u00e0 atteindre durablement la rentabilit\u00e9 et \u00e0 honorer ses engagements&nbsp;\u00bb.<\/p>\n","protected":false},"excerpt":{"rendered":"<p>Les administrateurs judiciaires d\u2019Habitat, en grande difficult\u00e9 financi\u00e8re, vont demander le placement en liquidation de l\u2019enseigne sp\u00e9cialis\u00e9e dans l\u2019ameublement et l\u2019\u00e9quipement de la maison lors d\u2019une audience pr\u00e9vue mercredi au tribunal de Bobigny, a indiqu\u00e9 lundi la direction \u00e0 l\u2019AFP. Habitat, fond\u00e9e en 1964, avait \u00e9t\u00e9 plac\u00e9e d\u00e9but d\u00e9cembre en redressement judiciaire; les administrateurs ont [&hellip;]<\/p>\n","protected":false},"author":2,"featured_media":26466,"comment_status":"open","ping_status":"open","sticky":false,"template":"","format":"standard","meta":{"_jetpack_memberships_contains_paid_content":false,"footnotes":"","jetpack_publicize_message":"","jetpack_publicize_feature_enabled":true,"jetpack_social_post_already_shared":true,"jetpack_social_options":{"image_generator_settings":{"template":"highway","default_image_id":0,"font":"","enabled":false},"version":2},"_wpas_customize_per_network":false},"categories":[405],"tags":[],"class_list":["post-26465","post","type-post","status-publish","format-standard","has-post-thumbnail","hentry","category-actu-france-monde"],"jetpack_publicize_connections":[],"jetpack_featured_media_url":"https:\/\/i0.wp.com\/www.iceagetv.com\/radiosite\/wp-content\/uploads\/2023\/12\/Habitat.jpg?fit=679%2C293&ssl=1","jetpack_sharing_enabled":true,"_links":{"self":[{"href":"https:\/\/www.iceagetv.com\/radiosite\/wp-json\/wp\/v2\/posts\/26465","targetHints":{"allow":["GET"]}}],"collection":[{"href":"https:\/\/www.iceagetv.com\/radiosite\/wp-json\/wp\/v2\/posts"}],"about":[{"href":"https:\/\/www.iceagetv.com\/radiosite\/wp-json\/wp\/v2\/types\/post"}],"author":[{"embeddable":true,"href":"https:\/\/www.iceagetv.com\/radiosite\/wp-json\/wp\/v2\/users\/2"}],"replies":[{"embeddable":true,"href":"https:\/\/www.iceagetv.com\/radiosite\/wp-json\/wp\/v2\/comments?post=26465"}],"version-history":[{"count":1,"href":"https:\/\/www.iceagetv.com\/radiosite\/wp-json\/wp\/v2\/posts\/26465\/revisions"}],"predecessor-version":[{"id":26467,"href":"https:\/\/www.iceagetv.com\/radiosite\/wp-json\/wp\/v2\/posts\/26465\/revisions\/26467"}],"wp:featuredmedia":[{"embeddable":true,"href":"https:\/\/www.iceagetv.com\/radiosite\/wp-json\/wp\/v2\/media\/26466"}],"wp:attachment":[{"href":"https:\/\/www.iceagetv.com\/radiosite\/wp-json\/wp\/v2\/media?parent=26465"}],"wp:term":[{"taxonomy":"category","embeddable":true,"href":"https:\/\/www.iceagetv.com\/radiosite\/wp-json\/wp\/v2\/categories?post=26465"},{"taxonomy":"post_tag","embeddable":true,"href":"https:\/\/www.iceagetv.com\/radiosite\/wp-json\/wp\/v2\/tags?post=26465"}],"curies":[{"name":"wp","href":"https:\/\/api.w.org\/{rel}","templated":true}]}}