{"id":26477,"date":"2023-12-20T15:18:53","date_gmt":"2023-12-20T15:18:53","guid":{"rendered":"https:\/\/www.iceagetv.com\/radiosite\/?p=26477"},"modified":"2023-12-20T15:18:53","modified_gmt":"2023-12-20T15:18:53","slug":"loi-immigration-olivier-veran-confirme-la-demission-du-ministre-de-la-sante-aurelien-rousseau-la-loi-transmise-au-conseil-constitutionnel-des-aujourdhui-par-emmanuel-macron","status":"publish","type":"post","link":"https:\/\/www.iceagetv.com\/radiosite\/loi-immigration-olivier-veran-confirme-la-demission-du-ministre-de-la-sante-aurelien-rousseau-la-loi-transmise-au-conseil-constitutionnel-des-aujourdhui-par-emmanuel-macron\/","title":{"rendered":"Loi Immigration: Olivier V\u00e9ran confirme la d\u00e9mission du ministre de la Sant\u00e9 Aur\u00e9lien Rousseau &#8211; La loi transmise au Conseil constitutionnel d\u00e8s aujourd&rsquo;hui par Emmanuel Macron\u00a0"},"content":{"rendered":"\n<p>Le ministre d\u00e9l\u00e9gu\u00e9 charg\u00e9 des Transports Cl\u00e9ment Beaune, l&rsquo;un des membres du gouvernement susceptibles de pr\u00e9senter sa d\u00e9mission apr\u00e8s le vote de la loi immigration, refuse de se prononcer sur un \u00e9ventuel d\u00e9part.<\/p>\n\n\n\n<p>\u00ab\u00a0Ne vous inqui\u00e9tez pas, je m\u00e9nerai mes combats\u00a0\u00bb, assure -t-il, en d\u00e9placement \u00e0 Saint-Ouen, au Conseil r\u00e9gional d&rsquo;\u00cele-de-France. \u00ab\u00a0Quand on est un responsable politique, on respecte les temps et les lieux.\u00a0\u00bb<\/p>\n\n\n\n<p><strong>Sur son compte Instagram, la ministre de la Culture Rima Abdul Malak a post\u00e9 un communiqu\u00e9. \u00ab\u00a0Contrairement aux rumeurs qui ont circul\u00e9\u00a0\u00bb, la ministre assure \u00ab\u00a0qu&rsquo;elle n&rsquo;a pas envisag\u00e9 de d\u00e9missionner\u00a0\u00bb apr\u00e8s le vote du projet de loi immigration.<\/strong><\/p>\n\n\n\n<p>\u00ab\u00a0Ma d\u00e9termination \u00e0 poursuivre mes combats est totale. Au nom des larmes de mes parents quittant leur Liban natal, au nom de cette France qu&rsquo;ils ont choisie pour sa devise de Libert\u00e9, Egalit\u00e9, Fraternit\u00e9, que je ne cesserai jamais de d\u00e9fendre et de servir, vous me trouverez encore rue de Valois, tant que le Pr\u00e9sident de la R\u00e9publique et la Premi\u00e8re ministre m&rsquo;accorderont leur confiance, pr\u00eate \u00e0 poursuivre ces justes combats\u00a0\u00bb, d\u00e9clare-t-elle.<\/p>\n\n\n\n<p>Et d&rsquo;ajouter : \u00ab\u00a0Je continuerai \u00e0 porter haut, partout en France et en Europe, notre libert\u00e9 de cr\u00e9ation, notre patrimoine, nos industries culturelles, nos langues, le droit d&rsquo;auteur. Bref, notre exception culturelle. Vous me trouverez toujours aux c\u00f4t\u00e9s des artistes et des forces vives de la culture, pour d\u00e9fendre leurs m\u00e9tiers, leurs projets et leurs r\u00eaves. Ouvrir, avec eux, avec vous toutes et tous, les chemins qui pourront nous mener vers une soci\u00e9t\u00e9 plus juste, plus ouverte et plus fraternelle\u00a0\u00bb.\u00a0Sur son compte X, l&rsquo;ancien Ministre de la Sant\u00e9 Aur\u00e9lien Rousseau vient de poster un message. \u00ab\u00a0Merci aux \u00e9quipes formidables du Minist\u00e8re de la Sant\u00e9. Je dois au Pr\u00e9sident de la R\u00e9publique et la Premi\u00e8re ministre l\u2019immense honneur d\u2019avoir servi la R\u00e9publique dans ces fonctions. Merci \u00e0 eux. Je souhaite le meilleur \u00e0 Agn\u00e8s Firmin-Le Bodo, femme de talent et d\u2019engagements !\u00a0\u00bb, \u00e9crit-il sur le r\u00e9seau social.<\/p>\n\n\n\n<p><strong>Le porte-parole du gouvernement Olivier V\u00e9ran s&rsquo;exprime devant les journalistes<\/strong><\/p>\n\n\n\n<p><strong>\u00ab\u00a0Aborder le th\u00e8me de l&rsquo;immigration \u00e9tait nous le savions une mission p\u00e9rilleuse\u00a0\u00bb, \u00ab\u00a0Nous sommes en majorit\u00e9 relative \u00e0 l&rsquo;Assembl\u00e9e nationale (&#8230;) donc nous nous sommes tourn\u00e9s vers la droite\u00a0\u00bb.<\/strong><\/p>\n\n\n\n<p><strong>\u00ab\u00a0Nous savions que la loi serait le fruit d&rsquo;un compromis. Depuis hier, tout le monde tente d&rsquo;imposer son narratif. Le RN et la droite veulent crier victoire\u00a0\u00bb.<\/strong><\/p>\n\n\n\n<p><strong>La loi transmise au Conseil constitutionnel d\u00e8s aujourd&rsquo;hui par Emmanuel Macron, annonce Olivier V\u00e9ran<\/strong><\/p>\n","protected":false},"excerpt":{"rendered":"<p>Le ministre d\u00e9l\u00e9gu\u00e9 charg\u00e9 des Transports Cl\u00e9ment Beaune, l&rsquo;un des membres du gouvernement susceptibles de pr\u00e9senter sa d\u00e9mission apr\u00e8s le vote de la loi immigration, refuse de se prononcer sur un \u00e9ventuel d\u00e9part. \u00ab\u00a0Ne vous inqui\u00e9tez pas, je m\u00e9nerai mes combats\u00a0\u00bb, assure -t-il, en d\u00e9placement \u00e0 Saint-Ouen, au Conseil r\u00e9gional d&rsquo;\u00cele-de-France. \u00ab\u00a0Quand on est un [&hellip;]<\/p>\n","protected":false},"author":2,"featured_media":26478,"comment_status":"open","ping_status":"open","sticky":false,"template":"","format":"standard","meta":{"_jetpack_memberships_contains_paid_content":false,"footnotes":"","jetpack_publicize_message":"","jetpack_publicize_feature_enabled":true,"jetpack_social_post_already_shared":true,"jetpack_social_options":{"image_generator_settings":{"template":"highway","default_image_id":0,"font":"","enabled":false},"version":2},"_wpas_customize_per_network":false},"categories":[405],"tags":[],"class_list":["post-26477","post","type-post","status-publish","format-standard","has-post-thumbnail","hentry","category-actu-france-monde"],"jetpack_publicize_connections":[],"jetpack_featured_media_url":"https:\/\/i0.wp.com\/www.iceagetv.com\/radiosite\/wp-content\/uploads\/2023\/12\/Olivier-Veran-confirme-la-demission-du-ministre-de-la-Sante-Aurelien-Rousseau.jpg?fit=679%2C293&ssl=1","jetpack_sharing_enabled":true,"_links":{"self":[{"href":"https:\/\/www.iceagetv.com\/radiosite\/wp-json\/wp\/v2\/posts\/26477","targetHints":{"allow":["GET"]}}],"collection":[{"href":"https:\/\/www.iceagetv.com\/radiosite\/wp-json\/wp\/v2\/posts"}],"about":[{"href":"https:\/\/www.iceagetv.com\/radiosite\/wp-json\/wp\/v2\/types\/post"}],"author":[{"embeddable":true,"href":"https:\/\/www.iceagetv.com\/radiosite\/wp-json\/wp\/v2\/users\/2"}],"replies":[{"embeddable":true,"href":"https:\/\/www.iceagetv.com\/radiosite\/wp-json\/wp\/v2\/comments?post=26477"}],"version-history":[{"count":1,"href":"https:\/\/www.iceagetv.com\/radiosite\/wp-json\/wp\/v2\/posts\/26477\/revisions"}],"predecessor-version":[{"id":26479,"href":"https:\/\/www.iceagetv.com\/radiosite\/wp-json\/wp\/v2\/posts\/26477\/revisions\/26479"}],"wp:featuredmedia":[{"embeddable":true,"href":"https:\/\/www.iceagetv.com\/radiosite\/wp-json\/wp\/v2\/media\/26478"}],"wp:attachment":[{"href":"https:\/\/www.iceagetv.com\/radiosite\/wp-json\/wp\/v2\/media?parent=26477"}],"wp:term":[{"taxonomy":"category","embeddable":true,"href":"https:\/\/www.iceagetv.com\/radiosite\/wp-json\/wp\/v2\/categories?post=26477"},{"taxonomy":"post_tag","embeddable":true,"href":"https:\/\/www.iceagetv.com\/radiosite\/wp-json\/wp\/v2\/tags?post=26477"}],"curies":[{"name":"wp","href":"https:\/\/api.w.org\/{rel}","templated":true}]}}