{"id":26508,"date":"2023-12-22T05:16:00","date_gmt":"2023-12-22T05:16:00","guid":{"rendered":"https:\/\/www.iceagetv.com\/radiosite\/?p=26508"},"modified":"2023-12-22T05:16:00","modified_gmt":"2023-12-22T05:16:00","slug":"johnny-hallyday-lexposition-ouvre-enfin-a-paris-voici-ce-qui-vous-y-attend","status":"publish","type":"post","link":"https:\/\/www.iceagetv.com\/radiosite\/johnny-hallyday-lexposition-ouvre-enfin-a-paris-voici-ce-qui-vous-y-attend\/","title":{"rendered":"Johnny Hallyday L\u2019Exposition\u00a0\u00bb ouvre enfin \u00e0 Paris, voici ce qui vous y attend"},"content":{"rendered":"\n<p>EXPOSITION &#8211;&nbsp;<em>Ah que coucou<\/em>. Le taulier fait son retour \u00e0 la capitale. Quelques semaines seulement apr\u00e8s la date anniversaire de la disparition de&nbsp;<a href=\"https:\/\/www.huffingtonpost.fr\/people\/article\/jade-et-joy-hallyday-racontent-dans-sept-a-huit-sur-tf1-le-soir-de-la-mort-de-leur-pere-johnny_226846.html\">Johnny Hallyday<\/a>, une exposition \u00e9v\u00e9nement d\u00e9di\u00e9e&nbsp;<a href=\"https:\/\/www.huffingtonpost.fr\/culture\/article\/un-cri-de-johnny-hallyday-une-chanson-inedite-devoilee-six-ans-apres-la-mort-de-l-artiste_225820.html\">au chanteur<\/a>&nbsp;ouvre ses portes \u00e0 Paris, ce vendredi 22&nbsp;d\u00e9cembre.<\/p>\n\n\n\n<p>La date de lancement n\u2019est pas anodine. Elle co\u00efncide avec l\u2019inauguration, ce m\u00eame vendredi, d\u2019une plaque en hommage \u00e0 l\u2019interpr\u00e8te de\u00a0<em>Que je t\u2019aime<\/em>, rue de la Tour des Dames, dans le IXe arrondissement de Paris, en pr\u00e9sence de Laeticia Hallyday et Anne Hidalgo.<\/p>\n\n\n\n<p>Pass\u00e9e d\u2019abord par Bruxelles,&nbsp;<em>Johnny Hallyday L\u2019exposition<\/em>&nbsp;entend, elle, faire \u00ab&nbsp;<em>son devoir de faire vivre l\u2019\u0153uvre&nbsp;<\/em>[de l\u2019artiste disparu en 2017]&nbsp;<em>pour qu\u2019elle continue d\u2019accompagner ses millions de fans, et les nouvelles g\u00e9n\u00e9rations&nbsp;\u00bb,&nbsp;<\/em>comme l\u2019a expliqu\u00e9 Laeticia Hallyday, lors d\u2019une visite organis\u00e9e pour la presse.<\/p>\n\n\n\n<p>La restitution fid\u00e8le et dans le quasi moindre d\u00e9tail de certains \u00e9l\u00e9ments du parcours t\u00e9moigne de l\u2019implication de cette derni\u00e8re, comme la reconstitution de la chambre de l\u2019artiste placard\u00e9e de posters d\u2019Elvis Presley ou de son bureau de Marnes-la-Coquette, maison o\u00f9 il a termin\u00e9 ses jours au mois de d\u00e9cembre&nbsp;2017.<\/p>\n\n\n\n<h2 class=\"wp-block-heading\" id=\"3695806\">Les objets personnels de Johnny Hallyday<\/h2>\n\n\n\n<p>Au menu de ces 3&nbsp;000&nbsp;m\u00e8tres carr\u00e9s d\u2019exposition&nbsp;? Beaucoup d\u2019objets ayant appartenu \u00e0 l\u2019homme, dont des dizaines de photos, des livres, mais aussi sa collection de DVD (qui comprend un paquet de films d\u2019action). Les fans pourront red\u00e9couvrir des images en vid\u00e9o de ses entr\u00e9es sur sc\u00e8ne ou encore certaines de ses tenues, sign\u00e9es Dior, Chanel, Jean Paul Gaultier et bien s\u00fbr l\u2019expert en cuir Jean-Claude Jitrois.<\/p>\n","protected":false},"excerpt":{"rendered":"<p>EXPOSITION &#8211;&nbsp;Ah que coucou. Le taulier fait son retour \u00e0 la capitale. Quelques semaines seulement apr\u00e8s la date anniversaire de la disparition de&nbsp;Johnny Hallyday, une exposition \u00e9v\u00e9nement d\u00e9di\u00e9e&nbsp;au chanteur&nbsp;ouvre ses portes \u00e0 Paris, ce vendredi 22&nbsp;d\u00e9cembre. La date de lancement n\u2019est pas anodine. Elle co\u00efncide avec l\u2019inauguration, ce m\u00eame vendredi, d\u2019une plaque en hommage \u00e0 [&hellip;]<\/p>\n","protected":false},"author":2,"featured_media":26509,"comment_status":"open","ping_status":"open","sticky":false,"template":"","format":"standard","meta":{"_jetpack_memberships_contains_paid_content":false,"footnotes":"","jetpack_publicize_message":"","jetpack_publicize_feature_enabled":true,"jetpack_social_post_already_shared":true,"jetpack_social_options":{"image_generator_settings":{"template":"highway","default_image_id":0,"font":"","enabled":false},"version":2},"_wpas_customize_per_network":false},"categories":[405],"tags":[],"class_list":["post-26508","post","type-post","status-publish","format-standard","has-post-thumbnail","hentry","category-actu-france-monde"],"jetpack_publicize_connections":[],"jetpack_featured_media_url":"https:\/\/i0.wp.com\/www.iceagetv.com\/radiosite\/wp-content\/uploads\/2023\/12\/873086f_1703002040047-gettyimages-1450347577.jpg?fit=640%2C360&ssl=1","jetpack_sharing_enabled":true,"_links":{"self":[{"href":"https:\/\/www.iceagetv.com\/radiosite\/wp-json\/wp\/v2\/posts\/26508","targetHints":{"allow":["GET"]}}],"collection":[{"href":"https:\/\/www.iceagetv.com\/radiosite\/wp-json\/wp\/v2\/posts"}],"about":[{"href":"https:\/\/www.iceagetv.com\/radiosite\/wp-json\/wp\/v2\/types\/post"}],"author":[{"embeddable":true,"href":"https:\/\/www.iceagetv.com\/radiosite\/wp-json\/wp\/v2\/users\/2"}],"replies":[{"embeddable":true,"href":"https:\/\/www.iceagetv.com\/radiosite\/wp-json\/wp\/v2\/comments?post=26508"}],"version-history":[{"count":1,"href":"https:\/\/www.iceagetv.com\/radiosite\/wp-json\/wp\/v2\/posts\/26508\/revisions"}],"predecessor-version":[{"id":26510,"href":"https:\/\/www.iceagetv.com\/radiosite\/wp-json\/wp\/v2\/posts\/26508\/revisions\/26510"}],"wp:featuredmedia":[{"embeddable":true,"href":"https:\/\/www.iceagetv.com\/radiosite\/wp-json\/wp\/v2\/media\/26509"}],"wp:attachment":[{"href":"https:\/\/www.iceagetv.com\/radiosite\/wp-json\/wp\/v2\/media?parent=26508"}],"wp:term":[{"taxonomy":"category","embeddable":true,"href":"https:\/\/www.iceagetv.com\/radiosite\/wp-json\/wp\/v2\/categories?post=26508"},{"taxonomy":"post_tag","embeddable":true,"href":"https:\/\/www.iceagetv.com\/radiosite\/wp-json\/wp\/v2\/tags?post=26508"}],"curies":[{"name":"wp","href":"https:\/\/api.w.org\/{rel}","templated":true}]}}