{"id":26524,"date":"2023-12-22T16:17:05","date_gmt":"2023-12-22T16:17:05","guid":{"rendered":"https:\/\/www.iceagetv.com\/radiosite\/?p=26524"},"modified":"2023-12-22T16:17:05","modified_gmt":"2023-12-22T16:17:05","slug":"fetes-de-fin-dannee-gerald-darmanin-appelle-les-prefets-a-maintenir-une-extreme-vigilance-en-raison-du-niveau-tres-eleve-de-la-menace-terroriste-qui-continue-de-peser","status":"publish","type":"post","link":"https:\/\/www.iceagetv.com\/radiosite\/fetes-de-fin-dannee-gerald-darmanin-appelle-les-prefets-a-maintenir-une-extreme-vigilance-en-raison-du-niveau-tres-eleve-de-la-menace-terroriste-qui-continue-de-peser\/","title":{"rendered":"F\u00eates de fin d&rsquo;ann\u00e9e: G\u00e9rald Darmanin appelle les pr\u00e9fets \u00e0 maintenir \u00ab\u00a0une extr\u00eame vigilance\u00a0\u00bb en raison du \u00ab\u00a0niveau tr\u00e8s \u00e9lev\u00e9 de la menace terroriste qui continue de peser\u00a0\u00bb"},"content":{"rendered":"\n<p>G\u00e9rald Darmanin appelle ce vendredi les pr\u00e9fets au \u00ab\u00a0maintien d&rsquo;une extr\u00eame vigilance\u00a0\u00bb \u00e0 l&rsquo;occasion des f\u00eates de No\u00ebl et de l&rsquo;Epiphanie, en raison du \u00ab\u00a0niveau tr\u00e8s \u00e9lev\u00e9 de la menace terroriste qui continue de peser\u00a0\u00bb.<\/p>\n\n\n\n<p>Dans un t\u00e9l\u00e9gramme adress\u00e9 \u00e0 tous les pr\u00e9fets, le ministre de l&rsquo;Int\u00e9rieur leur demande \u00ab\u00a0d&rsquo;apporter toute l&rsquo;attention n\u00e9cessaire aux dispositifs de s\u00e9curit\u00e9 mis en place pour les offices et rassemblements qui auront lieu \u00e0 l&rsquo;occasion des f\u00eates chr\u00e9tiennes de No\u00ebl et de l&rsquo;Epiphanie qui se succ\u00e9deront\u00a0\u00bb.<\/p>\n\n\n\n<p>Et d&rsquo;ajouter:&nbsp;\u00ab\u00a0Merci pour la pr\u00e9sence syst\u00e9matique des forces de l&rsquo;ordre devant tous les lieux de culte\u00a0\u00bb, \u00e9voquant son souhait d&rsquo;une \u00ab\u00a0vigilance renforc\u00e9e par une pr\u00e9sence statique visible aux heures d&rsquo;arriv\u00e9e et de d\u00e9part des fid\u00e8les lors des rassemblements et offices de No\u00ebl\u00a0\u00bb.<\/p>\n\n\n\n<p>Les f\u00eates cibl\u00e9es sont No\u00ebl les 24 et 25 d\u00e9cembre \u00ab\u00a0pour les catholiques, protestants et une partie des orthodoxes\u00a0\u00bb et les 6 et 7 janvier \u00ab\u00a0pour une partie des orthodoxes et pour les chr\u00e9tiens arm\u00e9niens\u00a0\u00bb, ainsi que l&rsquo;Epiphanie les 6 et 7 janvier \u00ab\u00a0pour les catholiques\u00a0\u00bb et le 19 janvier \u00ab\u00a0pour une partie des orthodoxes\u00a0\u00bb.&nbsp;<\/p>\n","protected":false},"excerpt":{"rendered":"<p>G\u00e9rald Darmanin appelle ce vendredi les pr\u00e9fets au \u00ab\u00a0maintien d&rsquo;une extr\u00eame vigilance\u00a0\u00bb \u00e0 l&rsquo;occasion des f\u00eates de No\u00ebl et de l&rsquo;Epiphanie, en raison du \u00ab\u00a0niveau tr\u00e8s \u00e9lev\u00e9 de la menace terroriste qui continue de peser\u00a0\u00bb. Dans un t\u00e9l\u00e9gramme adress\u00e9 \u00e0 tous les pr\u00e9fets, le ministre de l&rsquo;Int\u00e9rieur leur demande \u00ab\u00a0d&rsquo;apporter toute l&rsquo;attention n\u00e9cessaire aux dispositifs [&hellip;]<\/p>\n","protected":false},"author":2,"featured_media":26525,"comment_status":"open","ping_status":"open","sticky":false,"template":"","format":"standard","meta":{"_jetpack_memberships_contains_paid_content":false,"footnotes":"","jetpack_publicize_message":"","jetpack_publicize_feature_enabled":true,"jetpack_social_post_already_shared":true,"jetpack_social_options":{"image_generator_settings":{"template":"highway","default_image_id":0,"font":"","enabled":false},"version":2},"_wpas_customize_per_network":false},"categories":[405],"tags":[],"class_list":["post-26524","post","type-post","status-publish","format-standard","has-post-thumbnail","hentry","category-actu-france-monde"],"jetpack_publicize_connections":[],"jetpack_featured_media_url":"https:\/\/i0.wp.com\/www.iceagetv.com\/radiosite\/wp-content\/uploads\/2023\/12\/Fetes-de-fin-dannee.jpg?fit=596%2C252&ssl=1","jetpack_sharing_enabled":true,"_links":{"self":[{"href":"https:\/\/www.iceagetv.com\/radiosite\/wp-json\/wp\/v2\/posts\/26524","targetHints":{"allow":["GET"]}}],"collection":[{"href":"https:\/\/www.iceagetv.com\/radiosite\/wp-json\/wp\/v2\/posts"}],"about":[{"href":"https:\/\/www.iceagetv.com\/radiosite\/wp-json\/wp\/v2\/types\/post"}],"author":[{"embeddable":true,"href":"https:\/\/www.iceagetv.com\/radiosite\/wp-json\/wp\/v2\/users\/2"}],"replies":[{"embeddable":true,"href":"https:\/\/www.iceagetv.com\/radiosite\/wp-json\/wp\/v2\/comments?post=26524"}],"version-history":[{"count":1,"href":"https:\/\/www.iceagetv.com\/radiosite\/wp-json\/wp\/v2\/posts\/26524\/revisions"}],"predecessor-version":[{"id":26526,"href":"https:\/\/www.iceagetv.com\/radiosite\/wp-json\/wp\/v2\/posts\/26524\/revisions\/26526"}],"wp:featuredmedia":[{"embeddable":true,"href":"https:\/\/www.iceagetv.com\/radiosite\/wp-json\/wp\/v2\/media\/26525"}],"wp:attachment":[{"href":"https:\/\/www.iceagetv.com\/radiosite\/wp-json\/wp\/v2\/media?parent=26524"}],"wp:term":[{"taxonomy":"category","embeddable":true,"href":"https:\/\/www.iceagetv.com\/radiosite\/wp-json\/wp\/v2\/categories?post=26524"},{"taxonomy":"post_tag","embeddable":true,"href":"https:\/\/www.iceagetv.com\/radiosite\/wp-json\/wp\/v2\/tags?post=26524"}],"curies":[{"name":"wp","href":"https:\/\/api.w.org\/{rel}","templated":true}]}}