{"id":26574,"date":"2023-12-26T15:35:22","date_gmt":"2023-12-26T15:35:22","guid":{"rendered":"https:\/\/www.iceagetv.com\/radiosite\/?p=26574"},"modified":"2023-12-26T15:35:22","modified_gmt":"2023-12-26T15:35:22","slug":"ancien-conseiller-de-nicolas-sarkozy-lecrivain-et-essayiste-patrick-buisson-figure-de-la-droite-conservatrice-est-mort-a-lage-de-74-ans","status":"publish","type":"post","link":"https:\/\/www.iceagetv.com\/radiosite\/ancien-conseiller-de-nicolas-sarkozy-lecrivain-et-essayiste-patrick-buisson-figure-de-la-droite-conservatrice-est-mort-a-lage-de-74-ans\/","title":{"rendered":"Ancien conseiller de Nicolas Sarkozy, l\u2019\u00e9crivain et essayiste Patrick Buisson, figure de la droite conservatrice, est mort \u00e0 l\u2019\u00e2ge de 74 ans\u00a0"},"content":{"rendered":"\n<p>L\u2019\u00e9crivain et essayiste Patrick Buisson, figure de la droite conservatrice, est mort \u00e0 l\u2019\u00e2ge de 74 ans,&nbsp;<a href=\"https:\/\/www.lefigaro.fr\/politique\/patrick-buisson-figure-intellectuelle-et-politique-de-la-droite-conservatrice-est-mort-20231226\" target=\"_blank\" rel=\"noreferrer noopener\">annonce Le Figaro<\/a>&nbsp;Il a notamment \u00e9t\u00e9 le conseiller de Nicolas Sarkozy lors de sa pr\u00e9sidence, de 2007 \u00e0 2012, pendant laquelle il a d\u00e9fendu une \u00abdroite d\u00e9complex\u00e9e\u00bb et la promotion d\u2019un discours sur \u00abl\u2019identit\u00e9 nationale\u00bb.<\/p>\n\n\n\n<p>D\u00e8s les ann\u00e9es 1980, alors journaliste, Patrick Buisson a milit\u00e9 pour une union des droites afin de faire barrage \u00e0 la gauche et \u00e0 l\u2019alliance entre les socialistes et les communistes, qui avait favoris\u00e9 la victoire de Fran\u00e7ois Mitterrand.<\/p>\n\n\n\n<p>R\u00e9guli\u00e8rement en d\u00e9saccord avec le Front national d\u00e8s l\u2019\u00e9poque de Jean-Marie Le Pen, il a dirig\u00e9 la campagne de Philippe de Villiers pour les \u00e9lections europ\u00e9ennes de 1994 puis l&rsquo;\u00e9lection pr\u00e9sidentielle de 1995.<\/p>\n\n\n\n<p>Fils d&rsquo;un ing\u00e9nieur d&rsquo;\u00c9lectricit\u00e9 de France engag\u00e9 d&rsquo;abord \u00e0 l&rsquo;Action fran\u00e7aise dans les camelots du roi avant d&rsquo;adh\u00e9rer au Rassemblement du peuple fran\u00e7ais du g\u00e9n\u00e9ral de Gaulle, Patrick Buisson est \u00e9lev\u00e9 dans les id\u00e9es de Charles Maurras et dans l&rsquo;anticommunisme. \u00c0 partir de l&rsquo;\u00e2ge de cinq ans, il l&rsquo;est par sa m\u00e8re seule, qui a divorc\u00e9 en 1954. En 1956, celle-ci l&#8217;emm\u00e8ne manifester contre l&rsquo;entr\u00e9e des chars sovi\u00e9tiques \u00e0 Budapest.<\/p>\n\n\n\n<p>Analyste et militant politique d&rsquo;extr\u00eame droite, Buisson s&rsquo;\u00e9loigne cependant de la politique active d\u00e8s la fin de ses \u00e9tudes et, apr\u00e8s avoir enseign\u00e9 jusqu&rsquo;en 1979, se tourne pour l&rsquo;essentiel vers le journalisme engag\u00e9 d&rsquo;extr\u00eame droite avec Minute (1981-1987), dont il devient le correspondant \u00e0 l&rsquo;Assembl\u00e9e nationale, puis en dirige la r\u00e9daction pendant un an.<\/p>\n\n\n\n<p>En 1984, il publie avec Pascal Gauchon, ex-r\u00e9dacteur en chef de D\u00e9fense de l&rsquo;Occident et ancien secr\u00e9taire g\u00e9n\u00e9ral du Parti des forces nouvelles, le livre OAS, Histoire de la r\u00e9sistance fran\u00e7aise en Alg\u00e9rie, pr\u00e9fac\u00e9 par Pierre Sergent, l&rsquo;un des dirigeants de l&rsquo;organisation.<\/p>\n\n\n\n<p>La m\u00eame ann\u00e9e, il publie un Album Le Pen, album photographique sur Jean-Marie Le Pen, co\u00e9crit avec Alain Renault, ancien secr\u00e9taire national du Front national et contributeur du journal Militant, ainsi que Le Guide de l&rsquo;opposition, dans lequel il recense les partis, personnes et clubs de droite et d&rsquo;extr\u00eame droite des villes de France, dans la perspective d\u2019une alliance contre la gauche.<\/p>\n\n\n\n<p>Jean-Marie Le Pen lui propose d&rsquo;\u00eatre candidat en vue des \u00e9lections l\u00e9gislatives de 1986 mais il d\u00e9cline, ne partageant pas les id\u00e9es du Front national.<\/p>\n\n\n\n<p>Apr\u00e8s quinze ans de presse \u00e9crite, il s&rsquo;oriente vers le conseil aux hommes politiques. Il devient conseiller de&nbsp;Jimmy Goldsmith&nbsp;et de&nbsp;Philippe de Villiers, dont il dirige la campagne pour les&nbsp;\u00e9lections europ\u00e9ennes de 1994&nbsp;et l\u2019\u00e9lection pr\u00e9sidentielle de 1995, en axant les discours vers l&rsquo;aile droite du&nbsp;RPR&nbsp;par l&rsquo;affirmation du&nbsp;souverainisme.<\/p>\n\n\n\n<p>Avec la soci\u00e9t\u00e9 Publifact, qu&rsquo;il a cr\u00e9\u00e9e en&nbsp;juillet 1982&nbsp;il vend ses services \u00e0&nbsp;Alain Madelin&nbsp;et \u00e0&nbsp;Fran\u00e7ois Bayrou.<\/p>\n\n\n\n<p>Cr\u00e9ateur et animateur de nombreuses \u00e9missions politiques sur LCI dont&nbsp;Le Club de l&rsquo;opinion&nbsp;(1997-2000),&nbsp;Politoscopie&nbsp;(1999- 2000) puis&nbsp;100&nbsp;% Politique&nbsp;(\u00e0 partir de 2001), en compagnie de&nbsp;David Pujadas.<\/p>\n\n\n\n<p>Cr\u00e9ateur et animateur de&nbsp;Un livre, un d\u00e9bat&nbsp;en 2003. En 2005, il anime l&rsquo;\u00e9mission&nbsp;Questions qui f\u00e2chent&nbsp;et coanime, jusqu&rsquo;en 2007, l&rsquo;\u00e9mission hebdomadaire sur&nbsp;LCI&nbsp;intitul\u00e9e&nbsp;Politiquement Show, et assure \u00e9galement l&rsquo;\u00e9mission&nbsp;Questions qui f\u00e2chent&nbsp;avec&nbsp;Michel Field.<\/p>\n\n\n\n<p>Il dirige la cha\u00eene&nbsp;Histoire&nbsp;(d\u00e9tenue \u00e0 100&nbsp;% par le groupe&nbsp;TF1) depuis&nbsp;octobre 2007. Selon&nbsp;Le Monde, c&rsquo;est sa proximit\u00e9 avec le pr\u00e9sident de la R\u00e9publique qui aurait permis \u00e0 la cha\u00eene Histoire de recevoir, entre 2008 et 2009, 270.000&nbsp;euros de la part du&nbsp;minist\u00e8re de la Culture.<\/p>\n\n\n\n<p>\u00c0 partir de cette date, il est cependant reconduit chaque ann\u00e9e pour un an \u00e0 la t\u00eate de la cha\u00eene Histoire par le propri\u00e9taire de la cha\u00eene, le groupe TF1, mais d\u00e9missionne de son mandat de directeur g\u00e9n\u00e9ral en&nbsp;septembre 2018. (Source biographie Wikipedia)&nbsp;<\/p>\n","protected":false},"excerpt":{"rendered":"<p>L\u2019\u00e9crivain et essayiste Patrick Buisson, figure de la droite conservatrice, est mort \u00e0 l\u2019\u00e2ge de 74 ans,&nbsp;annonce Le Figaro&nbsp;Il a notamment \u00e9t\u00e9 le conseiller de Nicolas Sarkozy lors de sa pr\u00e9sidence, de 2007 \u00e0 2012, pendant laquelle il a d\u00e9fendu une \u00abdroite d\u00e9complex\u00e9e\u00bb et la promotion d\u2019un discours sur \u00abl\u2019identit\u00e9 nationale\u00bb. D\u00e8s les ann\u00e9es 1980, [&hellip;]<\/p>\n","protected":false},"author":2,"featured_media":26575,"comment_status":"open","ping_status":"open","sticky":false,"template":"","format":"standard","meta":{"_jetpack_memberships_contains_paid_content":false,"footnotes":"","jetpack_publicize_message":"","jetpack_publicize_feature_enabled":true,"jetpack_social_post_already_shared":true,"jetpack_social_options":{"image_generator_settings":{"template":"highway","default_image_id":0,"font":"","enabled":false},"version":2},"_wpas_customize_per_network":false},"categories":[405],"tags":[],"class_list":["post-26574","post","type-post","status-publish","format-standard","has-post-thumbnail","hentry","category-actu-france-monde"],"jetpack_publicize_connections":[],"jetpack_featured_media_url":"https:\/\/i0.wp.com\/www.iceagetv.com\/radiosite\/wp-content\/uploads\/2023\/12\/Patrick-Buisson.jpg?fit=679%2C293&ssl=1","jetpack_sharing_enabled":true,"_links":{"self":[{"href":"https:\/\/www.iceagetv.com\/radiosite\/wp-json\/wp\/v2\/posts\/26574","targetHints":{"allow":["GET"]}}],"collection":[{"href":"https:\/\/www.iceagetv.com\/radiosite\/wp-json\/wp\/v2\/posts"}],"about":[{"href":"https:\/\/www.iceagetv.com\/radiosite\/wp-json\/wp\/v2\/types\/post"}],"author":[{"embeddable":true,"href":"https:\/\/www.iceagetv.com\/radiosite\/wp-json\/wp\/v2\/users\/2"}],"replies":[{"embeddable":true,"href":"https:\/\/www.iceagetv.com\/radiosite\/wp-json\/wp\/v2\/comments?post=26574"}],"version-history":[{"count":1,"href":"https:\/\/www.iceagetv.com\/radiosite\/wp-json\/wp\/v2\/posts\/26574\/revisions"}],"predecessor-version":[{"id":26576,"href":"https:\/\/www.iceagetv.com\/radiosite\/wp-json\/wp\/v2\/posts\/26574\/revisions\/26576"}],"wp:featuredmedia":[{"embeddable":true,"href":"https:\/\/www.iceagetv.com\/radiosite\/wp-json\/wp\/v2\/media\/26575"}],"wp:attachment":[{"href":"https:\/\/www.iceagetv.com\/radiosite\/wp-json\/wp\/v2\/media?parent=26574"}],"wp:term":[{"taxonomy":"category","embeddable":true,"href":"https:\/\/www.iceagetv.com\/radiosite\/wp-json\/wp\/v2\/categories?post=26574"},{"taxonomy":"post_tag","embeddable":true,"href":"https:\/\/www.iceagetv.com\/radiosite\/wp-json\/wp\/v2\/tags?post=26574"}],"curies":[{"name":"wp","href":"https:\/\/api.w.org\/{rel}","templated":true}]}}