{"id":26593,"date":"2023-12-27T13:19:22","date_gmt":"2023-12-27T13:19:22","guid":{"rendered":"https:\/\/www.iceagetv.com\/radiosite\/?p=26593"},"modified":"2023-12-27T13:19:22","modified_gmt":"2023-12-27T13:19:22","slug":"alors-quest-celebre-le-100e-anniversaire-de-la-mort-de-gustave-eiffel-la-tour-est-fermee-au-public-aujourdhui-en-raison-dun-mouvement-de-greve-des-salaries","status":"publish","type":"post","link":"https:\/\/www.iceagetv.com\/radiosite\/alors-quest-celebre-le-100e-anniversaire-de-la-mort-de-gustave-eiffel-la-tour-est-fermee-au-public-aujourdhui-en-raison-dun-mouvement-de-greve-des-salaries\/","title":{"rendered":"Alors qu&rsquo;est c\u00e9l\u00e9br\u00e9 le 100e anniversaire de la mort de Gustave Eiffel, la Tour est ferm\u00e9e au public aujourd&rsquo;hui en raison d&rsquo;un mouvement de gr\u00e8ve des salari\u00e9s.."},"content":{"rendered":"\n<p>Ce devait-\u00eatre un jour de c\u00e9l\u00e9bration, et finalement c&rsquo;est un jour de gr\u00e8ve&#8230; Alors qu&rsquo;est c\u00e9l\u00e9br\u00e9 le 100e anniversaire de la mort de Gustave Eiffel, la Tour du m\u00eame nom est ferm\u00e9e au public aujourd&rsquo;hui en raison d&rsquo;un mouvement de gr\u00e8ve des salari\u00e9s de la SETE (Soci\u00e9t\u00e9 d&rsquo;exploitation de la tour Eiffel) qui g\u00e8re le monument.<\/p>\n\n\n\n<p>Le jour anniversaire de la mort du concepteur de la Tour Eiffel n&rsquo;a pas \u00e9t\u00e9 choisi au hasard par les gr\u00e9vistes, puisque le communiqu\u00e9 de la CGT a pr\u00e9cis\u00e9 que la gr\u00e8ve est organis\u00e9e \u00abpour d\u00e9noncer la gestion actuelle qui m\u00e8ne tout droit la SETE dans le mur.\u00bb<\/p>\n\n\n\n<p>Dans le cadre des c\u00e9l\u00e9brations, la Tour Eiffel doit accueillir un concert ce mercredi. Le DJ fran\u00e7ais, Micha\u00ebl Canitrot, se produira d\u00e8s 21h depuis le premier \u00e9tage de la Tour durant une heure. Un son et lumi\u00e8re est \u00e9galement au programme avec plus de 250 projecteurs install\u00e9s pour l&rsquo;occasion.<\/p>\n\n\n\n<p>La diffusion \u00e0 la t\u00e9l\u00e9vision aura lieu ensuite \u00e0 22h50, sur la cha\u00eene CSTAR. Plus tard, le spectacle sera pr\u00e9sent\u00e9 sur C8 et disponible sur Mycanal, le replay des cha\u00eenes du groupe Canal+.<\/p>\n","protected":false},"excerpt":{"rendered":"<p>Ce devait-\u00eatre un jour de c\u00e9l\u00e9bration, et finalement c&rsquo;est un jour de gr\u00e8ve&#8230; Alors qu&rsquo;est c\u00e9l\u00e9br\u00e9 le 100e anniversaire de la mort de Gustave Eiffel, la Tour du m\u00eame nom est ferm\u00e9e au public aujourd&rsquo;hui en raison d&rsquo;un mouvement de gr\u00e8ve des salari\u00e9s de la SETE (Soci\u00e9t\u00e9 d&rsquo;exploitation de la tour Eiffel) qui g\u00e8re le [&hellip;]<\/p>\n","protected":false},"author":2,"featured_media":26594,"comment_status":"open","ping_status":"open","sticky":false,"template":"","format":"standard","meta":{"_jetpack_memberships_contains_paid_content":false,"footnotes":"","jetpack_publicize_message":"","jetpack_publicize_feature_enabled":true,"jetpack_social_post_already_shared":true,"jetpack_social_options":{"image_generator_settings":{"template":"highway","default_image_id":0,"font":"","enabled":false},"version":2},"_wpas_customize_per_network":false},"categories":[405],"tags":[],"class_list":["post-26593","post","type-post","status-publish","format-standard","has-post-thumbnail","hentry","category-actu-france-monde"],"jetpack_publicize_connections":[],"jetpack_featured_media_url":"https:\/\/i0.wp.com\/www.iceagetv.com\/radiosite\/wp-content\/uploads\/2023\/12\/Alors-quest-celebre-le-100e-anniversaire.jpg?fit=679%2C293&ssl=1","jetpack_sharing_enabled":true,"_links":{"self":[{"href":"https:\/\/www.iceagetv.com\/radiosite\/wp-json\/wp\/v2\/posts\/26593","targetHints":{"allow":["GET"]}}],"collection":[{"href":"https:\/\/www.iceagetv.com\/radiosite\/wp-json\/wp\/v2\/posts"}],"about":[{"href":"https:\/\/www.iceagetv.com\/radiosite\/wp-json\/wp\/v2\/types\/post"}],"author":[{"embeddable":true,"href":"https:\/\/www.iceagetv.com\/radiosite\/wp-json\/wp\/v2\/users\/2"}],"replies":[{"embeddable":true,"href":"https:\/\/www.iceagetv.com\/radiosite\/wp-json\/wp\/v2\/comments?post=26593"}],"version-history":[{"count":1,"href":"https:\/\/www.iceagetv.com\/radiosite\/wp-json\/wp\/v2\/posts\/26593\/revisions"}],"predecessor-version":[{"id":26595,"href":"https:\/\/www.iceagetv.com\/radiosite\/wp-json\/wp\/v2\/posts\/26593\/revisions\/26595"}],"wp:featuredmedia":[{"embeddable":true,"href":"https:\/\/www.iceagetv.com\/radiosite\/wp-json\/wp\/v2\/media\/26594"}],"wp:attachment":[{"href":"https:\/\/www.iceagetv.com\/radiosite\/wp-json\/wp\/v2\/media?parent=26593"}],"wp:term":[{"taxonomy":"category","embeddable":true,"href":"https:\/\/www.iceagetv.com\/radiosite\/wp-json\/wp\/v2\/categories?post=26593"},{"taxonomy":"post_tag","embeddable":true,"href":"https:\/\/www.iceagetv.com\/radiosite\/wp-json\/wp\/v2\/tags?post=26593"}],"curies":[{"name":"wp","href":"https:\/\/api.w.org\/{rel}","templated":true}]}}