{"id":26599,"date":"2023-12-27T17:26:35","date_gmt":"2023-12-27T17:26:35","guid":{"rendered":"https:\/\/www.iceagetv.com\/radiosite\/?p=26599"},"modified":"2023-12-27T17:26:35","modified_gmt":"2023-12-27T17:26:35","slug":"jacques-delors-est-mort-il-avait-98-ans","status":"publish","type":"post","link":"https:\/\/www.iceagetv.com\/radiosite\/jacques-delors-est-mort-il-avait-98-ans\/","title":{"rendered":"Jacques Delors est mort, il avait 98 ans"},"content":{"rendered":"\n<p>L\u2019ancien pr\u00e9sident de la Commission europ\u00e9enne, p\u00e8re de l\u2019euro et figure de la gauche fran\u00e7aise, Jacques Delors, est d\u00e9c\u00e9d\u00e9 mercredi \u00e0 98 ans, a annonc\u00e9 \u00e0 l\u2019AFP\u00a0<a href=\"https:\/\/www.lavoixdunord.fr\/15422\/article\/2016-06-24\/brexit-martine-aubry-appelle-retrouver-les-valeurs-qui-ont-fonde-l-europe-et\" target=\"_blank\" rel=\"noreferrer noopener\">sa fille Martine Aubry<\/a>.<\/p>\n\n\n\n<h2 class=\"wp-block-heading\">Une figure de la gauche<\/h2>\n\n\n\n<p>\u00ab<em>Il est d\u00e9c\u00e9d\u00e9 ce matin (mercredi) \u00e0 son domicile parisien dans son sommeil<\/em>\u00bb, a d\u00e9clar\u00e9 la maire socialiste de Lille. Ancien ministre de l\u2019Economie sous Fran\u00e7ois Mitterrand (1981-1984) et favori des sondages,&nbsp;<a href=\"https:\/\/www.lavoixdunord.fr\/art\/region\/lille-quand-gerard-mulliez-declenche-une-standing-ia0b0n1259794\" target=\"_blank\" rel=\"noreferrer noopener\">Jacques Delors<\/a>&nbsp;avait douch\u00e9 les espoirs de la gauche en refusant de se pr\u00e9senter \u00e0 l\u2019\u00e9lection pr\u00e9sidentielle de 1995, un renoncement spectaculaire \u00e0 la t\u00e9l\u00e9vision devant 13 millions de t\u00e9l\u00e9spectateurs.<\/p>\n\n\n\n<p>\u00ab<em>Je n\u2019ai pas de regrets<\/em>\u00bb, mais \u00ab<em>je ne dis pas que j\u2019ai eu raison<\/em>\u00bb, avait-il d\u00e9clar\u00e9 au&nbsp;<em>Point&nbsp;<\/em>en 2021. \u00ab<em>J\u2019avais un souci d\u2019ind\u00e9pendance trop grand, et je me sentais diff\u00e9rent de ceux qui m\u2019entouraient. Ma fa\u00e7on de faire de la politique n\u2019\u00e9tait pas la m\u00eame<\/em>\u00bb<\/p>\n","protected":false},"excerpt":{"rendered":"<p>L\u2019ancien pr\u00e9sident de la Commission europ\u00e9enne, p\u00e8re de l\u2019euro et figure de la gauche fran\u00e7aise, Jacques Delors, est d\u00e9c\u00e9d\u00e9 mercredi \u00e0 98 ans, a annonc\u00e9 \u00e0 l\u2019AFP\u00a0sa fille Martine Aubry. Une figure de la gauche \u00abIl est d\u00e9c\u00e9d\u00e9 ce matin (mercredi) \u00e0 son domicile parisien dans son sommeil\u00bb, a d\u00e9clar\u00e9 la maire socialiste de Lille. [&hellip;]<\/p>\n","protected":false},"author":2,"featured_media":26600,"comment_status":"open","ping_status":"open","sticky":false,"template":"","format":"standard","meta":{"_jetpack_memberships_contains_paid_content":false,"footnotes":"","jetpack_publicize_message":"","jetpack_publicize_feature_enabled":true,"jetpack_social_post_already_shared":true,"jetpack_social_options":{"image_generator_settings":{"template":"highway","default_image_id":0,"font":"","enabled":false},"version":2},"_wpas_customize_per_network":false},"categories":[405],"tags":[],"class_list":["post-26599","post","type-post","status-publish","format-standard","has-post-thumbnail","hentry","category-actu-france-monde"],"jetpack_publicize_connections":[],"jetpack_featured_media_url":"https:\/\/i0.wp.com\/www.iceagetv.com\/radiosite\/wp-content\/uploads\/2023\/12\/Screenshot_20231227_182531.jpg?fit=1065%2C611&ssl=1","jetpack_sharing_enabled":true,"_links":{"self":[{"href":"https:\/\/www.iceagetv.com\/radiosite\/wp-json\/wp\/v2\/posts\/26599","targetHints":{"allow":["GET"]}}],"collection":[{"href":"https:\/\/www.iceagetv.com\/radiosite\/wp-json\/wp\/v2\/posts"}],"about":[{"href":"https:\/\/www.iceagetv.com\/radiosite\/wp-json\/wp\/v2\/types\/post"}],"author":[{"embeddable":true,"href":"https:\/\/www.iceagetv.com\/radiosite\/wp-json\/wp\/v2\/users\/2"}],"replies":[{"embeddable":true,"href":"https:\/\/www.iceagetv.com\/radiosite\/wp-json\/wp\/v2\/comments?post=26599"}],"version-history":[{"count":1,"href":"https:\/\/www.iceagetv.com\/radiosite\/wp-json\/wp\/v2\/posts\/26599\/revisions"}],"predecessor-version":[{"id":26601,"href":"https:\/\/www.iceagetv.com\/radiosite\/wp-json\/wp\/v2\/posts\/26599\/revisions\/26601"}],"wp:featuredmedia":[{"embeddable":true,"href":"https:\/\/www.iceagetv.com\/radiosite\/wp-json\/wp\/v2\/media\/26600"}],"wp:attachment":[{"href":"https:\/\/www.iceagetv.com\/radiosite\/wp-json\/wp\/v2\/media?parent=26599"}],"wp:term":[{"taxonomy":"category","embeddable":true,"href":"https:\/\/www.iceagetv.com\/radiosite\/wp-json\/wp\/v2\/categories?post=26599"},{"taxonomy":"post_tag","embeddable":true,"href":"https:\/\/www.iceagetv.com\/radiosite\/wp-json\/wp\/v2\/tags?post=26599"}],"curies":[{"name":"wp","href":"https:\/\/api.w.org\/{rel}","templated":true}]}}