{"id":26605,"date":"2023-12-28T13:17:12","date_gmt":"2023-12-28T13:17:12","guid":{"rendered":"https:\/\/www.iceagetv.com\/radiosite\/?p=26605"},"modified":"2023-12-28T13:17:12","modified_gmt":"2023-12-28T13:17:12","slug":"lenseigne-dameublement-habitat-placee-en-liquidation-judiciaire-par-le-tribunal-de-commerce-de-bobigny-plus-de-380-emplois-sont-supprimes","status":"publish","type":"post","link":"https:\/\/www.iceagetv.com\/radiosite\/lenseigne-dameublement-habitat-placee-en-liquidation-judiciaire-par-le-tribunal-de-commerce-de-bobigny-plus-de-380-emplois-sont-supprimes\/","title":{"rendered":"L&rsquo;enseigne d&rsquo;ameublement Habitat plac\u00e9e en liquidation judiciaire par le tribunal de commerce de Bobigny &#8211; Plus de 380 emplois sont supprim\u00e9s"},"content":{"rendered":"\n<p>Le tribunal de Bobigny a plac\u00e9 jeudi Habitat en liquidation judiciaire en raison de ses graves difficult\u00e9s financi\u00e8res, scellant ainsi le sort d\u2019une enseigne qui a d\u00e9mocratis\u00e9 le design pendant des d\u00e9cennies.<\/p>\n\n\n\n<p>Tout sera all\u00e9 tr\u00e8s vite: moins de dix jours apr\u00e8s le placement en redressement judiciaire de cette entreprise sp\u00e9cialis\u00e9e dans l\u2019ameublement et l\u2019\u00e9quipement de la maison qui emploie 383 personnes, les administrateurs judiciaires avaient annonc\u00e9 le 15 d\u00e9cembre en comit\u00e9 social et \u00e9conomique (CSE) qu\u2019ils allaient demander sa liquidation, au vu de la situation particuli\u00e8rement d\u00e9t\u00e9rior\u00e9e des comptes.<\/p>\n\n\n\n<p>Jeudi, dans sa d\u00e9cision que l\u2019AFP a consult\u00e9e, le tribunal a \u00ab&nbsp;prononc\u00e9 la conversion de la proc\u00e9dure de redressement judiciaire en liquidation judiciaire sans maintien de l\u2019activit\u00e9 de la soci\u00e9t\u00e9&nbsp;\u00bb.<\/p>\n\n\n\n<p>Habitat France emploie actuellement 315 salari\u00e9s et avait g\u00e9n\u00e9r\u00e9 en 2022 un chiffre d\u2019affaires de 65 millions d\u2019euros. La soci\u00e9t\u00e9 m\u00e8re, Habitat Design International, emploie 68 personnes et affichait en 2022 un chiffre d\u2019affaires de 51,8 millions d\u2019euros.<\/p>\n\n\n\n<p>Le tribunal rappelle qu\u2019il \u00ab&nbsp;ressortait du rapport de l\u2019administrateur judiciaire qu\u2019il n\u2019existe aucune possibilit\u00e9 d\u2019\u00e9laboration d\u2019un plan de redressement&nbsp;\u00bb et que la situation \u00e9tait \u00ab&nbsp;irr\u00e9m\u00e9diablement compromise&nbsp;\u00bb pour Habitat notamment \u00ab&nbsp;en raison de l\u2019absence de tr\u00e9sorerie et de l\u2019impossibilit\u00e9 d\u2019utiliser la marque&nbsp;\u00bb. \u00ab&nbsp;La soci\u00e9t\u00e9 ne r\u00e9alise plus de chiffre d\u2019affaires, les magasins sont ferm\u00e9s&nbsp;\u00bb et \u00ab&nbsp;l\u2019encours des clients non livr\u00e9s qui ont pay\u00e9 un acompte est de 9 millions d\u2019euros&nbsp;\u00bb, est-il pr\u00e9cis\u00e9 dans le jugement.<\/p>\n\n\n\n<p>Dans une lettre adress\u00e9e \u00e0 l\u2019AFP mercredi soir, Thierry Le Gu\u00e9nic, le repreneur d\u2019Habitat en 2020, admet ne pas avoir \u00ab&nbsp;r\u00e9ussi \u00e0 relever ce challenge, tout comme les pr\u00e9c\u00e9dents actionnaires&nbsp;\u00bb.<\/p>\n\n\n\n<p>Tout en estimant avoir pu \u00e9viter \u00ab&nbsp;tout plan social&nbsp;\u00bb et en affirmant avoir investi plus de 12 millions d\u2019euros dans le num\u00e9rique et l\u2019ouverture de points de vente, Thierry Le Gu\u00e9nic conc\u00e8de que ses projets et ambitions \u00ab&nbsp;n\u2019ont pas pu \u00eatre r\u00e9alis\u00e9s dans un contexte \u00e9conomique tr\u00e8s d\u00e9favorable (&#8230;) et face \u00e0 des r\u00e9sistances internes manifestes&nbsp;\u00bb.<\/p>\n\n\n\n<p>Aujourd\u2019hui, \u00ab&nbsp;une autre phase s\u2019ouvre, et nous sommes d\u00e9sormais engag\u00e9s pour aider \u00e0 trouver toute solution de reclassement de nos collaborateurs&nbsp;\u00bb, ajoute l\u2019homme d\u2019affaires<\/p>\n","protected":false},"excerpt":{"rendered":"<p>Le tribunal de Bobigny a plac\u00e9 jeudi Habitat en liquidation judiciaire en raison de ses graves difficult\u00e9s financi\u00e8res, scellant ainsi le sort d\u2019une enseigne qui a d\u00e9mocratis\u00e9 le design pendant des d\u00e9cennies. Tout sera all\u00e9 tr\u00e8s vite: moins de dix jours apr\u00e8s le placement en redressement judiciaire de cette entreprise sp\u00e9cialis\u00e9e dans l\u2019ameublement et l\u2019\u00e9quipement [&hellip;]<\/p>\n","protected":false},"author":2,"featured_media":26606,"comment_status":"open","ping_status":"open","sticky":false,"template":"","format":"standard","meta":{"_jetpack_memberships_contains_paid_content":false,"footnotes":"","jetpack_publicize_message":"","jetpack_publicize_feature_enabled":true,"jetpack_social_post_already_shared":true,"jetpack_social_options":{"image_generator_settings":{"template":"highway","default_image_id":0,"font":"","enabled":false},"version":2},"_wpas_customize_per_network":false},"categories":[405],"tags":[],"class_list":["post-26605","post","type-post","status-publish","format-standard","has-post-thumbnail","hentry","category-actu-france-monde"],"jetpack_publicize_connections":[],"jetpack_featured_media_url":"https:\/\/i0.wp.com\/www.iceagetv.com\/radiosite\/wp-content\/uploads\/2023\/12\/6JkB7hkM.jpg?fit=679%2C293&ssl=1","jetpack_sharing_enabled":true,"_links":{"self":[{"href":"https:\/\/www.iceagetv.com\/radiosite\/wp-json\/wp\/v2\/posts\/26605","targetHints":{"allow":["GET"]}}],"collection":[{"href":"https:\/\/www.iceagetv.com\/radiosite\/wp-json\/wp\/v2\/posts"}],"about":[{"href":"https:\/\/www.iceagetv.com\/radiosite\/wp-json\/wp\/v2\/types\/post"}],"author":[{"embeddable":true,"href":"https:\/\/www.iceagetv.com\/radiosite\/wp-json\/wp\/v2\/users\/2"}],"replies":[{"embeddable":true,"href":"https:\/\/www.iceagetv.com\/radiosite\/wp-json\/wp\/v2\/comments?post=26605"}],"version-history":[{"count":1,"href":"https:\/\/www.iceagetv.com\/radiosite\/wp-json\/wp\/v2\/posts\/26605\/revisions"}],"predecessor-version":[{"id":26607,"href":"https:\/\/www.iceagetv.com\/radiosite\/wp-json\/wp\/v2\/posts\/26605\/revisions\/26607"}],"wp:featuredmedia":[{"embeddable":true,"href":"https:\/\/www.iceagetv.com\/radiosite\/wp-json\/wp\/v2\/media\/26606"}],"wp:attachment":[{"href":"https:\/\/www.iceagetv.com\/radiosite\/wp-json\/wp\/v2\/media?parent=26605"}],"wp:term":[{"taxonomy":"category","embeddable":true,"href":"https:\/\/www.iceagetv.com\/radiosite\/wp-json\/wp\/v2\/categories?post=26605"},{"taxonomy":"post_tag","embeddable":true,"href":"https:\/\/www.iceagetv.com\/radiosite\/wp-json\/wp\/v2\/tags?post=26605"}],"curies":[{"name":"wp","href":"https:\/\/api.w.org\/{rel}","templated":true}]}}