{"id":26609,"date":"2023-12-28T15:28:16","date_gmt":"2023-12-28T15:28:16","guid":{"rendered":"https:\/\/www.iceagetv.com\/radiosite\/?p=26609"},"modified":"2023-12-28T15:28:16","modified_gmt":"2023-12-28T15:28:16","slug":"brest-le-corps-danna-etudiante-de-21-ans-en-medecine-a-brest-disparue-depuis-le-23-decembre-retrouve-pendu-dans-le-sous-sol-dun-batiment-en-chantier-la-these-du-suicide-privilegiee","status":"publish","type":"post","link":"https:\/\/www.iceagetv.com\/radiosite\/brest-le-corps-danna-etudiante-de-21-ans-en-medecine-a-brest-disparue-depuis-le-23-decembre-retrouve-pendu-dans-le-sous-sol-dun-batiment-en-chantier-la-these-du-suicide-privilegiee\/","title":{"rendered":"\u00a0Brest : Le corps d&rsquo;Anna, \u00e9tudiante de 21 ans en m\u00e9decine \u00e0 Brest, disparue depuis le 23 d\u00e9cembre, retrouv\u00e9 pendu dans le sous-sol d&rsquo;un b\u00e2timent en chantier &#8211; La th\u00e8se du suicide privil\u00e9gi\u00e9e"},"content":{"rendered":"\n<p><strong><a href=\"https:\/\/actu17.fr\/faits-divers\/brest-disparue-depuis-cinq-jours-le-corps-sans-vie-danna-decouvert-dans-un-chantier.html\" target=\"_blank\" rel=\"noreferrer noopener\">Selon le site Actu17,<\/a>&nbsp;le corps d&rsquo;Anna, une \u00e9tudiante de 21 ans en m\u00e9decine \u00e0 Brest, disparue depuis le 23 d\u00e9cembre, a \u00e9t\u00e9 retrouv\u00e9 dans le sous-sol d&rsquo;un b\u00e2timent en chantier. La jeune femme, originaire de l&rsquo;\u00eele de la R\u00e9union, a \u00e9t\u00e9 d\u00e9couverte pendue dans une partie difficilement accessible de l&rsquo;ancienne poste centrale. Une autopsie est pr\u00e9vue pour \u00e9tablir les circonstances exactes de son d\u00e9c\u00e8s pr\u00e9cise&nbsp;<a href=\"https:\/\/www.letelegramme.fr\/finistere\/brest-29200\/le-corps-danna-jeune-etudiante-disparue-a-brest-a-ete-retrouve-6496706.php\" target=\"_blank\" rel=\"noreferrer noopener\">le quotidien Le Telegramme.<\/a><\/strong><\/p>\n\n\n\n<p><strong>Les ouvriers pr\u00e9sents sur le chantier les jours pr\u00e9c\u00e9dents n&rsquo;avaient rien remarqu\u00e9, la configuration particuli\u00e8re des lieux rendant difficile la d\u00e9tection du corps.&nbsp;Le procureur de la R\u00e9publique de Brest, Camille Miansoni, indique qu&rsquo;une autopsie va \u00eatre r\u00e9alis\u00e9e prochainement pour d\u00e9terminer les circonstances exactes du d\u00e9c\u00e8s, mais \u00e0 cette heure la th\u00e8se du suicide semble privil\u00e9gi\u00e9e.<\/strong><\/p>\n\n\n\n<p>Depuis plusieurs jours, des affiches sont placard\u00e9es dans les rues de Brest (Finist\u00e8re) apr\u00e8s la disparition inqui\u00e9tante d&rsquo;une jeune femme \u00e2g\u00e9e de 21 ans. Anna Nosbe, originaire de l&rsquo;\u00eele de La R\u00e9union, n&rsquo;a plus donn\u00e9 de nouvelles depuis samedi dernier, vers 13h.<\/p>\n\n\n\n<p>Selon l&rsquo;avis de recherche post\u00e9 sur les r\u00e9seaux sociaux, l&rsquo;\u00e9tudiante en 4e ann\u00e9e de m\u00e9decine a quitt\u00e9 son domicile sans ses affaires et sans son t\u00e9l\u00e9phone. \u00ab\u00a0Elle se trouve dans un \u00e9tat assez fragile avec des id\u00e9es noires\u00a0\u00bb, ajoutent ses proches qui pr\u00e9cisent qu&rsquo;elle \u00ab\u00a0pourrait tenter de mettre fin \u00e0 ses jours\u00a0\u00bb.<\/p>\n\n\n\n<p>Ses proches d\u00e9crivent une jeune femme d&rsquo;1,65 m\u00e8tre, cheveux noirs et courts. Elle portait un jogging, une doudoune de couleur beige et des baskets Nike blanches le jour de sa disparition. L\u2019appel \u00e0 t\u00e9moins invite toute personne susceptible d\u2019apporter des informations \u00e0 contacter le commissariat de Brest au 02.21.09.53.64.<\/p>\n\n\n\n<p>Au&nbsp;<a href=\"https:\/\/www.letelegramme.fr\/bretagne\/linquietude-grandit-apres-la-disparition-inquietante-danna-a-brest-6496456.php\" target=\"_blank\" rel=\"noreferrer noopener\">T\u00e9l\u00e9gramme<\/a>, Camille Miansoni, le procureur de Brest, affirme \u00ab\u00a0[qu&rsquo;]il n\u2019y a pas d\u2019\u00e9l\u00e9ments tangibles pour donner une orientation \u00e0 l\u2019enqu\u00eate\u00a0\u00bb et \u00e9voque \u00ab\u00a0une disparition inqui\u00e9tante\u00a0\u00bb.<\/p>\n","protected":false},"excerpt":{"rendered":"<p>Selon le site Actu17,&nbsp;le corps d&rsquo;Anna, une \u00e9tudiante de 21 ans en m\u00e9decine \u00e0 Brest, disparue depuis le 23 d\u00e9cembre, a \u00e9t\u00e9 retrouv\u00e9 dans le sous-sol d&rsquo;un b\u00e2timent en chantier. La jeune femme, originaire de l&rsquo;\u00eele de la R\u00e9union, a \u00e9t\u00e9 d\u00e9couverte pendue dans une partie difficilement accessible de l&rsquo;ancienne poste centrale. Une autopsie est [&hellip;]<\/p>\n","protected":false},"author":2,"featured_media":26610,"comment_status":"open","ping_status":"open","sticky":false,"template":"","format":"standard","meta":{"_jetpack_memberships_contains_paid_content":false,"footnotes":"","jetpack_publicize_message":"","jetpack_publicize_feature_enabled":true,"jetpack_social_post_already_shared":true,"jetpack_social_options":{"image_generator_settings":{"template":"highway","default_image_id":0,"font":"","enabled":false},"version":2},"_wpas_customize_per_network":false},"categories":[405],"tags":[],"class_list":["post-26609","post","type-post","status-publish","format-standard","has-post-thumbnail","hentry","category-actu-france-monde"],"jetpack_publicize_connections":[],"jetpack_featured_media_url":"https:\/\/i0.wp.com\/www.iceagetv.com\/radiosite\/wp-content\/uploads\/2023\/12\/Brest-Le-corps-dAnna.jpg?fit=679%2C293&ssl=1","jetpack_sharing_enabled":true,"_links":{"self":[{"href":"https:\/\/www.iceagetv.com\/radiosite\/wp-json\/wp\/v2\/posts\/26609","targetHints":{"allow":["GET"]}}],"collection":[{"href":"https:\/\/www.iceagetv.com\/radiosite\/wp-json\/wp\/v2\/posts"}],"about":[{"href":"https:\/\/www.iceagetv.com\/radiosite\/wp-json\/wp\/v2\/types\/post"}],"author":[{"embeddable":true,"href":"https:\/\/www.iceagetv.com\/radiosite\/wp-json\/wp\/v2\/users\/2"}],"replies":[{"embeddable":true,"href":"https:\/\/www.iceagetv.com\/radiosite\/wp-json\/wp\/v2\/comments?post=26609"}],"version-history":[{"count":1,"href":"https:\/\/www.iceagetv.com\/radiosite\/wp-json\/wp\/v2\/posts\/26609\/revisions"}],"predecessor-version":[{"id":26611,"href":"https:\/\/www.iceagetv.com\/radiosite\/wp-json\/wp\/v2\/posts\/26609\/revisions\/26611"}],"wp:featuredmedia":[{"embeddable":true,"href":"https:\/\/www.iceagetv.com\/radiosite\/wp-json\/wp\/v2\/media\/26610"}],"wp:attachment":[{"href":"https:\/\/www.iceagetv.com\/radiosite\/wp-json\/wp\/v2\/media?parent=26609"}],"wp:term":[{"taxonomy":"category","embeddable":true,"href":"https:\/\/www.iceagetv.com\/radiosite\/wp-json\/wp\/v2\/categories?post=26609"},{"taxonomy":"post_tag","embeddable":true,"href":"https:\/\/www.iceagetv.com\/radiosite\/wp-json\/wp\/v2\/tags?post=26609"}],"curies":[{"name":"wp","href":"https:\/\/api.w.org\/{rel}","templated":true}]}}