{"id":26613,"date":"2023-12-29T11:56:18","date_gmt":"2023-12-29T11:56:18","guid":{"rendered":"https:\/\/www.iceagetv.com\/radiosite\/?p=26613"},"modified":"2023-12-29T11:56:18","modified_gmt":"2023-12-29T11:56:18","slug":"nouvel-an-la-menace-terroriste-est-tres-elevee-alerte-gerald-darmanin-90-000-policiers-et-gendarmes-dont-6-000-a-paris-seront-mobilises-dans-toute-la-france-pour-le-reveillon","status":"publish","type":"post","link":"https:\/\/www.iceagetv.com\/radiosite\/nouvel-an-la-menace-terroriste-est-tres-elevee-alerte-gerald-darmanin-90-000-policiers-et-gendarmes-dont-6-000-a-paris-seront-mobilises-dans-toute-la-france-pour-le-reveillon\/","title":{"rendered":"Nouvel An: \u00ab\u00a0La menace terroriste est tr\u00e8s \u00e9lev\u00e9e\u00a0\u00bb, alerte G\u00e9rald Darmanin &#8211; 90.000 policiers et gendarmes, dont 6.000 \u00e0 Paris, seront mobilis\u00e9s dans toute la France pour le r\u00e9veillon"},"content":{"rendered":"\n<p>Ce matin, les autorit\u00e9s ont pr\u00e9sent\u00e9 \u00e0 la presse le dispositif mis en place en France \u00e0 l&rsquo;occasion des festivit\u00e9s du Nouvel An, dimanche. 90.000 policiers et gendarmes, dont 6.000 \u00e0 Paris, seront mobilis\u00e9s dans toute la France pour le r\u00e9veillon dimanche dans un \u00ab\u00a0contexte de menace terroriste \u00e9lev\u00e9\u00a0\u00bb.<\/p>\n\n\n\n<p>Le pr\u00e9fet de police de Paris, Laurent Nunez, annonce \u00ab\u00a0un dispositif \u00e9tendu \u00e0 toute l\u2019agglom\u00e9ration parisienne\u00a0\u00bb. Entre 1 et 1,5 million de personnes sont attendues sur les Champs-Elys\u00e9es pour les festivit\u00e9s le 31 d\u00e9cembre.<\/p>\n\n\n\n<p>\u00ab\u00a0J\u2019ai demand\u00e9 une mobilisation extr\u00eamement forte des forces de l\u2019ordre dans un contexte de menace terroriste tr\u00e8s \u00e9lev\u00e9, bien s\u00fbr du fait de ce qu&rsquo;il se passe en Isra\u00ebl et en Palestine, mais de mani\u00e8re g\u00e9n\u00e9rale, la France est particuli\u00e8rement vis\u00e9e par des menaces terroristes ses derni\u00e8res ann\u00e9es\u00a0\u00bb, a d\u00e9clar\u00e9 le ministre de l\u2019Int\u00e9rieur G\u00e9rald Darmanin lors de son \u00e9change avec les journalistes.<\/p>\n\n\n\n<p>\u00ab\u00a0La pr\u00e9sence des forces de l&rsquo;ordre dissuasives comme le travail de nos services de renseignement sont extr\u00eamement rassurants et efficaces pour nos concitoyens qui doivent continuer \u00e0 vivre et \u00e0 faire la f\u00eate s&rsquo;ils le souhaitent\u00a0\u00bb, a ajout\u00e9 le ministre.<\/p>\n","protected":false},"excerpt":{"rendered":"<p>Ce matin, les autorit\u00e9s ont pr\u00e9sent\u00e9 \u00e0 la presse le dispositif mis en place en France \u00e0 l&rsquo;occasion des festivit\u00e9s du Nouvel An, dimanche. 90.000 policiers et gendarmes, dont 6.000 \u00e0 Paris, seront mobilis\u00e9s dans toute la France pour le r\u00e9veillon dimanche dans un \u00ab\u00a0contexte de menace terroriste \u00e9lev\u00e9\u00a0\u00bb. Le pr\u00e9fet de police de Paris, [&hellip;]<\/p>\n","protected":false},"author":2,"featured_media":26614,"comment_status":"open","ping_status":"open","sticky":false,"template":"","format":"standard","meta":{"_jetpack_memberships_contains_paid_content":false,"footnotes":"","jetpack_publicize_message":"","jetpack_publicize_feature_enabled":true,"jetpack_social_post_already_shared":true,"jetpack_social_options":{"image_generator_settings":{"template":"highway","default_image_id":0,"font":"","enabled":false},"version":2},"_wpas_customize_per_network":false},"categories":[405],"tags":[],"class_list":["post-26613","post","type-post","status-publish","format-standard","has-post-thumbnail","hentry","category-actu-france-monde"],"jetpack_publicize_connections":[],"jetpack_featured_media_url":"https:\/\/i0.wp.com\/www.iceagetv.com\/radiosite\/wp-content\/uploads\/2023\/12\/La-menace-terroriste-est-tres-elevee.jpg?fit=679%2C293&ssl=1","jetpack_sharing_enabled":true,"_links":{"self":[{"href":"https:\/\/www.iceagetv.com\/radiosite\/wp-json\/wp\/v2\/posts\/26613","targetHints":{"allow":["GET"]}}],"collection":[{"href":"https:\/\/www.iceagetv.com\/radiosite\/wp-json\/wp\/v2\/posts"}],"about":[{"href":"https:\/\/www.iceagetv.com\/radiosite\/wp-json\/wp\/v2\/types\/post"}],"author":[{"embeddable":true,"href":"https:\/\/www.iceagetv.com\/radiosite\/wp-json\/wp\/v2\/users\/2"}],"replies":[{"embeddable":true,"href":"https:\/\/www.iceagetv.com\/radiosite\/wp-json\/wp\/v2\/comments?post=26613"}],"version-history":[{"count":1,"href":"https:\/\/www.iceagetv.com\/radiosite\/wp-json\/wp\/v2\/posts\/26613\/revisions"}],"predecessor-version":[{"id":26615,"href":"https:\/\/www.iceagetv.com\/radiosite\/wp-json\/wp\/v2\/posts\/26613\/revisions\/26615"}],"wp:featuredmedia":[{"embeddable":true,"href":"https:\/\/www.iceagetv.com\/radiosite\/wp-json\/wp\/v2\/media\/26614"}],"wp:attachment":[{"href":"https:\/\/www.iceagetv.com\/radiosite\/wp-json\/wp\/v2\/media?parent=26613"}],"wp:term":[{"taxonomy":"category","embeddable":true,"href":"https:\/\/www.iceagetv.com\/radiosite\/wp-json\/wp\/v2\/categories?post=26613"},{"taxonomy":"post_tag","embeddable":true,"href":"https:\/\/www.iceagetv.com\/radiosite\/wp-json\/wp\/v2\/tags?post=26613"}],"curies":[{"name":"wp","href":"https:\/\/api.w.org\/{rel}","templated":true}]}}