{"id":26622,"date":"2023-12-30T05:38:04","date_gmt":"2023-12-30T05:38:04","guid":{"rendered":"https:\/\/www.iceagetv.com\/radiosite\/?p=26622"},"modified":"2023-12-30T05:38:04","modified_gmt":"2023-12-30T05:38:04","slug":"retraite-immigration-travail-sante-ces-10-mesures-politiques-qui-ont-change-votre-annee-2023","status":"publish","type":"post","link":"https:\/\/www.iceagetv.com\/radiosite\/retraite-immigration-travail-sante-ces-10-mesures-politiques-qui-ont-change-votre-annee-2023\/","title":{"rendered":"Retraite, immigration, travail, sant\u00e9&#8230; ces 10 mesures politiques qui ont chang\u00e9 votre ann\u00e9e 2023"},"content":{"rendered":"\n<p>L&rsquo;ann\u00e9e 2023 touche \u00e0 sa fin, marqu\u00e9e par une actualit\u00e9 forte, tant\u00f4t dramatique, d&rsquo;autres fois prometteuse. Retour sur les dix mesures qui ont fait la vie des Fran\u00e7ais cette ann\u00e9e.&nbsp;<\/p>\n\n\n\n<p>La tonitruante r\u00e9forme des retraites, les mesures\u00a0anti-inflation\u00a0maintes fois renouvel\u00e9es ou encore les plans d&rsquo;urgence face aux cons\u00e9quences du d\u00e9r\u00e8glement climatique&#8230; l&rsquo;ann\u00e9e a \u00e9t\u00e9 marqu\u00e9e par une s\u00e9rie de mesures qui ont chang\u00e9 la vie des Fran\u00e7ais. R\u00e9trospective.\u00a0<\/p>\n\n\n\n<h2 class=\"wp-block-heading\">La loi sur les retraites<\/h2>\n\n\n\n<p>S&rsquo;il y a bien une actualit\u00e9 politique \u00e0 retenir de l&rsquo;ann\u00e9e, c&rsquo;est bien la r\u00e9forme des retraites. Entre l&rsquo;article 2 sur l&rsquo;index s\u00e9nior, le 7 sur l&rsquo;\u00e2ge de d\u00e9part \u00e0 64 ans, les articles 8 et 9 d\u00e9di\u00e9s \u00ab\u00a0\u00e0 la solidarit\u00e9\u00a0\u00bb ou encore le&nbsp;13 sur le cumul emploi-retraite&#8230;<a href=\"https:\/\/www.midilibre.fr\/actu\/societe\/social\/retraites\/\" target=\"_blank\" rel=\"noreferrer noopener\">&nbsp;il y avait de quoi agiter la premi\u00e8re chambre du Parlement,<\/a>&nbsp;jusqu&rsquo;\u00e0 ce que les d\u00e9bats gagnent la rue.<\/p>\n\n\n\n<p>Le 16 mars, l&rsquo;\u00e9chec des motions de censure des oppositions marque la fin des d\u00e9bats \u00e0 l&rsquo;Assembl\u00e9e nationale apr\u00e8s un recours, pour la onzi\u00e8me fois depuis sa prise de fonction, \u00e0\u00a0<strong>l&rsquo;article 49.3\u00a0<\/strong>de la Constitution par Elisabeth Borne<\/p>\n\n\n\n<p>Les six premiers mois&nbsp;de l&rsquo;ann\u00e9e ont&nbsp;vu se rassembler des centaines de milliers de manifestants pendant plusieurs semaines. Les pancartes \u00ab\u00a0Tu nous met 64, on te mai 68\u00a0\u00bb, \u00ab\u00a0M\u00e9tro, boulot, caveau\u00a0\u00bb ou encore \u00ab\u00a0Reformes d&rsquo;heureux traitres\u00a0\u00bb&#8230; ont habill\u00e9 les rues jusqu&rsquo;\u00e0 l&rsquo;\u00e9t\u00e9 et les derni\u00e8res incertitudes sur une potentielle&nbsp;<strong>abrogation de la loi<\/strong>, en vain.<\/p>\n\n\n\n<h2 class=\"wp-block-heading\">R\u00e9parer l&rsquo;\u00e9cole<\/h2>\n\n\n\n<p>Cette ann\u00e9e a \u00e9t\u00e9 marqu\u00e9e par des drames li\u00e9s au harc\u00e8lement scolaire, notamment les suicides de plusieurs adolescents :<a href=\"https:\/\/www.midilibre.fr\/2023\/01\/14\/suicide-de-lucas-13-ans-le-harcelement-scolaire-tue-trop-souvent-denonce-charlotte-caubel-sur-bfm-tv-10926305.php\" target=\"_blank\" rel=\"noreferrer noopener\">\u00a0Lucas \u00e0\u00a013 ans\u00a0en janvier<\/a>,\u00a0<a href=\"https:\/\/www.midilibre.fr\/2023\/06\/03\/suicide-de-lindsay-harcelee-a-lecole-et-sur-les-reseaux-la-reponse-de-facebook-mis-en-cause-pour-son-inaction-11238706.php\" target=\"_blank\" rel=\"noreferrer noopener\">Lindsay \u00e0 13 ans en mai<\/a>\u00a0et\u00a0<a href=\"https:\/\/www.midilibre.fr\/2023\/09\/16\/suicide-de-nicolas-harcele-dans-son-college-a-poissy-ce-courrier-est-une-honte-sinsurge-gabriel-attal-11458279.php\" target=\"_blank\" rel=\"noreferrer noopener\">Nicolas \u00e0 15 ans en septembre<\/a>.<\/p>\n\n\n\n<h2 class=\"wp-block-heading\">S\u00e9curit\u00e9 routi\u00e8re&nbsp;<\/h2>\n\n\n\n<p>Apr\u00e8s l&rsquo;accident de Pierre Palmade, la question des sanctions en fonction de l&rsquo;\u00e9tat des conducteurs est pos\u00e9e : comment punir ceux qui se rendent responsables d&rsquo;accidents de la route apr\u00e8s avoir consomm\u00e9<strong>\u00a0drogue et alcool\u00a0<\/strong>?<\/p>\n\n\n\n<h2 class=\"wp-block-heading\">100 jours d&rsquo;apaisement<\/h2>\n\n\n\n<p>En juin, la&nbsp;<a href=\"https:\/\/www.midilibre.fr\/faits-divers\/mort-de-nahel\/\" target=\"_blank\" rel=\"noreferrer noopener\">mort de Nahel lors d&rsquo;un refus d&rsquo;obtemp\u00e9rer<\/a>&nbsp;\u00e9branle les Fran\u00e7ais. D&rsquo;un c\u00f4t\u00e9, ceux qui estiment que le policier auteur du tir \u00e9tait dans son bon droit, de l&rsquo;autre, ceux qui, choqu\u00e9s par la mort de cet adolescent de 14 ans, s&rsquo;offusquent que les repr\u00e9sentants de l&rsquo;ordre puissent repr\u00e9senter un danger dans certains cas.<\/p>\n\n\n\n<p>Des nuits d&rsquo;\u00e9meutes succ\u00e8dent au drame et des couvre-feux sont instaur\u00e9s dans des dizaines de ville. Le gouvernement met par ailleurs en place un&nbsp;<strong>\u00ab\u00a0plan anti-emeutes\u00a0\u00bb<\/strong>.&nbsp;Emmanuel Macron prend alors la parole et d\u00e9cr\u00e8te le d\u00e9but de \u00ab\u00a0100 jours d&rsquo;apaisement\u00a0\u00bb. Le but ? Renouer avec les Fran\u00e7ais, apaiser les d\u00e9bats et relancer les questions li\u00e9es \u00e0 l&rsquo;\u00e9ducation, \u00e0 la s\u00e9curit\u00e9 et \u00e0 l&#8217;emploi.<\/p>\n\n\n\n<h2 class=\"wp-block-heading\">Remaniement<\/h2>\n\n\n\n<p>Apr\u00e8s le fiasco de la r\u00e9forme des retraites, l&rsquo;opposition a jet\u00e9 l&rsquo;opprobre sur la mani\u00e8re avec laquelle le gouvernement d&rsquo;Elisabeth Borne avait fait adopter&nbsp;la loi. \u00c0 la fin du printemps, une question est sur toutes les l\u00e8vres : la Premi\u00e8re ministre va-t-elle pouvoir rester en place ? \u00c0 la fin des&nbsp;<strong>\u00ab\u00a0100 jours d&rsquo;apaisement\u00a0\u00bb,<\/strong>&nbsp;le couperet tombe.<\/p>\n\n\n\n<p>Finalement, le 20 juillet, la composition du gouvernement Elisabeth Borne 2 est d\u00e9voil\u00e9e : elle garde sa place. Ce n&rsquo;est pas le cas de Marl\u00e8ne Schiappa, Fran\u00e7ois Braun et Pap Ndiaye. Au total, ce sont<a href=\"https:\/\/www.midilibre.fr\/2023\/07\/20\/remaniement-huit-entrees-neuf-departs-des-confirmations-et-des-surprises-le-point-sur-le-mercato-du-gouvernement-11353233.php\" target=\"_blank\" rel=\"noreferrer noopener\">&nbsp;huit nouveaux ministres qui prendront le relais.&nbsp;<\/a><\/p>\n\n\n\n<h2 class=\"wp-block-heading\">France Travail<\/h2>\n\n\n\n<p>En novembre, le S\u00e9nat a adopt\u00e9 le projet de loi pour le plein emploi, annonc\u00e9 lors des \u00ab\u00a0100 jours d&rsquo;apaisement\u00a0\u00bb. C&rsquo;est officiel, P\u00f4le emploi va devenir France Travail. Le but est de cr\u00e9er un&nbsp;<strong>\u00ab\u00a0r\u00e9seau pour l&#8217;emploi\u00a0\u00bb<\/strong>.&nbsp;<\/p>\n\n\n\n<p>Afin de&nbsp;lutter contre le ch\u00f4mage, le gouvernement veut privil\u00e9gier l&rsquo;insertion des jeunes travailleurs et&nbsp;la r\u00e9insertion des personnes sans emploi.<\/p>\n","protected":false},"excerpt":{"rendered":"<p>L&rsquo;ann\u00e9e 2023 touche \u00e0 sa fin, marqu\u00e9e par une actualit\u00e9 forte, tant\u00f4t dramatique, d&rsquo;autres fois prometteuse. Retour sur les dix mesures qui ont fait la vie des Fran\u00e7ais cette ann\u00e9e.&nbsp; La tonitruante r\u00e9forme des retraites, les mesures\u00a0anti-inflation\u00a0maintes fois renouvel\u00e9es ou encore les plans d&rsquo;urgence face aux cons\u00e9quences du d\u00e9r\u00e8glement climatique&#8230; l&rsquo;ann\u00e9e a \u00e9t\u00e9 marqu\u00e9e par [&hellip;]<\/p>\n","protected":false},"author":2,"featured_media":26623,"comment_status":"open","ping_status":"open","sticky":false,"template":"","format":"standard","meta":{"_jetpack_memberships_contains_paid_content":false,"footnotes":"","jetpack_publicize_message":"","jetpack_publicize_feature_enabled":true,"jetpack_social_post_already_shared":true,"jetpack_social_options":{"image_generator_settings":{"template":"highway","default_image_id":0,"font":"","enabled":false},"version":2},"_wpas_customize_per_network":false},"categories":[405],"tags":[],"class_list":["post-26622","post","type-post","status-publish","format-standard","has-post-thumbnail","hentry","category-actu-france-monde"],"jetpack_publicize_connections":[],"jetpack_featured_media_url":"https:\/\/i0.wp.com\/www.iceagetv.com\/radiosite\/wp-content\/uploads\/2023\/12\/Screenshot_20231230_063711.jpg?fit=998%2C597&ssl=1","jetpack_sharing_enabled":true,"_links":{"self":[{"href":"https:\/\/www.iceagetv.com\/radiosite\/wp-json\/wp\/v2\/posts\/26622","targetHints":{"allow":["GET"]}}],"collection":[{"href":"https:\/\/www.iceagetv.com\/radiosite\/wp-json\/wp\/v2\/posts"}],"about":[{"href":"https:\/\/www.iceagetv.com\/radiosite\/wp-json\/wp\/v2\/types\/post"}],"author":[{"embeddable":true,"href":"https:\/\/www.iceagetv.com\/radiosite\/wp-json\/wp\/v2\/users\/2"}],"replies":[{"embeddable":true,"href":"https:\/\/www.iceagetv.com\/radiosite\/wp-json\/wp\/v2\/comments?post=26622"}],"version-history":[{"count":1,"href":"https:\/\/www.iceagetv.com\/radiosite\/wp-json\/wp\/v2\/posts\/26622\/revisions"}],"predecessor-version":[{"id":26624,"href":"https:\/\/www.iceagetv.com\/radiosite\/wp-json\/wp\/v2\/posts\/26622\/revisions\/26624"}],"wp:featuredmedia":[{"embeddable":true,"href":"https:\/\/www.iceagetv.com\/radiosite\/wp-json\/wp\/v2\/media\/26623"}],"wp:attachment":[{"href":"https:\/\/www.iceagetv.com\/radiosite\/wp-json\/wp\/v2\/media?parent=26622"}],"wp:term":[{"taxonomy":"category","embeddable":true,"href":"https:\/\/www.iceagetv.com\/radiosite\/wp-json\/wp\/v2\/categories?post=26622"},{"taxonomy":"post_tag","embeddable":true,"href":"https:\/\/www.iceagetv.com\/radiosite\/wp-json\/wp\/v2\/tags?post=26622"}],"curies":[{"name":"wp","href":"https:\/\/api.w.org\/{rel}","templated":true}]}}