{"id":26649,"date":"2023-12-31T16:09:28","date_gmt":"2023-12-31T16:09:28","guid":{"rendered":"https:\/\/www.iceagetv.com\/radiosite\/?p=26649"},"modified":"2023-12-31T16:09:28","modified_gmt":"2023-12-31T16:09:28","slug":"les-evenements-qui-ont-marque-2023","status":"publish","type":"post","link":"https:\/\/www.iceagetv.com\/radiosite\/les-evenements-qui-ont-marque-2023\/","title":{"rendered":"Les \u00e9v\u00e8nements qui ont marqu\u00e9 2023"},"content":{"rendered":"\n<h3 class=\"wp-block-heading\">Les mobilisations contre la r\u00e9forme des retraites<\/h3>\n\n\n\n<p>Une \u00ab journ\u00e9e de gr\u00e8ves et de manifestations \u00bb contre la r\u00e9forme des retraites prend place le 19 janvier. Selon la police, 1,12 million de personnes ont d\u00e9fil\u00e9 dans toute la France. La CGT en d\u00e9nombre 2 millions. Le&nbsp;<strong>31 janvier<\/strong>, une nouvelle mobilisation record se d\u00e9roule dans l\u2019Hexagone. Selon les autorit\u00e9s, pr\u00e8s de 1,3 million de personnes ont manifest\u00e9 dans toute la France. Un record contre une r\u00e9forme sociale depuis 1995. Selon la CGT, ce sont pr\u00e8s de 2,8 millions de personnes qui ont d\u00e9fil\u00e9.<\/p>\n\n\n\n<p>La loi, qui allonge de 62 \u00e0 64 ans l\u2019\u00e2ge l\u00e9gal de d\u00e9part \u00e0 la retraite, a \u00e9t\u00e9 promulgu\u00e9e le 14 avril 2023.<\/p>\n\n\n\n<h3 class=\"wp-block-heading\">Les s\u00e9ismes d\u00e9vastateurs en Turquie et Syrie<\/h3>\n\n\n\n<p>Le&nbsp;<strong>6 f\u00e9vrier<\/strong>&nbsp;2023, deux s\u00e9ismes d\u00e9vastateurs frappent la Turquie et la Syrie. Dans la nuit du 5 au 6 f\u00e9vrier 2023, un premier s\u00e9isme de magnitude 7,8 frappe Turquie et la Syrie \u00e0 4h17. Le second, d\u2019une magnitude 7,5 frappe \u00e0 13h24. Les pays ont dress\u00e9 un bilan de plus de 50 000 morts. Au moins 173 000 b\u00e2timents ont \u00e9t\u00e9 gravement endommag\u00e9s ou totalement d\u00e9truits.<\/p>\n\n\n\n<h3 class=\"wp-block-heading\">Fin des trottinettes \u00e9lectriques en libre-service \u00e0 Paris<\/h3>\n\n\n\n<p>Les parisiens votent \u00e0 90 % pour la fin des trottinettes \u00e9lectriques dans la capitale le&nbsp;<strong>2 avril<\/strong>. Ces engins sont accus\u00e9s d\u2019\u00eatre abandonn\u00e9s n\u2019importe o\u00f9 dans l\u2019espace public, d\u2019\u00eatre dangereux pour les pi\u00e9tons et de pr\u00e9senter un mauvais bilan carbone.<\/p>\n\n\n\n<p>Depuis le 1er septembre, les trottinettes sont retir\u00e9es des rues de Paris.<\/p>\n\n\n\n<h3 class=\"wp-block-heading\">Le Couronnement de Charles III et de Camilla Parker Bowles au Royaume-Uni<\/h3>\n\n\n\n<p>Le samedi&nbsp;<strong>6 mai<\/strong>, \u00e0 Londres, prend place le couronnement de Charles III et de son \u00e9pouse Camilla Parker Bowles en tant que roi et reine consort du Royaume-Uni et des autres royaumes du Commonwealth, \u00e0 l\u2019abbaye de Westminster. Huit mois apr\u00e8s la mort d\u2019Elizabeth II.<\/p>\n\n\n\n<p>Charles III a acc\u00e9d\u00e9 au tr\u00f4ne \u00e0 la mort de sa m\u00e8re, le 8 septembre 2022.<\/p>\n\n\n\n<h3 class=\"wp-block-heading\">Accident du sous-marin Titan d\u2019OceanGate<\/h3>\n\n\n\n<p>Le submersible Titan d\u2019OceanGate implose le&nbsp;<strong>18 juin<\/strong>&nbsp;2023, entra\u00eenant le d\u00e9c\u00e8s de ses cinq passagers. La d\u00e9couverte de d\u00e9bris \u00e0 400 m\u00e8tres de l\u2019\u00e9pave du Titanic confirme l\u2019accident mortel de l\u2019\u00e9quipage.<\/p>\n\n\n\n<p>D\u2019apr\u00e8s Jos\u00e9 Luis Mart\u00edn, un expert espagnol, les passagers ont su qu\u2019il y avait un probl\u00e8me 48 \u00e0 71 secondes avant l\u2019implosion. Il raconte qu\u2019une panne \u00e9lectrique se serait produite, causant la chute du sous-marin \u00ab sans moteur et sans propulsion \u00bb. Le submersible serait alors tomb\u00e9 \u00ab comme une fl\u00e8che, verticalement \u00bb, \u00e0 cause du poids des passagers regroup\u00e9s \u00e0 l\u2019avant. Les cinq passagers auraient \u00e9t\u00e9 tu\u00e9s sur le coup.<\/p>\n\n\n\n<h3 class=\"wp-block-heading\">Les \u00e9meutes cons\u00e9cutives \u00e0 la mort de Nahel Merzouk<\/h3>\n\n\n\n<p>L\u2019\u00e9t\u00e9 2023 se plonge dans un chaos d\u2019\u00e9meutes cons\u00e9cutives. Le&nbsp;<strong>27 juin<\/strong>, Nahel, \u00e2g\u00e9 de 17 ans, est tu\u00e9 d\u2019une balle dans le thorax par un policier d\u00e9nomm\u00e9 Florian M., apr\u00e8s un refus d\u2019obtemp\u00e9rer \u00e0 Nanterre. Quelques heures apr\u00e8s la mort de l\u2019adolescent, des \u00e9meutes \u00e9clatent dans la France enti\u00e8re.<\/p>\n\n\n\n<p>2 500 b\u00e2timents ont \u00e9t\u00e9 d\u00e9grad\u00e9s (dont 168 \u00e9coles et 105 mairies), 12 000 v\u00e9hicules incendi\u00e9s, et 24 000 feux ont \u00e9t\u00e9 allum\u00e9s sur voie publique. Ces \u00e9meutes, plus courtes, ont d\u00e9pass\u00e9 celles de 2005 apr\u00e8s la mort de Zyed Benna et Bouna Traor\u00e9, pour l\u2019\u00e9tendue des d\u00e9g\u00e2ts.<\/p>\n\n\n\n<p>Au 1er ao\u00fbt, 2 107 personnes avaient \u00e9t\u00e9 jug\u00e9es et 1 989 condamn\u00e9es, dont 90 % \u00e0 une peine d\u2019emprisonnement, selon le minist\u00e8re de la Justice.<\/p>\n\n\n\n<h3 class=\"wp-block-heading\">Arriv\u00e9e de Threads, clone de X<\/h3>\n\n\n\n<p>La nouvelle application du groupe Meta, la maison m\u00e8re de Facebook, est lanc\u00e9e le&nbsp;<strong>6 juillet<\/strong>. Cinq jours apr\u00e8s son lancement, le r\u00e9seau social d\u00e9passe la barre de 100 millions d\u2019utilisateurs. Pr\u00e9sent\u00e9e comme le clone de X, elle est depuis disponible en France et en Europe depuis le 14 d\u00e9cembre.<\/p>\n\n\n\n<p>\u00ab Instagram for your toughts \u00bb (Instagram pour vos pens\u00e9es) : comme Twitter, Threads est une app textuelle, sur laquelle on peut se connecter gr\u00e2ce \u00e0 son identifiant Instagram. Les utilisateurs peuvent poster des messages de 500 caract\u00e8res maximum, contre 280 pour X, sans abonnement payant.<\/p>\n\n\n\n<h3 class=\"wp-block-heading\">L\u2019arc Barbenheimer sur les r\u00e9seaux<\/h3>\n\n\n\n<p>Barbenheimer, c\u2019est un ph\u00e9nom\u00e8ne cr\u00e9\u00e9 sur Internet peu avant la sortie au cin\u00e9ma des deux films tr\u00e8s oppos\u00e9s :&nbsp;<em>Barbie<\/em>&nbsp;et&nbsp;<em>Oppenheimer<\/em>, le&nbsp;<strong>21 juillet<\/strong>. Memes, montages photos, vid\u00e9os\u2026 les internautes s\u2019amusent de cette co\u00efncidence.<\/p>\n\n\n\n<p><em>Barbie<\/em>&nbsp;est devenu le film le plus rentable de l\u2019ann\u00e9e et de toute l\u2019histoire de Warner Bros. Le ph\u00e9nom\u00e8ne d\u00e9passe la barri\u00e8re d\u2019Internet, puisqu\u2019une nouvelle production, bas\u00e9e sur l\u2019id\u00e9e de Barbenheimer, est actuellement en pr\u00e9-production.<\/p>\n\n\n\n<p>La soci\u00e9t\u00e9 de production am\u00e9ricaine Full Moon Features prend les choses en main avec un film simplement intitul\u00e9\u00a0<em>Barbenheimer<\/em>. Le synopsis est pour le moins original : \u00e0 Dollsville, un groupe de poup\u00e9es f\u00e9ministes dirig\u00e9es par la brillante Dr. Barbenheimer fabriquent une bombe atomique pour renverser le patriarcat !<\/p>\n\n\n\n<h3 class=\"wp-block-heading\">Fin de Twitter pour X<\/h3>\n\n\n\n<p>Apr\u00e8s le rachat de la c\u00e9l\u00e8bre application pour 44 milliards de dollars, Elon Musk d\u00e9cide de renommer Twitter par X, le&nbsp;<strong>24 juillet<\/strong>. Le r\u00e9seau perd alors son oiseau et son bleu.<\/p>\n\n\n\n<p>Depuis, X a perdu \u00e9galement sa pastille bleue et a lanc\u00e9 un abonnement payant Twitter Blue (maintenant X Premium) avec des fonctions exclusives en 2022, pour \u00eatre certifi\u00e9 et passer avant les gens qui ne payent pas.<\/p>\n\n\n\n<h3 class=\"wp-block-heading\">Le jour du d\u00e9passement est atteint<\/h3>\n\n\n\n<p>Le&nbsp;<strong>2 ao\u00fbt<\/strong>&nbsp;correspond \u00e0 la date \u00e0 laquelle l\u2019humanit\u00e9 a consomm\u00e9 toutes les ressources que notre plan\u00e8te peut r\u00e9g\u00e9n\u00e9rer en une ann\u00e9e. Aujourd\u2019hui, il faut \u00ab 1,7 Terre \u00bb, en termes de surface, pour reg\u00e9n\u00e9rer ce que l\u2019humanit\u00e9 consomme.<\/p>\n\n\n\n<p>Cette date est calcul\u00e9e \u00e0 partir d\u2019un rapport entre la consommation annuelle de l\u2019humanit\u00e9 en ressources naturelles et la capacit\u00e9 de r\u00e9g\u00e9n\u00e9ration desdites ressources par la plan\u00e8te. En 1970, ce jour intervenait le 29 d\u00e9cembre.<\/p>\n\n\n\n<h3 class=\"wp-block-heading\">S\u00e9isme au Maroc<\/h3>\n\n\n\n<p>Le&nbsp;<strong>8 septembre<\/strong>, \u00e0 23h11, un s\u00e9isme de magnitude 6,8 se produit au Maroc \u00e0 70 km au sud-ouest de Marrakech. Ce s\u00e9isme est le plus important tremblement de terre enregistr\u00e9 par des stations sismiques de l\u2019histoire du pays. Selon le CSEM le s\u00e9isme a \u00e9t\u00e9 suivi par une vingtaine de r\u00e9pliques de magnitude allant de 2,2 \u00e0 4,8, le 10 septembre.<\/p>\n\n\n\n<p>Pr\u00e8s de 3 000 personnes ont perdu la vie et on d\u00e9nombre plus de 5 500 bless\u00e9s. 50 000 habitations ont \u00e9t\u00e9 totalement ou partiellement d\u00e9truites.<\/p>\n\n\n\n<h3 class=\"wp-block-heading\">Le Hamas lance une offensive de grande envergure contre Isra\u00ebl<\/h3>\n\n\n\n<p>Le&nbsp;<strong>7 octobre<\/strong>, le Hamas lance l\u2019op\u00e9ration \u201cD\u00e9luge d\u2019Al-Aqsa\u201d contre Isra\u00ebl. Le mouvement islamiste affirme avoir tir\u00e9 plus de 5 000 roquettes sur le territoire isra\u00e9lien. L\u2019attaque fait 1 200 morts et ils prennent au moins 240 otages. Depuis, Isra\u00ebl, a jur\u00e9 de d\u00e9truire le mouvement islamiste palestinien.<\/p>\n\n\n\n<p>Le minist\u00e8re de la sant\u00e9 du Hamas palestinien annonce, le 19 d\u00e9cembre, que les op\u00e9rations militaires isra\u00e9liennes dans la bande de Gaza on fait 19 667 morts depuis le d\u00e9but de la guerre.<\/p>\n\n\n\n<h3 class=\"wp-block-heading\">L\u2019assassinat de Dominique Benard<\/h3>\n\n\n\n<p>Dominique B\u00e9nard, un professeur de 57 ans, est tu\u00e9 lors d\u2019une attaque terroriste dans un \u00e9tablissement scolaire \u00e0 Arras, le&nbsp;<strong>13 octobre<\/strong>. Ce drame arrive trois ans jour pour jour apr\u00e8s l\u2019assassinat de Samuel Paty. Les obs\u00e8ques du professeur de lettres se sont tenues le 19 octobre dans la cath\u00e9drale de la ville, en la pr\u00e9sence du pr\u00e9sident de la R\u00e9publique.<\/p>\n\n\n\n<p>Dominique Bernard a \u00e9t\u00e9 \u00e9lev\u00e9 au grade de chevalier de la L\u00e9gion d\u2019honneur par Emmanuel Macron. L\u2019assaillant, Mohammed Mogouchkov, un Russe radicalis\u00e9 de 20 ans, est un ancien \u00e9l\u00e8ve du lyc\u00e9e. Lors de l\u2019attaque, trois autres hommes ont \u00e9t\u00e9 bless\u00e9s au couteau, dont deux gri\u00e8vement, aujourd\u2019hui tir\u00e9s d\u2019affaire.<\/p>\n\n\n\n<h3 class=\"wp-block-heading\">L\u2019attentat en Belgique<\/h3>\n\n\n\n<p>Le&nbsp;<strong>16 octobre<\/strong>, la Belgique est victime d\u2019une attaque terroriste dans le centre-ville de Bruxelles. La fusillade co\u00fbte la vie \u00e0 deux Su\u00e9dois, venus soutenir leur \u00e9quipe nationale de football en Belgique.<\/p>\n\n\n\n<p>Apr\u00e8s avoir disparu plusieurs heures, l\u2019assaillant, Abdesalem Lassoued, un Tunisien de 45 ans radicalis\u00e9 en s\u00e9jour ill\u00e9gal dans le pays, est abattu par la police belge le 17 octobre au matin, dans la commune bruxelloise de Schaerbeek.<\/p>\n\n\n\n<h3 class=\"wp-block-heading\">L\u2019attentat mortel \u00e0 Paris<\/h3>\n\n\n\n<p>Le&nbsp;<strong>2 d\u00e9cembre<\/strong>, Paris est frapp\u00e9e par une attaque mortelle au couteau. L\u2019attentat cause la mort d\u2019un jeune touriste germano-philippin, et fait deux bless\u00e9s.<\/p>\n\n\n\n<p>Armand Rajabpour-Miyandoab, un Franco-iranien de 26 ans et principal suspect, justifie son action en r\u00e9action \u00e0 la pers\u00e9cution des musulmans dans le monde et est revenu sur le conflit isra\u00e9lo-palestinien.<\/p>\n\n\n\n<h3 class=\"wp-block-heading\">La premi\u00e8re motion vot\u00e9e<\/h3>\n\n\n\n<p>Le projet de loi immigration, pr\u00e9sent\u00e9 par G\u00e9rald Darmanin, doit \u00eatre d\u00e9battu le&nbsp;<strong>11 d\u00e9cembre<\/strong>&nbsp;\u00e0 l\u2019Assembl\u00e9e nationale. Surprise pour le gouvernement, les d\u00e9put\u00e9s rejettent le texte avant m\u00eame de d\u00e9battre. Depuis la cr\u00e9ation de la motion de rejet au pr\u00e9alable en 2019, c\u2019est la premi\u00e8re fois qu\u2019elle est vot\u00e9e.<\/p>\n\n\n\n<p>Apr\u00e8s une Commission paritaire mixte, pour remanier le texte, le projet de loi est vot\u00e9 le 19 d\u00e9cembre au S\u00e9nat et \u00e0 l\u2019Assembl\u00e9e nationale.<\/p>\n","protected":false},"excerpt":{"rendered":"<p>Les mobilisations contre la r\u00e9forme des retraites Une \u00ab journ\u00e9e de gr\u00e8ves et de manifestations \u00bb contre la r\u00e9forme des retraites prend place le 19 janvier. Selon la police, 1,12 million de personnes ont d\u00e9fil\u00e9 dans toute la France. La CGT en d\u00e9nombre 2 millions. Le&nbsp;31 janvier, une nouvelle mobilisation record se d\u00e9roule dans l\u2019Hexagone. [&hellip;]<\/p>\n","protected":false},"author":2,"featured_media":26650,"comment_status":"open","ping_status":"open","sticky":false,"template":"","format":"standard","meta":{"_jetpack_memberships_contains_paid_content":false,"footnotes":"","jetpack_publicize_message":"","jetpack_publicize_feature_enabled":true,"jetpack_social_post_already_shared":true,"jetpack_social_options":{"image_generator_settings":{"template":"highway","default_image_id":0,"font":"","enabled":false},"version":2},"_wpas_customize_per_network":false},"categories":[68],"tags":[],"class_list":["post-26649","post","type-post","status-publish","format-standard","has-post-thumbnail","hentry","category-actu-culturelle"],"jetpack_publicize_connections":[],"jetpack_featured_media_url":"https:\/\/i0.wp.com\/www.iceagetv.com\/radiosite\/wp-content\/uploads\/2023\/12\/Les-evenements-qui-ont-marque-2023.png?fit=1024%2C483&ssl=1","jetpack_sharing_enabled":true,"_links":{"self":[{"href":"https:\/\/www.iceagetv.com\/radiosite\/wp-json\/wp\/v2\/posts\/26649","targetHints":{"allow":["GET"]}}],"collection":[{"href":"https:\/\/www.iceagetv.com\/radiosite\/wp-json\/wp\/v2\/posts"}],"about":[{"href":"https:\/\/www.iceagetv.com\/radiosite\/wp-json\/wp\/v2\/types\/post"}],"author":[{"embeddable":true,"href":"https:\/\/www.iceagetv.com\/radiosite\/wp-json\/wp\/v2\/users\/2"}],"replies":[{"embeddable":true,"href":"https:\/\/www.iceagetv.com\/radiosite\/wp-json\/wp\/v2\/comments?post=26649"}],"version-history":[{"count":1,"href":"https:\/\/www.iceagetv.com\/radiosite\/wp-json\/wp\/v2\/posts\/26649\/revisions"}],"predecessor-version":[{"id":26651,"href":"https:\/\/www.iceagetv.com\/radiosite\/wp-json\/wp\/v2\/posts\/26649\/revisions\/26651"}],"wp:featuredmedia":[{"embeddable":true,"href":"https:\/\/www.iceagetv.com\/radiosite\/wp-json\/wp\/v2\/media\/26650"}],"wp:attachment":[{"href":"https:\/\/www.iceagetv.com\/radiosite\/wp-json\/wp\/v2\/media?parent=26649"}],"wp:term":[{"taxonomy":"category","embeddable":true,"href":"https:\/\/www.iceagetv.com\/radiosite\/wp-json\/wp\/v2\/categories?post=26649"},{"taxonomy":"post_tag","embeddable":true,"href":"https:\/\/www.iceagetv.com\/radiosite\/wp-json\/wp\/v2\/tags?post=26649"}],"curies":[{"name":"wp","href":"https:\/\/api.w.org\/{rel}","templated":true}]}}