{"id":26662,"date":"2024-01-02T09:14:54","date_gmt":"2024-01-02T09:14:54","guid":{"rendered":"https:\/\/www.iceagetv.com\/radiosite\/?p=26662"},"modified":"2024-01-02T09:14:54","modified_gmt":"2024-01-02T09:14:54","slug":"inondations-dans-le-pas-de-calais-la-difficulte-cest-la-repetition-du-phenomene-les-habitants-sont-degoutes-se-desole-la-protection-civile","status":"publish","type":"post","link":"https:\/\/www.iceagetv.com\/radiosite\/inondations-dans-le-pas-de-calais-la-difficulte-cest-la-repetition-du-phenomene-les-habitants-sont-degoutes-se-desole-la-protection-civile\/","title":{"rendered":"Inondations dans le Pas-de-Calais : \u00ab\u00a0La difficult\u00e9, c&rsquo;est la r\u00e9p\u00e9tition\u00a0\u00bb du ph\u00e9nom\u00e8ne, les habitants \u00ab\u00a0sont d\u00e9go\u00fbt\u00e9s\u00a0\u00bb, se d\u00e9sole la Protection civile"},"content":{"rendered":"\n<p>Alors que le Pas-de-Calais est de nouveau en\u00a0<a href=\"https:\/\/www.francetvinfo.fr\/meteo\/inondations\/intemperies-le-pas-de-calais-place-en-vigilance-orange-pluie-inondation-et-crue-a-partir-de-midi_6275490.html\">vigilance orange<\/a>\u00a0pour crues en ce d\u00e9but d&rsquo;ann\u00e9e 2024, Adam Beernaert, directeur g\u00e9n\u00e9ral de la Protection civile dans le d\u00e9partement fait part mardi 2\u00a0janvier \u00e0 franceinfo de la d\u00e9sillusion et de la lassitude des habitants face \u00e0\u00a0<em>\u00ab\u00a0la r\u00e9p\u00e9tition\u00a0\u00bb<\/em>\u00a0des inondations, apr\u00e8s novembre et d\u00e9cembre. Certains\u00a0<em>\u00ab\u00a0retombent dans une situation catastrophique\u00a0\u00bb<\/em>\u00a0avec l&rsquo;impression d&rsquo;une\u00a0<em>\u00ab\u00a0r\u00e9p\u00e9tition sans fin\u00a0\u00bb<\/em>.<\/p>\n\n\n\n<p>Adam Beernaert explique que les&nbsp;<em>\u00ab\u00a0sols sont gorg\u00e9s d&rsquo;eau\u00a0\u00bb<\/em>&nbsp;apr\u00e8s les inondations des mois de novembre et de d\u00e9cembre, il n&rsquo;y a donc&nbsp;<em>\u00ab\u00a0pas assez d&rsquo;absorption des sols\u00a0\u00bb<\/em>.&nbsp;<em>\u00ab\u00a0D\u00e8s qu&rsquo;il y a une petite pluie, une petite coul\u00e9e d&rsquo;eau, l&rsquo;eau sature\u00a0\u00bb<\/em>, ajoute-t-il. Le directeur g\u00e9n\u00e9ral de la Protection civile constate ainsi que&nbsp;<em>\u00ab\u00a0toutes les maisons qui avaient \u00e9t\u00e9 inond\u00e9es\u00a0\u00bb<\/em>&nbsp;les mois pr\u00e9c\u00e9dents&nbsp;<em>\u00ab\u00a0redeviennent inond\u00e9es\u00a0\u00bb<\/em>.<\/p>\n\n\n\n<p>Cette impression que\u00a0<em>\u00ab\u00a0\u00e7a ne s&rsquo;arr\u00eate\u00a0\u00bb<\/em>\u00a0jamais entra\u00eene une certaine d\u00e9sillusion, voire\u00a0<em>\u00ab\u00a0d\u00e9motivation\u00a0\u00bb<\/em>\u00a0chez les habitants.\u00a0<em>\u00ab\u00a0Les personnes en ont marre, elles sont d\u00e9go\u00fbt\u00e9es\u00a0\u00bb<\/em>, note Adam Beernaert.\u00a0<\/p>\n\n\n\n<p>Le patron de la Protection civile du Pas-de-Calais rappelle par exemple que certains habitants doivent \u00e0 nouveau nettoyer leur maison, racheter des meubles pour la \u00e9ni\u00e8me fois en quelques mois, ce qui&nbsp;<em>\u00ab\u00a0co\u00fbte tr\u00e8s cher\u00a0\u00bb<\/em>.<\/p>\n\n\n\n<p>Le moral des habitants risque de rester en berne face \u00e0 l&rsquo;eau qui continue encore de monter mardi 2&nbsp;janvier. Pour la troisi\u00e8me fois en deux mois, les secours doivent&nbsp;<em>\u00ab\u00a0recommencer [leurs] op\u00e9rations de mise en s\u00e9curit\u00e9 (&#8230;) de nettoyage et d&rsquo;\u00e9vacuation de l&rsquo;eau\u00a0\u00bb<\/em>.&nbsp;<em>\u00ab\u00a0La Protection civile se pr\u00e9pare \u00e0 intervenir pour pouvoir nettoyer les maisons, s\u00e9cher les caves, pour que les personnes puissent retrouver une situation normale rapidement\u00a0\u00bb<\/em>, assure son directeur g\u00e9n\u00e9ral.<\/p>\n\n\n\n<h2 class=\"wp-block-heading\">Pr\u00e8s de 200 b\u00e9n\u00e9voles spontan\u00e9s&nbsp;<\/h2>\n\n\n\n<p>Face \u00e0 cet \u00e9pisode pluvieux intense, la Protection civile est en effet pleinement mobilis\u00e9e dans le Pas-de-Calais. Gr\u00e2ce \u00e0 un appel aux dons, l&rsquo;association a pu r\u00e9aliser&nbsp;<em>\u00ab\u00a0plus de 500 interventions gratuitement\u00a0\u00bb<\/em>. Adam Beernaert salue d&rsquo;ailleurs l&rsquo;\u00e9lan de&nbsp;<em>\u00ab\u00a0solidarit\u00e9\u00a0\u00bb<\/em>&nbsp;des habitants du d\u00e9partement qui ont propos\u00e9 leur aide.<\/p>\n\n\n\n<p><em>\u00ab\u00a0Depuis le d\u00e9but de la crise, 1<\/em>&nbsp;<em>200 b\u00e9n\u00e9voles de la Protection civile [sont] engag\u00e9s et 200 b\u00e9n\u00e9voles spontan\u00e9s ont int\u00e9gr\u00e9 nos \u00e9quipes de mani\u00e8re temporaire\u00a0\u00bb<\/em>, affirme-t-il. Il se r\u00e9jouit de voir que&nbsp;<em>\u00ab\u00a0tout le monde se donne la main et s&rsquo;aide\u00a0\u00bb<\/em>&nbsp;dans ces moments. Adam Beernaert rappelle notamment le num\u00e9ro mis en place par la Protection civile :&nbsp;<a href=\"https:\/\/www.francetvinfo.fr\/meteo\/intemperies-comment-venir-en-aider-aux-habitants-sinistres-du-pas-de-calais_6183147.html\">le 03<\/a>&nbsp;<a href=\"https:\/\/www.francetvinfo.fr\/meteo\/intemperies-comment-venir-en-aider-aux-habitants-sinistres-du-pas-de-calais_6183147.html\">74<\/a>&nbsp;<a href=\"https:\/\/www.francetvinfo.fr\/meteo\/intemperies-comment-venir-en-aider-aux-habitants-sinistres-du-pas-de-calais_6183147.html\">20<\/a>&nbsp;<a href=\"https:\/\/www.francetvinfo.fr\/meteo\/intemperies-comment-venir-en-aider-aux-habitants-sinistres-du-pas-de-calais_6183147.html\">03<\/a>&nbsp;<a href=\"https:\/\/www.francetvinfo.fr\/meteo\/intemperies-comment-venir-en-aider-aux-habitants-sinistres-du-pas-de-calais_6183147.html\">07<\/a>. Les personnes sinistr\u00e9es peuvent ainsi appeler&nbsp;<em>\u00ab\u00a0gratuitement\u00a0\u00bb<\/em>&nbsp;ce num\u00e9ro de t\u00e9l\u00e9phone pour b\u00e9n\u00e9ficier de l&rsquo;aide des b\u00e9n\u00e9voles de l&rsquo;association.<\/p>\n","protected":false},"excerpt":{"rendered":"<p>Alors que le Pas-de-Calais est de nouveau en\u00a0vigilance orange\u00a0pour crues en ce d\u00e9but d&rsquo;ann\u00e9e 2024, Adam Beernaert, directeur g\u00e9n\u00e9ral de la Protection civile dans le d\u00e9partement fait part mardi 2\u00a0janvier \u00e0 franceinfo de la d\u00e9sillusion et de la lassitude des habitants face \u00e0\u00a0\u00ab\u00a0la r\u00e9p\u00e9tition\u00a0\u00bb\u00a0des inondations, apr\u00e8s novembre et d\u00e9cembre. Certains\u00a0\u00ab\u00a0retombent dans une situation catastrophique\u00a0\u00bb\u00a0avec l&rsquo;impression [&hellip;]<\/p>\n","protected":false},"author":2,"featured_media":26663,"comment_status":"open","ping_status":"open","sticky":false,"template":"","format":"standard","meta":{"_jetpack_memberships_contains_paid_content":false,"footnotes":"","jetpack_publicize_message":"","jetpack_publicize_feature_enabled":true,"jetpack_social_post_already_shared":true,"jetpack_social_options":{"image_generator_settings":{"template":"highway","default_image_id":0,"font":"","enabled":false},"version":2},"_wpas_customize_per_network":false},"categories":[405],"tags":[],"class_list":["post-26662","post","type-post","status-publish","format-standard","has-post-thumbnail","hentry","category-actu-france-monde"],"jetpack_publicize_connections":[],"jetpack_featured_media_url":"https:\/\/i0.wp.com\/www.iceagetv.com\/radiosite\/wp-content\/uploads\/2024\/01\/Inondations-dans-le-Pas-de-Calais.jpg?fit=904%2C480&ssl=1","jetpack_sharing_enabled":true,"_links":{"self":[{"href":"https:\/\/www.iceagetv.com\/radiosite\/wp-json\/wp\/v2\/posts\/26662","targetHints":{"allow":["GET"]}}],"collection":[{"href":"https:\/\/www.iceagetv.com\/radiosite\/wp-json\/wp\/v2\/posts"}],"about":[{"href":"https:\/\/www.iceagetv.com\/radiosite\/wp-json\/wp\/v2\/types\/post"}],"author":[{"embeddable":true,"href":"https:\/\/www.iceagetv.com\/radiosite\/wp-json\/wp\/v2\/users\/2"}],"replies":[{"embeddable":true,"href":"https:\/\/www.iceagetv.com\/radiosite\/wp-json\/wp\/v2\/comments?post=26662"}],"version-history":[{"count":1,"href":"https:\/\/www.iceagetv.com\/radiosite\/wp-json\/wp\/v2\/posts\/26662\/revisions"}],"predecessor-version":[{"id":26664,"href":"https:\/\/www.iceagetv.com\/radiosite\/wp-json\/wp\/v2\/posts\/26662\/revisions\/26664"}],"wp:featuredmedia":[{"embeddable":true,"href":"https:\/\/www.iceagetv.com\/radiosite\/wp-json\/wp\/v2\/media\/26663"}],"wp:attachment":[{"href":"https:\/\/www.iceagetv.com\/radiosite\/wp-json\/wp\/v2\/media?parent=26662"}],"wp:term":[{"taxonomy":"category","embeddable":true,"href":"https:\/\/www.iceagetv.com\/radiosite\/wp-json\/wp\/v2\/categories?post=26662"},{"taxonomy":"post_tag","embeddable":true,"href":"https:\/\/www.iceagetv.com\/radiosite\/wp-json\/wp\/v2\/tags?post=26662"}],"curies":[{"name":"wp","href":"https:\/\/api.w.org\/{rel}","templated":true}]}}