{"id":26665,"date":"2024-01-02T11:57:55","date_gmt":"2024-01-02T11:57:55","guid":{"rendered":"https:\/\/www.iceagetv.com\/radiosite\/?p=26665"},"modified":"2024-01-02T11:57:55","modified_gmt":"2024-01-02T11:57:55","slug":"prix-a-la-consommation-le-patron-des-centres-e-leclerc-michel-edouard-leclerc-souhaite-casser-la-gueule-a-linflation-en-ce-debut-dannee-2024","status":"publish","type":"post","link":"https:\/\/www.iceagetv.com\/radiosite\/prix-a-la-consommation-le-patron-des-centres-e-leclerc-michel-edouard-leclerc-souhaite-casser-la-gueule-a-linflation-en-ce-debut-dannee-2024\/","title":{"rendered":"Prix \u00e0 la consommation: Le patron des centres E.Leclerc Michel-\u00c9douard Leclerc souhaite \u00ab\u00a0casser la gueule \u00e0 l&rsquo;inflation\u00a0\u00bb en ce d\u00e9but d&rsquo;ann\u00e9e 2024"},"content":{"rendered":"\n<p>Michel-\u00c9douard Leclerc pr\u00e9voit une baisse de l&rsquo;inflation pour le d\u00e9but de l&rsquo;ann\u00e9e 2024, alors que les n\u00e9gociations commerciales annuelles &#8211; dont il esp\u00e8re sortir gagnant &#8211; sur les prix des produits de consommation se poursuivent entre industriels et distributeurs.<\/p>\n\n\n\n<p>\u00ab\u00a0On va aller chercher des poches de baisse de prix, on va aller casser la gueule \u00e0 l&rsquo;inflation, et on va arriver avec une inflation, je pense, &#8211; fin janvier, d\u00e9but f\u00e9vrier &#8211; qui sera au moins moiti\u00e9 moins que l&rsquo;ann\u00e9e derni\u00e8re\u00a0\u00bb, a promis ce mardi matin le patron des centres E.Leclerc, sur France 2.<\/p>\n\n\n\n<p>Michel-\u00c9douard Leclerc assure que les distributeurs, dont il est l&rsquo;un des fers de lance, sont alli\u00e9s pour demander aux industriels \u00ab\u00a0de la d\u00e9flation, de la baisse des prix, parce qu&rsquo;ils se sont trop +sucr\u00e9s+ l&rsquo;ann\u00e9e derni\u00e8re\u00a0\u00bb.<\/p>\n\n\n\n<p>\u00ab\u00a0C&rsquo;est pas jou\u00e9\u00a0\u00bb, a temp\u00e9r\u00e9 le dirigeant : \u00ab\u00a0Beaucoup d&rsquo;industriels demandent encore des hausses de 6 \u00e0 8%.\u00a0\u00bb Pour justifier cette hausse, les industriels mettraient en avant l&rsquo;inflation du \u00ab\u00a0prix du conditionnement\u00a0\u00bb, selon lui.<\/p>\n\n\n\n<p>Certains secteurs devraient conna\u00eetre une baisse des prix plus rapide. \u00ab\u00a0Il y a des march\u00e9s de mati\u00e8res premi\u00e8res comme celles des c\u00e9r\u00e9ales ou du caf\u00e9 o\u00f9 cela a bien baiss\u00e9\u00a0\u00bb. \u00ab\u00a0On parle du prix des p\u00e2tes, on parle du prix de la farine\u00a0\u00bb, a pr\u00e9cis\u00e9 Michel-\u00c9douard Leclerc.<\/p>\n\n\n\n<p>Les n\u00e9gociations commerciales annuelles ont lieu chaque ann\u00e9e pour fixer les conditions (prix d&rsquo;achat, place en rayon, calendrier promotionnel&#8230;) auxquelles les supermarch\u00e9s vont s&rsquo;approvisionner toute l&rsquo;ann\u00e9e aupr\u00e8s de leurs fournisseurs agro-industriels.<\/p>\n\n\n\n<p>Ces discussions se concluent habituellement le 1er mars, mais le gouvernement a d\u00e9cid\u00e9 de les avancer de quelques semaines en esp\u00e9rant une r\u00e9percussion plus rapide dans les prix en rayon des baisses du co\u00fbt de certaines mati\u00e8res premi\u00e8res.<\/p>\n\n\n\n<p>\u00ab\u00a0Tout le monde a des raisons de filer sa facture \u00e0 l&rsquo;autre, en aval\u00a0\u00bb, d\u00e9plore Michel-\u00c9douard Leclerc, pointant du doigt l&rsquo;attitude des industriels.<\/p>\n\n\n\n<p>L&rsquo;inflation, encore \u00e9lev\u00e9e ces derniers mois, n&rsquo;a cependant pas emp\u00each\u00e9 les Fran\u00e7ais de \u00ab\u00a0beaucoup consommer pendant les f\u00eates\u00a0\u00bb, se satisfait-il, dressant un bilan de la fin de l&rsquo;ann\u00e9e 2023. \u00ab\u00a0L&rsquo;\u00e9conomie fran\u00e7aise a tenu son rang du point de vue de la consommation.\u00a0\u00bb<\/p>\n","protected":false},"excerpt":{"rendered":"<p>Michel-\u00c9douard Leclerc pr\u00e9voit une baisse de l&rsquo;inflation pour le d\u00e9but de l&rsquo;ann\u00e9e 2024, alors que les n\u00e9gociations commerciales annuelles &#8211; dont il esp\u00e8re sortir gagnant &#8211; sur les prix des produits de consommation se poursuivent entre industriels et distributeurs. \u00ab\u00a0On va aller chercher des poches de baisse de prix, on va aller casser la gueule [&hellip;]<\/p>\n","protected":false},"author":2,"featured_media":26666,"comment_status":"open","ping_status":"open","sticky":false,"template":"","format":"standard","meta":{"_jetpack_memberships_contains_paid_content":false,"footnotes":"","jetpack_publicize_message":"","jetpack_publicize_feature_enabled":true,"jetpack_social_post_already_shared":true,"jetpack_social_options":{"image_generator_settings":{"template":"highway","default_image_id":0,"font":"","enabled":false},"version":2},"_wpas_customize_per_network":false},"categories":[405],"tags":[],"class_list":["post-26665","post","type-post","status-publish","format-standard","has-post-thumbnail","hentry","category-actu-france-monde"],"jetpack_publicize_connections":[],"jetpack_featured_media_url":"https:\/\/i0.wp.com\/www.iceagetv.com\/radiosite\/wp-content\/uploads\/2024\/01\/Prix-a-la-consommation.jpg?fit=679%2C293&ssl=1","jetpack_sharing_enabled":true,"_links":{"self":[{"href":"https:\/\/www.iceagetv.com\/radiosite\/wp-json\/wp\/v2\/posts\/26665","targetHints":{"allow":["GET"]}}],"collection":[{"href":"https:\/\/www.iceagetv.com\/radiosite\/wp-json\/wp\/v2\/posts"}],"about":[{"href":"https:\/\/www.iceagetv.com\/radiosite\/wp-json\/wp\/v2\/types\/post"}],"author":[{"embeddable":true,"href":"https:\/\/www.iceagetv.com\/radiosite\/wp-json\/wp\/v2\/users\/2"}],"replies":[{"embeddable":true,"href":"https:\/\/www.iceagetv.com\/radiosite\/wp-json\/wp\/v2\/comments?post=26665"}],"version-history":[{"count":1,"href":"https:\/\/www.iceagetv.com\/radiosite\/wp-json\/wp\/v2\/posts\/26665\/revisions"}],"predecessor-version":[{"id":26667,"href":"https:\/\/www.iceagetv.com\/radiosite\/wp-json\/wp\/v2\/posts\/26665\/revisions\/26667"}],"wp:featuredmedia":[{"embeddable":true,"href":"https:\/\/www.iceagetv.com\/radiosite\/wp-json\/wp\/v2\/media\/26666"}],"wp:attachment":[{"href":"https:\/\/www.iceagetv.com\/radiosite\/wp-json\/wp\/v2\/media?parent=26665"}],"wp:term":[{"taxonomy":"category","embeddable":true,"href":"https:\/\/www.iceagetv.com\/radiosite\/wp-json\/wp\/v2\/categories?post=26665"},{"taxonomy":"post_tag","embeddable":true,"href":"https:\/\/www.iceagetv.com\/radiosite\/wp-json\/wp\/v2\/tags?post=26665"}],"curies":[{"name":"wp","href":"https:\/\/api.w.org\/{rel}","templated":true}]}}