{"id":26689,"date":"2024-01-04T05:28:17","date_gmt":"2024-01-04T05:28:17","guid":{"rendered":"https:\/\/www.iceagetv.com\/radiosite\/?p=26689"},"modified":"2024-01-04T05:28:17","modified_gmt":"2024-01-04T05:28:17","slug":"pepsi-lays-lipton-carrefour-suspend-la-vente-des-marques-du-groupe-pepsico","status":"publish","type":"post","link":"https:\/\/www.iceagetv.com\/radiosite\/pepsi-lays-lipton-carrefour-suspend-la-vente-des-marques-du-groupe-pepsico\/","title":{"rendered":"PEPSI, LAY&rsquo;S, LIPTON&#8230; CARREFOUR SUSPEND LA VENTE DES MARQUES DU GROUPE PEPSICO"},"content":{"rendered":"\n<p>Nouveau litige dans le cadre des n\u00e9gociations commerciales. Selon une&nbsp;<a href=\"https:\/\/www.olivierdauvers.fr\/2024\/01\/03\/carrefour-pepsico-la-rupture\/\" target=\"_blank\" rel=\"noreferrer noopener\">information r\u00e9v\u00e9l\u00e9e par le journaliste sp\u00e9cialiste de la grande distribution, Olivier Dauvers<\/a>, et confirm\u00e9e \u00e0 BFMTV, Carrefour va cesser de vendre les produits des marques du groupe Pepsico pour protester contre les hausse de tarifs r\u00e9clam\u00e9es par l&rsquo;industriel.<\/p>\n\n\n\n<p>D\u00e8s jeudi 4 janvier, l&rsquo;enseigne de grande distribution va d\u00e9ployer dans ses magasins des affiches pour informer le consommateur de ce d\u00e9r\u00e9f\u00e9rencement: \u00ab\u00a0Nous ne vendons plus cette marque pour cause de hausse de prix inacceptable. Veuillez nous excuser pour la g\u00eane occasionn\u00e9e\u00a0\u00bb, pourra-t-on lire, accompagn\u00e9 du message \u00ab\u00a0Carrefour, engag\u00e9 pour faire baisser les prix\u00a0\u00bb.Seront concern\u00e9es toutes les marques du groupe Pepsico: Pepsi bien s\u00fbr, mais \u00e9galement les boissons Lipton et 7 Up, les chips Lay&rsquo;s, les Doritos, les produits de la marque B\u00e9nenuts ou encore de Quaker.<\/p>\n\n\n\n<h2 class=\"wp-block-heading\">Attentisme\u00a0\u00bb<\/h2>\n\n\n\n<p>Depuis plusieurs mois, la grande distribution tente de faire pression sur les industriels pour obtenir des baisses des prix alors que l&rsquo;inflation tend \u00e0 ralentir. Les relations entre les deux restent toutefois tendues: \u00ab\u00a0Ce n&rsquo;est pas jou\u00e9\u00a0\u00bb, a pr\u00e9venu mardi&nbsp;<a href=\"https:\/\/www.bfmtv.com\/economie\/consommation\/michel-edouard-leclerc-predit-une-inflation-au-moins-moitie-moins-importante-que-l-annee-derniere_AV-202401020251.html\">Michel-Edouard Leclerc<\/a>, expliquant que \u00ab\u00a0beaucoup d\u2019industriels demandaient encore des hausses de 6 \u00e0 8%\u00a0\u00bb.<\/p>\n\n\n\n<p>Invit\u00e9 sur RMC et BFMTV, le patron de Syst\u00e8me U, Dominique Schelcher a pour sa part d\u00e9plor\u00e9&nbsp;<a href=\"https:\/\/www.bfmtv.com\/economie\/consommation\/inflation-pour-le-patron-de-systeme-u-on-ne-reviendra-pas-aux-prix-d-avant-la-guerre-en-ukraine_AV-202401030358.html\">ce mercredi \u00ab\u00a0l&rsquo;attentisme\u00a0\u00bb de certains agro-industriels<\/a>, assurant qu&rsquo;aucun rendez-vous avec Danone par exemple n&rsquo;a encore eu lieu, alors que le gouvernement a avanc\u00e9 la date des n\u00e9gociations commerciales annuelles.<\/p>\n\n\n\n<p>\u00ab\u00a0Le d\u00e9lai est plus court cette ann\u00e9e et on pensait avoir une mobilisation plus forte\u00a0\u00bb, a d\u00e9clar\u00e9 le PDG du 4e acteur de la distribution alimentaire en France. \u00ab\u00a0Beaucoup d&rsquo;industriels sont partis en vacances pendant les f\u00eates et on n&rsquo;a vu personne. On \u00e9tait mobilis\u00e9, il faut que \u00e7a s&rsquo;acc\u00e9l\u00e8re\u00a0\u00bb, les n\u00e9gociations devant s&rsquo;achever au plus tard \u00e0 la fin du mois.<\/p>\n","protected":false},"excerpt":{"rendered":"<p>Nouveau litige dans le cadre des n\u00e9gociations commerciales. Selon une&nbsp;information r\u00e9v\u00e9l\u00e9e par le journaliste sp\u00e9cialiste de la grande distribution, Olivier Dauvers, et confirm\u00e9e \u00e0 BFMTV, Carrefour va cesser de vendre les produits des marques du groupe Pepsico pour protester contre les hausse de tarifs r\u00e9clam\u00e9es par l&rsquo;industriel. D\u00e8s jeudi 4 janvier, l&rsquo;enseigne de grande distribution [&hellip;]<\/p>\n","protected":false},"author":2,"featured_media":26690,"comment_status":"open","ping_status":"open","sticky":false,"template":"","format":"standard","meta":{"_jetpack_memberships_contains_paid_content":false,"footnotes":"","jetpack_publicize_message":"","jetpack_publicize_feature_enabled":true,"jetpack_social_post_already_shared":true,"jetpack_social_options":{"image_generator_settings":{"template":"highway","default_image_id":0,"font":"","enabled":false},"version":2},"_wpas_customize_per_network":false},"categories":[405],"tags":[],"class_list":["post-26689","post","type-post","status-publish","format-standard","has-post-thumbnail","hentry","category-actu-france-monde"],"jetpack_publicize_connections":[],"jetpack_featured_media_url":"https:\/\/i0.wp.com\/www.iceagetv.com\/radiosite\/wp-content\/uploads\/2024\/01\/Screenshot_20240104_062733.jpg?fit=1080%2C359&ssl=1","jetpack_sharing_enabled":true,"_links":{"self":[{"href":"https:\/\/www.iceagetv.com\/radiosite\/wp-json\/wp\/v2\/posts\/26689","targetHints":{"allow":["GET"]}}],"collection":[{"href":"https:\/\/www.iceagetv.com\/radiosite\/wp-json\/wp\/v2\/posts"}],"about":[{"href":"https:\/\/www.iceagetv.com\/radiosite\/wp-json\/wp\/v2\/types\/post"}],"author":[{"embeddable":true,"href":"https:\/\/www.iceagetv.com\/radiosite\/wp-json\/wp\/v2\/users\/2"}],"replies":[{"embeddable":true,"href":"https:\/\/www.iceagetv.com\/radiosite\/wp-json\/wp\/v2\/comments?post=26689"}],"version-history":[{"count":1,"href":"https:\/\/www.iceagetv.com\/radiosite\/wp-json\/wp\/v2\/posts\/26689\/revisions"}],"predecessor-version":[{"id":26691,"href":"https:\/\/www.iceagetv.com\/radiosite\/wp-json\/wp\/v2\/posts\/26689\/revisions\/26691"}],"wp:featuredmedia":[{"embeddable":true,"href":"https:\/\/www.iceagetv.com\/radiosite\/wp-json\/wp\/v2\/media\/26690"}],"wp:attachment":[{"href":"https:\/\/www.iceagetv.com\/radiosite\/wp-json\/wp\/v2\/media?parent=26689"}],"wp:term":[{"taxonomy":"category","embeddable":true,"href":"https:\/\/www.iceagetv.com\/radiosite\/wp-json\/wp\/v2\/categories?post=26689"},{"taxonomy":"post_tag","embeddable":true,"href":"https:\/\/www.iceagetv.com\/radiosite\/wp-json\/wp\/v2\/tags?post=26689"}],"curies":[{"name":"wp","href":"https:\/\/api.w.org\/{rel}","templated":true}]}}