{"id":26710,"date":"2024-01-05T11:21:22","date_gmt":"2024-01-05T11:21:22","guid":{"rendered":"https:\/\/www.iceagetv.com\/radiosite\/?p=26710"},"modified":"2024-01-05T11:21:22","modified_gmt":"2024-01-05T11:21:22","slug":"hommage-national-a-jacques-delors-aux-invalides-son-chemin-ne-sest-pas-interrompu-il-nous-a-passe-le-relais-lance-emmanuel-macron","status":"publish","type":"post","link":"https:\/\/www.iceagetv.com\/radiosite\/hommage-national-a-jacques-delors-aux-invalides-son-chemin-ne-sest-pas-interrompu-il-nous-a-passe-le-relais-lance-emmanuel-macron\/","title":{"rendered":"Hommage national \u00e0 Jacques Delors aux Invalides : \u00ab\u00a0Son chemin ne s&rsquo;est pas interrompu, il nous a pass\u00e9 le relais\u00a0\u00bb, lance Emmanuel Macron"},"content":{"rendered":"\n<p>L&rsquo;Europe c\u00e9l\u00e8bre l&rsquo;un de ses p\u00e8res. Le pr\u00e9sident fran\u00e7ais, Emmanuel Macron, pr\u00e9side vendredi 5 janvier en fin de matin\u00e9e un hommage solennel \u00e0 Jacques Delors,&nbsp;<em><\/em>ancien pr\u00e9sident de la Commission europ\u00e9enne&nbsp;<a href=\"https:\/\/www.francetvinfo.fr\/monde\/europe\/union-europeenne\/jacques-delors-ancien-ministre-de-francois-mitterrand-et-president-de-la-commission-europeenne-est-mort-a-l-age-de-98-ans_5312605.html\">mort le 27 d\u00e9cembre \u00e0 l&rsquo;\u00e2ge de 98 ans<\/a>.<\/p>\n\n\n\n<p>Le pr\u00e9sident a entam\u00e9 l&rsquo;\u00e9loge fun\u00e8bre \u00e0 11h30, saluant un homme&nbsp;<em>\u00ab\u00a0qui ne s&rsquo;est jamais lass\u00e9 d&rsquo;explorer pour r\u00e9concilier\u00a0\u00bb&nbsp;<\/em>et&nbsp;<em>\u00ab\u00a0b\u00e2tir des ponts\u00a0\u00bb<\/em>. Il a aussi rendu hommage&nbsp;\u00e0&nbsp;<em>\u00ab\u00a0l&rsquo;intuition visionnaire\u00a0\u00bb<\/em>&nbsp;de ce<em>&nbsp;\u00ab\u00a0conciliateur\u00a0\u00bb<\/em>. En fin de discours, il a estim\u00e9 que<em>&nbsp;\u00ab\u00a0son chemin ne s&rsquo;est pas interrompu, il nous a pass\u00e9 le relais\u00a0\u00bb<\/em>, lan\u00e7ant aussi<em>&nbsp;\u00ab\u00a0vive l&rsquo;Europe&nbsp;!\u00a0\u00bb.<\/em>&nbsp;L&rsquo;hommage est \u00e0 regarder en direct sur France 2 et franceinfo. Suivez notre direct.<\/p>\n\n\n\n<p><strong>Un hommage \u00e0 11 heures.&nbsp;<\/strong>Cet hommage national a d\u00e9but\u00e9 \u00e0 11 heures dans la cour des Invalides \u00e0 Paris. Apr\u00e8s l&rsquo;\u00e9loge fun\u00e8bre d&rsquo;Emmanuel Macron, la sonnerie aux morts, la minute de silence et la&nbsp;<em>Marseillaise<\/em>, a retenti&nbsp;<em>l&rsquo;Ode \u00e0 la joie<\/em>, l&rsquo;hymne europ\u00e9en, interpr\u00e9t\u00e9 par l&rsquo;orchestre de la Garde r\u00e9publicaine.<\/p>\n\n\n\n<p><strong>Une c\u00e9r\u00e9monie symbolique \u00e0 l&rsquo;approche des \u00e9lections europ\u00e9ennes.&nbsp;<\/strong>Le discours d&rsquo;Emmanuel Macron, qui se pose r\u00e9guli\u00e8rement en chef de file des \u00ab\u00a0progressistes\u00a0\u00bb proeurop\u00e9ens, devrait r\u00e9sonner aussi \u00e0 l&rsquo;aune des \u00e9lections europ\u00e9ennes de juin, alors que l&rsquo;extr\u00eame droite est en t\u00eate dans les sondages en France.<\/p>\n\n\n\n<p><strong>De nombreux chefs d&rsquo;Etats europ\u00e9ens pr\u00e9sents.&nbsp;<\/strong>Une dizaine de dirigeants en exercice sont pr\u00e9sents, dont le pr\u00e9sident allemand, Frank-Walter Steinmeier, et le Premier ministre belge, Alexander De Croo. Les pr\u00e9sidents du Conseil, de la Commission, du Parlement et de la Banque centrale europ\u00e9ens sont aussi l\u00e0, avant un hommage europ\u00e9en \u00e0 Bruxelles plus tard en janvier. Tous seront ensuite re\u00e7us pour un d\u00e9jeuner \u00e0 l&rsquo;Elys\u00e9e par Emmanuel Macron.<\/p>\n","protected":false},"excerpt":{"rendered":"<p>L&rsquo;Europe c\u00e9l\u00e8bre l&rsquo;un de ses p\u00e8res. Le pr\u00e9sident fran\u00e7ais, Emmanuel Macron, pr\u00e9side vendredi 5 janvier en fin de matin\u00e9e un hommage solennel \u00e0 Jacques Delors,&nbsp;ancien pr\u00e9sident de la Commission europ\u00e9enne&nbsp;mort le 27 d\u00e9cembre \u00e0 l&rsquo;\u00e2ge de 98 ans. Le pr\u00e9sident a entam\u00e9 l&rsquo;\u00e9loge fun\u00e8bre \u00e0 11h30, saluant un homme&nbsp;\u00ab\u00a0qui ne s&rsquo;est jamais lass\u00e9 d&rsquo;explorer pour [&hellip;]<\/p>\n","protected":false},"author":2,"featured_media":26711,"comment_status":"open","ping_status":"open","sticky":false,"template":"","format":"standard","meta":{"_jetpack_memberships_contains_paid_content":false,"footnotes":"","jetpack_publicize_message":"","jetpack_publicize_feature_enabled":true,"jetpack_social_post_already_shared":true,"jetpack_social_options":{"image_generator_settings":{"template":"highway","default_image_id":0,"font":"","enabled":false},"version":2},"_wpas_customize_per_network":false},"categories":[405],"tags":[],"class_list":["post-26710","post","type-post","status-publish","format-standard","has-post-thumbnail","hentry","category-actu-france-monde"],"jetpack_publicize_connections":[],"jetpack_featured_media_url":"https:\/\/i0.wp.com\/www.iceagetv.com\/radiosite\/wp-content\/uploads\/2024\/01\/Hommage-national-a-Jacques-Delors.jpg?fit=399%2C333&ssl=1","jetpack_sharing_enabled":true,"_links":{"self":[{"href":"https:\/\/www.iceagetv.com\/radiosite\/wp-json\/wp\/v2\/posts\/26710","targetHints":{"allow":["GET"]}}],"collection":[{"href":"https:\/\/www.iceagetv.com\/radiosite\/wp-json\/wp\/v2\/posts"}],"about":[{"href":"https:\/\/www.iceagetv.com\/radiosite\/wp-json\/wp\/v2\/types\/post"}],"author":[{"embeddable":true,"href":"https:\/\/www.iceagetv.com\/radiosite\/wp-json\/wp\/v2\/users\/2"}],"replies":[{"embeddable":true,"href":"https:\/\/www.iceagetv.com\/radiosite\/wp-json\/wp\/v2\/comments?post=26710"}],"version-history":[{"count":1,"href":"https:\/\/www.iceagetv.com\/radiosite\/wp-json\/wp\/v2\/posts\/26710\/revisions"}],"predecessor-version":[{"id":26712,"href":"https:\/\/www.iceagetv.com\/radiosite\/wp-json\/wp\/v2\/posts\/26710\/revisions\/26712"}],"wp:featuredmedia":[{"embeddable":true,"href":"https:\/\/www.iceagetv.com\/radiosite\/wp-json\/wp\/v2\/media\/26711"}],"wp:attachment":[{"href":"https:\/\/www.iceagetv.com\/radiosite\/wp-json\/wp\/v2\/media?parent=26710"}],"wp:term":[{"taxonomy":"category","embeddable":true,"href":"https:\/\/www.iceagetv.com\/radiosite\/wp-json\/wp\/v2\/categories?post=26710"},{"taxonomy":"post_tag","embeddable":true,"href":"https:\/\/www.iceagetv.com\/radiosite\/wp-json\/wp\/v2\/tags?post=26710"}],"curies":[{"name":"wp","href":"https:\/\/api.w.org\/{rel}","templated":true}]}}