{"id":26745,"date":"2024-01-07T17:38:23","date_gmt":"2024-01-07T17:38:23","guid":{"rendered":"https:\/\/www.iceagetv.com\/radiosite\/?p=26745"},"modified":"2024-01-07T17:38:23","modified_gmt":"2024-01-07T17:38:23","slug":"arrivee-dun-episode-de-froid-voici-les-previsions-meteo-pour-la-semaine-prochaine","status":"publish","type":"post","link":"https:\/\/www.iceagetv.com\/radiosite\/arrivee-dun-episode-de-froid-voici-les-previsions-meteo-pour-la-semaine-prochaine\/","title":{"rendered":"Arriv\u00e9e d&rsquo;un \u00e9pisode de froid : voici les pr\u00e9visions m\u00e9t\u00e9o pour la semaine prochaine"},"content":{"rendered":"\n<p>Voici l&rsquo;hiver, le vrai. Apr\u00e8s plusieurs semaines d&rsquo;une douceur anormale,\u00a0<a href=\"https:\/\/www.francetvinfo.fr\/meteo\/il-va-y-avoir-une-baisse-progressive-des-temperatures-des-demain-decrit-un-previsionniste-de-meteo-france_6281967.html\">le mercure va brutalement chuter en France<\/a>. Le froid, qui a commenc\u00e9 \u00e0 s&rsquo;installer progressivement sur l&rsquo;Hexagone vendredi 5\u00a0janvier,\u00a0va s&rsquo;accentuer \u00e0 partir de lundi, jusqu&rsquo;\u00e0 atteindre un pic mardi, avant de baisser en intensit\u00e9 les jours suivants. Certaines r\u00e9gions seront davantage touch\u00e9es que d&rsquo;autres. C&rsquo;est dans l&rsquo;Est que le thermom\u00e8tre descendra le plus, avec\u00a0-15\u00b0C pr\u00e9vus localement. Voici ce qui vous attend pour la semaine \u00e0 venir.<\/p>\n\n\n\n<h2 class=\"wp-block-heading\">Lundi : des gel\u00e9es sur toute la moiti\u00e9 nord<\/h2>\n\n\n\n<p>Pour la premi\u00e8re fois de l&rsquo;hiver, les temp\u00e9ratures se situent\u00a0<a href=\"https:\/\/www.francetvinfo.fr\/meteo\/climat\/infographies-climat-fait-il-chaud-ou-froid-pour-la-saison-comparez-la-meteo-du-jour-a-l-historique-des-temperatures-des-dernieres-decennies_5703086.html\">en dessous des normales de saison.<\/a>\u00a0<em>\u00ab\u00a0Lundi matin, les gel\u00e9es vont \u00eatre g\u00e9n\u00e9ralis\u00e9es et parfois fortes sur la moiti\u00e9 nord du pays\u00a0\u00bb,<\/em>\u00a0d\u00e9crit pour franceinfo Marion Pirat, pr\u00e9visionniste \u00e0 M\u00e9t\u00e9o-France. Il fera -4\u00b0C \u00e0 Amiens et Lille, -3\u00b0C \u00e0 Paris, Chaumont ou Belfort, -2\u00b0C \u00e0 Metz ou Rouen&#8230;\u00a0<em>\u00ab\u00a0ll pourrait m\u00eame ne pas y avoir de d\u00e9gel dans l&rsquo;apr\u00e8s-midi dans le nord et l&rsquo;est du pays\u00a0\u00bb,<\/em>\u00a0pr\u00e9vient la m\u00e9t\u00e9orologue. Sur la moiti\u00e9 nord, un vent fort d&rsquo;est \u00e0 nord-est \u00e0 40\u00a0km\/h viendra encore un peu plus renforcer la sensation de froid. Pendant ce temps,\u00a0<em>\u00ab\u00a0la moiti\u00e9 sud sera toujours en positif\u00a0\u00bb<\/em>.\u00a0<\/p>\n\n\n\n<h2 class=\"wp-block-heading\">Mardi : des temp\u00e9ratures n\u00e9gatives sur&nbsp;<strong>presque tout l&rsquo;Hexagone<\/strong><\/h2>\n\n\n\n<p>Sortez les bonnets et les gants. Mardi sera la journ\u00e9e la plus froide. Quasiment toute la France hexagonale sera en n\u00e9gatif : -5\u00b0C \u00e0 Strasbourg, Clermont-Ferrand, Agen ou Lille ;&nbsp;<em>&#8211;<\/em>4\u00b0C \u00e0 Bordeaux ;&nbsp;<em>&#8211;<\/em>3\u00b0C \u00e0 Dijon, La Rochelle, Montpellier ou Toulouse ;&nbsp;<em>&#8211;<\/em>2\u00b0C \u00e0 Lyon ou Brest ;&nbsp;<em>&#8211;<\/em>1\u00b0C \u00e0 Perpignan&#8230;&nbsp;<em>\u00ab\u00a0Pour donner une id\u00e9e, i<\/em><em>l fera aussi froid \u00e0 Nancy qu&rsquo;\u00e0 Montauban, avec -5 ou -6\u00b0C\u00a0\u00bb<\/em>, compare Marion Pirat. A Paris, le mercure ne montera pas au-del\u00e0 de -2\u00b0C. Et cela pourrait durer pendant toute la semaine.<\/p>\n\n\n\n<p>Localement, M\u00e9t\u00e9o-France pr\u00e9voit des temp\u00e9ratures descendant&nbsp;<em>\u00ab\u00a0jusqu&rsquo;\u00e0 -10, voire -15\u00a0\u00bb<\/em>&nbsp;dans certains trous \u00e0 froid (des fonds de vall\u00e9es notamment). Mardi,<em>&nbsp;\u00ab\u00a0on sera 5 \u00e0 8\u00b0C en dessous des normales de saison \u00e0 l&rsquo;\u00e9chelle nationale\u00a0\u00bb<\/em>, souligne la pr\u00e9visionniste.&nbsp;<\/p>\n\n\n\n<p>L&rsquo;indicateur thermique national (qui correspond \u00e0 la moyenne des temp\u00e9ratures sur la journ\u00e9e enti\u00e8re sur 30&nbsp;villes de r\u00e9f\u00e9rence) descendra sous les 0 pour atteindre -0,8\u00b0C. Du jamais-vu depuis six ans et f\u00e9vrier 2018. A l&rsquo;\u00e9poque, la s\u00e9quence avait \u00e9t\u00e9&nbsp;<em>\u00ab\u00a0plus intense que ce qui nous attend\u00a0\u00bb<\/em>, temp\u00e8re Marion Pirat.<\/p>\n\n\n\n<h2 class=\"wp-block-heading\">Mercredi et jeudi : des temp\u00e9ratures qui resteront \u00ab\u00a0glaciales\u00a0\u00bb<\/h2>\n\n\n\n<p>Mercredi et jeudi, les temp\u00e9ratures sur la moiti\u00e9 nord de la France hexagonale vont rester<em>&nbsp;\u00ab\u00a0glaciales\u00a0\u00bb, \u00ab\u00a0bien basses\u00a0\u00bb. \u00ab\u00a0Au mieux, on gagnera un petit degr\u00e9\u00a0\u00bb<\/em>, pr\u00e9voit Marion Pirat. Mercredi matin, il fera -3\u00b0C \u00e0 Amiens, Strasbourg, Lille ou Alen\u00e7on, -2\u00b0C \u00e0 Auxerre, Reims, Rennes, Brest, Nantes ou encore Vichy. La capitale ne sera pas \u00e9pargn\u00e9e, avec toujours une temp\u00e9rature n\u00e9gative (-1\u00b0C).<\/p>\n\n\n\n<p>En revanche, la temp\u00e9rature va<em>&nbsp;\u00ab\u00a0un peu se r\u00e9chauffer sur la moiti\u00e9 sud gr\u00e2ce aux nuages.\u00a0\u00bb&nbsp;<\/em>Mercredi apr\u00e8s-midi, le mercure remontera \u00e0 10\u00b0C \u00e0 Perpignan, 11\u00b0C \u00e0 Marseille et m\u00eame 12\u00b0C \u00e0 Nice.&nbsp;<em>\u00ab\u00a0On pourrait avoir aussi temporairement un peu de neige qui s&rsquo;invitera en plaine autour de la vall\u00e9e du Rh\u00f4ne. Mais ce sera plut\u00f4t un froid assez sec\u00a0\u00bb,<\/em>&nbsp;continue Patrick Galois, lui aussi pr\u00e9visionniste \u00e0 M\u00e9t\u00e9o-France.<\/p>\n\n\n\n<p>Cet \u00e9pisode, qui s&rsquo;ach\u00e8vera en fin de semaine avec la remont\u00e9e des temp\u00e9ratures, ne peut pas \u00eatre qualifi\u00e9 de \u00ab\u00a0vague de froid\u00a0\u00bb. Il faudrait que le froid intense dure au moins trois jours, et que l&rsquo;indicateur thermique descende au moins une journ\u00e9e sous le seuil des -2\u00b0C \u00e0 l&rsquo;\u00e9chelle nationale, insiste M\u00e9t\u00e9o-France.<\/p>\n","protected":false},"excerpt":{"rendered":"<p>Voici l&rsquo;hiver, le vrai. Apr\u00e8s plusieurs semaines d&rsquo;une douceur anormale,\u00a0le mercure va brutalement chuter en France. Le froid, qui a commenc\u00e9 \u00e0 s&rsquo;installer progressivement sur l&rsquo;Hexagone vendredi 5\u00a0janvier,\u00a0va s&rsquo;accentuer \u00e0 partir de lundi, jusqu&rsquo;\u00e0 atteindre un pic mardi, avant de baisser en intensit\u00e9 les jours suivants. Certaines r\u00e9gions seront davantage touch\u00e9es que d&rsquo;autres. C&rsquo;est dans [&hellip;]<\/p>\n","protected":false},"author":2,"featured_media":26746,"comment_status":"open","ping_status":"open","sticky":false,"template":"","format":"standard","meta":{"_jetpack_memberships_contains_paid_content":false,"footnotes":"","jetpack_publicize_message":"","jetpack_publicize_feature_enabled":true,"jetpack_social_post_already_shared":true,"jetpack_social_options":{"image_generator_settings":{"template":"highway","default_image_id":0,"font":"","enabled":false},"version":2},"_wpas_customize_per_network":false},"categories":[14],"tags":[],"class_list":["post-26745","post","type-post","status-publish","format-standard","has-post-thumbnail","hentry","category-actu-meteo"],"jetpack_publicize_connections":[],"jetpack_featured_media_url":"https:\/\/i0.wp.com\/www.iceagetv.com\/radiosite\/wp-content\/uploads\/2024\/01\/Arrivee-dun-episode-de-froid-voici-les-previsions-meteo-pour-la-semaine-prochaine.jpg?fit=887%2C520&ssl=1","jetpack_sharing_enabled":true,"_links":{"self":[{"href":"https:\/\/www.iceagetv.com\/radiosite\/wp-json\/wp\/v2\/posts\/26745","targetHints":{"allow":["GET"]}}],"collection":[{"href":"https:\/\/www.iceagetv.com\/radiosite\/wp-json\/wp\/v2\/posts"}],"about":[{"href":"https:\/\/www.iceagetv.com\/radiosite\/wp-json\/wp\/v2\/types\/post"}],"author":[{"embeddable":true,"href":"https:\/\/www.iceagetv.com\/radiosite\/wp-json\/wp\/v2\/users\/2"}],"replies":[{"embeddable":true,"href":"https:\/\/www.iceagetv.com\/radiosite\/wp-json\/wp\/v2\/comments?post=26745"}],"version-history":[{"count":1,"href":"https:\/\/www.iceagetv.com\/radiosite\/wp-json\/wp\/v2\/posts\/26745\/revisions"}],"predecessor-version":[{"id":26747,"href":"https:\/\/www.iceagetv.com\/radiosite\/wp-json\/wp\/v2\/posts\/26745\/revisions\/26747"}],"wp:featuredmedia":[{"embeddable":true,"href":"https:\/\/www.iceagetv.com\/radiosite\/wp-json\/wp\/v2\/media\/26746"}],"wp:attachment":[{"href":"https:\/\/www.iceagetv.com\/radiosite\/wp-json\/wp\/v2\/media?parent=26745"}],"wp:term":[{"taxonomy":"category","embeddable":true,"href":"https:\/\/www.iceagetv.com\/radiosite\/wp-json\/wp\/v2\/categories?post=26745"},{"taxonomy":"post_tag","embeddable":true,"href":"https:\/\/www.iceagetv.com\/radiosite\/wp-json\/wp\/v2\/tags?post=26745"}],"curies":[{"name":"wp","href":"https:\/\/api.w.org\/{rel}","templated":true}]}}