{"id":26748,"date":"2024-01-07T18:06:09","date_gmt":"2024-01-07T18:06:09","guid":{"rendered":"https:\/\/www.iceagetv.com\/radiosite\/?p=26748"},"modified":"2024-01-07T18:06:09","modified_gmt":"2024-01-07T18:06:09","slug":"un-charentais-maritime-construit-une-tour-eiffel-avec-706-900-allumettes-et-espere-entrer-au-guinness-book","status":"publish","type":"post","link":"https:\/\/www.iceagetv.com\/radiosite\/un-charentais-maritime-construit-une-tour-eiffel-avec-706-900-allumettes-et-espere-entrer-au-guinness-book\/","title":{"rendered":"UN CHARENTAIS-MARITIME CONSTRUIT UNE TOUR EIFFEL AVEC 706.900 ALLUMETTES ET ESP\u00c8RE ENTRER AU GUINNESS BOOK"},"content":{"rendered":"\n<p>Cette \u0153uvre, achev\u00e9e ce vendredi, a n\u00e9cessit\u00e9 huit ann\u00e9es de travail, 706.900 allumettes et pr\u00e8s de 23 kilos de colle.<\/p>\n\n\n\n<p>La Dame de fer s&rsquo;est habill\u00e9e de bois et de phosphore rouge. Richard Plaud, un habitant de Charente-Maritime, a construit, ce vendredi 5 janvier,&nbsp;<a href=\"https:\/\/www.bfmtv.com\/international\/europe\/angleterre\/royaume-uni-la-tour-eiffel-britannique-evacuee-apres-une-fausse-alerte-incendie_AN-202312280601.html\">une tour Eiffel<\/a>&nbsp;de 7,20 m\u00e8tres, enti\u00e8rement en allumettes. Une originalit\u00e9 qui pourrait lui permettre, dans les prochains jours, de rejoindre officiellement le Guinness Book, le livre qui recense les records mondiaux.<\/p>\n\n\n\n<p>La construction, install\u00e9e dans une salle de la ville de Saujon (Charente-Maritime), d\u00e9passe de 67 centim\u00e8tres la pr\u00e9c\u00e9dente plus haute construction en allumettes du monde, r\u00e9alis\u00e9e par un Libanais en 2009. Pour la r\u00e9aliser, le Charentais-Maritime a utilis\u00e9 706.900 allumettes et pr\u00e8s de 23 kilos de colle, rapporte le journal\u00a0<a href=\"https:\/\/www.sudouest.fr\/charente-maritime\/saujon\/700-000-allumettes-et-23-kilos-de-colle-il-s-apprete-a-battre-le-record-du-monde-de-plus-haute-tour-eiffel-en-allumettes-17917461.php\" target=\"_blank\" rel=\"noreferrer noopener\">Sud Ouest<\/a>.<\/p>\n\n\n\n<h2 class=\"wp-block-heading\">Hommage \u00e0 Gustave Eiffel<\/h2>\n\n\n\n<p>Le projet aura dur\u00e9 huit ans au total: Richard Plaud s\u2019est lanc\u00e9 dans cette construction folle le 30 d\u00e9cembre 2015, et l&rsquo;a achev\u00e9 le 27&nbsp;d\u00e9cembre 2023,&nbsp;<a href=\"https:\/\/www.bfmtv.com\/paris\/replay-emissions\/bonsoir-paris\/paris-un-hommage-pour-les-100-ans-de-la-mort-de-gustave-eiffel_VN-202312270539.html\">\u00e0 l&rsquo;occasion du 100e anniversaire<\/a>&nbsp;de la mort de Gustave Eiffel, toujours selon nos confr\u00e8res. Un hommage rendu au p\u00e8re du monument le plus visit\u00e9 de la capitale.<\/p>\n\n\n\n<p>Alors que son travail \u00e9tait expos\u00e9 tout le week-end pour les curieux, le macquetiste veut \u00e0 pr\u00e9sent le faire inscrire au Guiness Book.<\/p>\n\n\n\n<blockquote class=\"wp-block-quote is-layout-flow wp-block-quote-is-layout-flow\">\n<p>\u00ab\u00a0\u00c7a fait une quarantaine d&rsquo;ann\u00e9es que j&rsquo;ai en t\u00eate d'[y] entrer\u00a0\u00bb, confie Richard Plaud \u00e0&nbsp;<a href=\"https:\/\/www.francebleu.fr\/infos\/insolite\/il-veut-entrer-au-guinness-book-avec-une-tour-eiffel-en-allumettes-de-plus-de-7-20-metres-de-haut-5841420\" target=\"_blank\" rel=\"noreferrer noopener\">France Bleu La Rochelle<\/a>.<\/p>\n<\/blockquote>\n\n\n\n<p>Un premier g\u00e9om\u00e8tre doit proc\u00e9der \u00e0 la mesure de la tour ce dimanche, rapporte&nbsp;<a href=\"https:\/\/www.francebleu.fr\/infos\/insolite\/il-veut-entrer-au-guinness-book-avec-une-tour-eiffel-en-allumettes-de-plus-de-7-20-metres-de-haut-5841420\" target=\"_blank\" rel=\"noreferrer noopener\">France Bleu<\/a>. Comme la v\u00e9ritable tour Eiffel initialement, ce joyau en allumettes n&rsquo;a pas pour vocation de se p\u00e9renniser. Apr\u00e8s avoir rempli toutes les \u00e9tapes indispensables \u00e0 la validation de ce record aupr\u00e8s de la tr\u00e8s s\u00e9rieuse institution du Guinness Book, la construction sera d\u00e9mont\u00e9e et rang\u00e9e dans des caisses en bois, nous renseigne&nbsp;<a href=\"https:\/\/www.leparisien.fr\/charente-maritime-17\/charente-maritime-sa-tour-eiffel-de-706-900-allumettes-est-prete-pour-un-record-du-monde-05-01-2024-INOQFR3OMVAPTMYF2PRTVT3KZ4.php\" target=\"_blank\" rel=\"noreferrer noopener\">Le Parisien<\/a>.<\/p>\n","protected":false},"excerpt":{"rendered":"<p>Cette \u0153uvre, achev\u00e9e ce vendredi, a n\u00e9cessit\u00e9 huit ann\u00e9es de travail, 706.900 allumettes et pr\u00e8s de 23 kilos de colle. La Dame de fer s&rsquo;est habill\u00e9e de bois et de phosphore rouge. Richard Plaud, un habitant de Charente-Maritime, a construit, ce vendredi 5 janvier,&nbsp;une tour Eiffel&nbsp;de 7,20 m\u00e8tres, enti\u00e8rement en allumettes. Une originalit\u00e9 qui pourrait [&hellip;]<\/p>\n","protected":false},"author":2,"featured_media":26749,"comment_status":"open","ping_status":"open","sticky":false,"template":"","format":"standard","meta":{"_jetpack_memberships_contains_paid_content":false,"footnotes":"","jetpack_publicize_message":"","jetpack_publicize_feature_enabled":true,"jetpack_social_post_already_shared":true,"jetpack_social_options":{"image_generator_settings":{"template":"highway","default_image_id":0,"font":"","enabled":false},"version":2},"_wpas_customize_per_network":false},"categories":[68],"tags":[],"class_list":["post-26748","post","type-post","status-publish","format-standard","has-post-thumbnail","hentry","category-actu-culturelle"],"jetpack_publicize_connections":[],"jetpack_featured_media_url":"https:\/\/i0.wp.com\/www.iceagetv.com\/radiosite\/wp-content\/uploads\/2024\/01\/415522976_266453723116927_5797716688814953718_n.jpg?fit=720%2C960&ssl=1","jetpack_sharing_enabled":true,"_links":{"self":[{"href":"https:\/\/www.iceagetv.com\/radiosite\/wp-json\/wp\/v2\/posts\/26748","targetHints":{"allow":["GET"]}}],"collection":[{"href":"https:\/\/www.iceagetv.com\/radiosite\/wp-json\/wp\/v2\/posts"}],"about":[{"href":"https:\/\/www.iceagetv.com\/radiosite\/wp-json\/wp\/v2\/types\/post"}],"author":[{"embeddable":true,"href":"https:\/\/www.iceagetv.com\/radiosite\/wp-json\/wp\/v2\/users\/2"}],"replies":[{"embeddable":true,"href":"https:\/\/www.iceagetv.com\/radiosite\/wp-json\/wp\/v2\/comments?post=26748"}],"version-history":[{"count":1,"href":"https:\/\/www.iceagetv.com\/radiosite\/wp-json\/wp\/v2\/posts\/26748\/revisions"}],"predecessor-version":[{"id":26750,"href":"https:\/\/www.iceagetv.com\/radiosite\/wp-json\/wp\/v2\/posts\/26748\/revisions\/26750"}],"wp:featuredmedia":[{"embeddable":true,"href":"https:\/\/www.iceagetv.com\/radiosite\/wp-json\/wp\/v2\/media\/26749"}],"wp:attachment":[{"href":"https:\/\/www.iceagetv.com\/radiosite\/wp-json\/wp\/v2\/media?parent=26748"}],"wp:term":[{"taxonomy":"category","embeddable":true,"href":"https:\/\/www.iceagetv.com\/radiosite\/wp-json\/wp\/v2\/categories?post=26748"},{"taxonomy":"post_tag","embeddable":true,"href":"https:\/\/www.iceagetv.com\/radiosite\/wp-json\/wp\/v2\/tags?post=26748"}],"curies":[{"name":"wp","href":"https:\/\/api.w.org\/{rel}","templated":true}]}}