{"id":26757,"date":"2024-01-09T12:12:50","date_gmt":"2024-01-09T12:12:50","guid":{"rendered":"https:\/\/www.iceagetv.com\/radiosite\/?p=26757"},"modified":"2024-01-09T12:12:50","modified_gmt":"2024-01-09T12:12:50","slug":"remaniement-gabriel-attal-est-nomme-premier-ministre-en-remplacement-delisabeth-borne-officiel-il-devient-le-plus-jeune-premier-ministre-de-la-veme-republique","status":"publish","type":"post","link":"https:\/\/www.iceagetv.com\/radiosite\/remaniement-gabriel-attal-est-nomme-premier-ministre-en-remplacement-delisabeth-borne-officiel-il-devient-le-plus-jeune-premier-ministre-de-la-veme-republique\/","title":{"rendered":"Remaniement: Gabriel Attal est nomm\u00e9 Premier ministre en remplacement d&rsquo;Elisabeth Borne (Officiel) &#8211; Il devient le plus jeune Premier ministre de la V\u00e8me R\u00e9publique"},"content":{"rendered":"\n<p><strong>&nbsp;Le point sur ce que l&rsquo;on sait<\/strong><\/p>\n\n\n\n<p>Le pr\u00e9sident Emmanuel Macron a nomm\u00e9 mardi \u00e0 Matignon Gabriel Attal, 34 ans, qui devient le plus jeune Premier ministre de l\u2019histoire de la R\u00e9publique. Le chef de l\u2019Etat l\u2019a charg\u00e9 \u00ab&nbsp;de former un gouvernement&nbsp;\u00bb, selon un communiqu\u00e9 de l\u2019Elys\u00e9e. Peu apr\u00e8s, sur X, le pr\u00e9sident a dit compter sur l\u2019\u00ab&nbsp;\u00e9nergie&nbsp;\u00bb de Gabriel Attal pour mettre en oeuvre son \u00ab&nbsp;projet de r\u00e9armement et de r\u00e9g\u00e9n\u00e9ration&nbsp;\u00bb du pays.<\/p>\n\n\n\n<p>Le jeune et populaire ministre de l\u2019Education nationale va succ\u00e9der \u00e0 Elisabeth Borne, contrainte lundi \u00e0 la d\u00e9mission apr\u00e8s vingt mois pass\u00e9s \u00e0 la t\u00eate du gouvernement. Peu avant cette annonce, il parlait encore redoublement dans une r\u00e9union en visioconf\u00e9rence avec des chefs d\u2019\u00e9tablissement. \u00ab&nbsp;L\u2019\u00e9cole c\u2019est l\u2019arme la plus puissante que nous ayons pour changer la soci\u00e9t\u00e9&nbsp;\u00bb et \u00ab&nbsp;quelles que soient les \u00e9volutions \u00e0 venir, cette conviction et cette cause ne cesseront jamais de m\u2019habiter&nbsp;\u00bb, a-t-il dit en conclusion.<\/p>\n\n\n\n<p>La cour de Matignon se pr\u00e9parait \u00e0 une passation de pouvoirs, entre test de micros et r\u00e9p\u00e9titions avec la garde r\u00e9publicaine. L\u2019Elys\u00e9e a tard\u00e9 \u00e0 confirmer cette nomination, initialement pr\u00e9vue lundi, alimentant de nombreuses sp\u00e9culations.<\/p>\n\n\n\n<p>Y a-t-il eu des r\u00e9sistances internes &#8211; notamment des ministres G\u00e9rald Darmanin et Bruno Le Maire, vigoureusement d\u00e9menties par les int\u00e9ress\u00e9s? Ou encore des r\u00e9ticences des alli\u00e9s du MoDem&nbsp;? Ou bien ce retard a-t-il \u00e9t\u00e9 d\u00fb \u00e0 la difficult\u00e9 de trouver les \u00e9quilibres au sein de la nouvelle \u00e9quipe gouvernementale&nbsp;?<\/p>\n\n\n\n<p>Figurant parmi les personnalit\u00e9s politiques pr\u00e9f\u00e9r\u00e9es des Fran\u00e7ais depuis sa nomination il y a moins de six mois au minist\u00e8re de l\u2019Education nationale, Gabriel Attal aurait pour mission d\u2019offrir \u00e0 Emmanuel Macron l\u2019\u00e9lan que son second quinquennat n\u2019a jamais trouv\u00e9.<\/p>\n\n\n\n<p>Sa premi\u00e8re t\u00e2che sera de former un nouveau gouvernement sous le signe du \u00ab\u00a0r\u00e9armement\u00a0\u00bb vant\u00e9 par le chef de l\u2019Etat lors de ses voeux du Nouvel An: \u00ab\u00a0r\u00e9armement industriel, \u00e9conomique, europ\u00e9en\u00a0\u00bb mais aussi \u00ab\u00a0civique\u00a0\u00bb, autour notamment du vaste chantier de l\u2019\u00e9cole que Gabriel Attal a port\u00e9 depuis l\u2019\u00e9t\u00e9 en initiant de nombreuses r\u00e9formes d\u2019ampleur.<\/p>\n\n\n\n<p>Le leader de La France insoumise Jean-Luc M\u00e9lenchon a estim\u00e9 mardi qu\u2019avec la nomination de Gabriel Attal \u00e0 Matignon, \u00ab&nbsp;la fonction de Premier ministre dispara\u00eet&nbsp;\u00bb, au profit d\u2019un \u00ab&nbsp;porte-parole&nbsp;\u00bb, poste qu\u2019il a occup\u00e9 lors du premier quinquennat d\u2019Emmanuel Macron.<\/p>\n\n\n\n<p>\u00ab&nbsp;Attal retrouve son poste de porte-parole. La fonction de Premier ministre dispara\u00eet. Le monarque pr\u00e9sidentiel gouverne seul avec sa cour. Malheur aux peuples dont les princes sont des enfants&nbsp;\u00bb, a assur\u00e9 l\u2019ancien candidat \u00e0 la pr\u00e9sidentielle sur X.<\/p>\n\n\n\n<p>Le reste de la gauche a \u00e9galement vivement critiqu\u00e9 cette nomination, officialis\u00e9e par l\u2019\u00c9lys\u00e9e \u00e0 la mi-journ\u00e9e. Sur la m\u00eame tonalit\u00e9, le chef des socialiste Olivier Faure a estim\u00e9 que le m\u00eame r\u00e9seau social qu\u2019\u00ab&nbsp;Emmanuel Macron se succ\u00e8de \u00e0 lui-m\u00eame&nbsp;\u00bb. \u00ab&nbsp;Changement de casting mais pas de politique. Chronique d\u2019un d\u00e9sastre annonc\u00e9&nbsp;\u00bb, a encore fustig\u00e9 la cheffe des d\u00e9put\u00e9s \u00e9cologistes \u00e0 l\u2019Assembl\u00e9e Cyrielle Chatelain.<\/p>\n\n\n\n<p>Pour le s\u00e9nateur communiste Ian Brossat, \u00ab&nbsp;Macron n\u2019aimant que lui-m\u00eame nomme un clone \u00e0 Matignon&nbsp;\u00bb. \u00ab&nbsp;Rien \u00e0 attendre de cette nomination&nbsp;\u00bb, a-t-il ajout\u00e9 sur X.<\/p>\n","protected":false},"excerpt":{"rendered":"<p>&nbsp;Le point sur ce que l&rsquo;on sait Le pr\u00e9sident Emmanuel Macron a nomm\u00e9 mardi \u00e0 Matignon Gabriel Attal, 34 ans, qui devient le plus jeune Premier ministre de l\u2019histoire de la R\u00e9publique. Le chef de l\u2019Etat l\u2019a charg\u00e9 \u00ab&nbsp;de former un gouvernement&nbsp;\u00bb, selon un communiqu\u00e9 de l\u2019Elys\u00e9e. Peu apr\u00e8s, sur X, le pr\u00e9sident a dit [&hellip;]<\/p>\n","protected":false},"author":2,"featured_media":26758,"comment_status":"open","ping_status":"open","sticky":false,"template":"","format":"standard","meta":{"_jetpack_memberships_contains_paid_content":false,"footnotes":"","jetpack_publicize_message":"","jetpack_publicize_feature_enabled":true,"jetpack_social_post_already_shared":true,"jetpack_social_options":{"image_generator_settings":{"template":"highway","default_image_id":0,"font":"","enabled":false},"version":2},"_wpas_customize_per_network":false},"categories":[405],"tags":[],"class_list":["post-26757","post","type-post","status-publish","format-standard","has-post-thumbnail","hentry","category-actu-france-monde"],"jetpack_publicize_connections":[],"jetpack_featured_media_url":"https:\/\/i0.wp.com\/www.iceagetv.com\/radiosite\/wp-content\/uploads\/2024\/01\/Gabriel-Attal-est-nomme-Premier-ministre-en-remplacement-dElisabeth-Borne.jpg?fit=679%2C293&ssl=1","jetpack_sharing_enabled":true,"_links":{"self":[{"href":"https:\/\/www.iceagetv.com\/radiosite\/wp-json\/wp\/v2\/posts\/26757","targetHints":{"allow":["GET"]}}],"collection":[{"href":"https:\/\/www.iceagetv.com\/radiosite\/wp-json\/wp\/v2\/posts"}],"about":[{"href":"https:\/\/www.iceagetv.com\/radiosite\/wp-json\/wp\/v2\/types\/post"}],"author":[{"embeddable":true,"href":"https:\/\/www.iceagetv.com\/radiosite\/wp-json\/wp\/v2\/users\/2"}],"replies":[{"embeddable":true,"href":"https:\/\/www.iceagetv.com\/radiosite\/wp-json\/wp\/v2\/comments?post=26757"}],"version-history":[{"count":1,"href":"https:\/\/www.iceagetv.com\/radiosite\/wp-json\/wp\/v2\/posts\/26757\/revisions"}],"predecessor-version":[{"id":26759,"href":"https:\/\/www.iceagetv.com\/radiosite\/wp-json\/wp\/v2\/posts\/26757\/revisions\/26759"}],"wp:featuredmedia":[{"embeddable":true,"href":"https:\/\/www.iceagetv.com\/radiosite\/wp-json\/wp\/v2\/media\/26758"}],"wp:attachment":[{"href":"https:\/\/www.iceagetv.com\/radiosite\/wp-json\/wp\/v2\/media?parent=26757"}],"wp:term":[{"taxonomy":"category","embeddable":true,"href":"https:\/\/www.iceagetv.com\/radiosite\/wp-json\/wp\/v2\/categories?post=26757"},{"taxonomy":"post_tag","embeddable":true,"href":"https:\/\/www.iceagetv.com\/radiosite\/wp-json\/wp\/v2\/tags?post=26757"}],"curies":[{"name":"wp","href":"https:\/\/api.w.org\/{rel}","templated":true}]}}