{"id":26764,"date":"2024-01-09T17:36:46","date_gmt":"2024-01-09T17:36:46","guid":{"rendered":"https:\/\/www.iceagetv.com\/radiosite\/?p=26764"},"modified":"2024-01-09T17:36:46","modified_gmt":"2024-01-09T17:36:46","slug":"alerte-meteo-la-vitesse-limitee-a-70-km-h-sur-les-principales-autoroutes-et-nationales-en-idf-huit-departements-en-vigilance-orange-neige-et-verglas-une-sdf-morte-de-froid-a-carpentras","status":"publish","type":"post","link":"https:\/\/www.iceagetv.com\/radiosite\/alerte-meteo-la-vitesse-limitee-a-70-km-h-sur-les-principales-autoroutes-et-nationales-en-idf-huit-departements-en-vigilance-orange-neige-et-verglas-une-sdf-morte-de-froid-a-carpentras\/","title":{"rendered":"\u00a0Alerte M\u00e9t\u00e9o: La vitesse limit\u00e9e \u00e0 70 km\/h sur les principales autoroutes et nationales en IDF &#8211; Huit d\u00e9partements en vigilance orange neige et verglas &#8211; Une SDF morte de froid \u00e0 Carpentras"},"content":{"rendered":"\n<p>Arriv\u00e9 \u00e0 Clairmarais, Gabriel Attal a rencontr\u00e9 des habitants touch\u00e9s par les inondations depuis plusieurs jours. Le nouveau Premier ministre a annonc\u00e9 la mise en place d&rsquo;un \u00ab\u00a0guichet unique\u00a0\u00bb dont le but sera d'\u00a0\u00bbaccompagner les sinistr\u00e9s dans les d\u00e9marches\u00a0\u00bb avec un interlocuteur unique.<\/p>\n\n\n\n<p>\u00ab\u00a0On va avancer. C&rsquo;est pour \u00e7a que l&rsquo;on travaille, c&rsquo;est pour \u00e7a que je suis l\u00e0\u00a0\u00bb, a-t-il ajout\u00e9, assurant que&nbsp;\u00ab\u00a0personne ne va vous oublier\u00a0\u00bb.&nbsp;\u00ab\u00a0Je sais que c&rsquo;est dur. \u00c7a va aller, vraiment\u00a0\u00bb, a poursuivi Gabriel Attal face aux habitants de Clairmarais.<\/p>\n\n\n\n<p>Avant de promettre une \u00ab\u00a0acc\u00e9l\u00e9ration des proc\u00e9dures\u00a0\u00bb pour mener des travaux.&nbsp;<\/p>\n\n\n\n<p>\u00ab\u00a0Vous \u00eates l&rsquo;incarnation de cette France qui travaille, laborieuse, qui se l\u00e8ve t\u00f4t le matin\u00a0\u00bb, a-t-il assur\u00e9 \u00e0 une buraliste qui lui confiait son d\u00e9sarroi et son d\u00e9couragement.<strong>A Carpentras, dans le Vaucluse, une femme sans domicile fixe d&rsquo;une soixantaine d&rsquo;ann\u00e9es a \u00e9t\u00e9 d\u00e9couverte morte<\/strong>\u00a0ce matin sous sa couverture dans la rue. \u00ab\u00a0Elle est probablement morte de froid, mais une autopsie doit \u00eatre r\u00e9alis\u00e9e pour le confirmer\u00a0\u00bb, a d\u00e9clar\u00e9 une porte-parole de la direction d\u00e9partementale de la s\u00e9curit\u00e9 publique.<strong>Les transports scolaires suspendus demain en Normandie \u00e0 l&rsquo;exception de la Seine-Maritime,\u00a0annonce la r\u00e9gion Normandie,\u00a0\u00ab\u00a0en raison des conditions m\u00e9t\u00e9orologiques et des temp\u00e9ratures n\u00e9gatives annonc\u00e9es cette nuit\u00a0\u00bb.<\/strong>\u00a0En Seine-Maritime, les transports scolaires Nomad car sont bien maintenus demain \u00ab\u00a0sous r\u00e9serve de l&rsquo;\u00e9volution de la m\u00e9t\u00e9o\u00a0\u00bb.<strong>8 d\u00e9partements restent en vigilance orange en raison des chutes de neige, et le verglas.\u00a0<\/strong>Il s&rsquo;agit de la Haute-Savoie, la Manche, les Yvelines, l&rsquo;Essonne, le Calvados, l&rsquo;Orne, l&rsquo;Eure, et l&rsquo;Eure-et-Loir\u00a0sont en vigilance orange neige-verglas jusqu&rsquo;\u00e0 mercredi matin.<\/p>\n","protected":false},"excerpt":{"rendered":"<p>Arriv\u00e9 \u00e0 Clairmarais, Gabriel Attal a rencontr\u00e9 des habitants touch\u00e9s par les inondations depuis plusieurs jours. Le nouveau Premier ministre a annonc\u00e9 la mise en place d&rsquo;un \u00ab\u00a0guichet unique\u00a0\u00bb dont le but sera d&rsquo;\u00a0\u00bbaccompagner les sinistr\u00e9s dans les d\u00e9marches\u00a0\u00bb avec un interlocuteur unique. \u00ab\u00a0On va avancer. C&rsquo;est pour \u00e7a que l&rsquo;on travaille, c&rsquo;est pour \u00e7a [&hellip;]<\/p>\n","protected":false},"author":2,"featured_media":26765,"comment_status":"open","ping_status":"open","sticky":false,"template":"","format":"standard","meta":{"_jetpack_memberships_contains_paid_content":false,"footnotes":"","jetpack_publicize_message":"","jetpack_publicize_feature_enabled":true,"jetpack_social_post_already_shared":true,"jetpack_social_options":{"image_generator_settings":{"template":"highway","default_image_id":0,"font":"","enabled":false},"version":2},"_wpas_customize_per_network":false},"categories":[405],"tags":[],"class_list":["post-26764","post","type-post","status-publish","format-standard","has-post-thumbnail","hentry","category-actu-france-monde"],"jetpack_publicize_connections":[],"jetpack_featured_media_url":"https:\/\/i0.wp.com\/www.iceagetv.com\/radiosite\/wp-content\/uploads\/2024\/01\/La-vitesse-limitee-a-70-kmh-sur-les-principales-autoroutes-et-nationales-en-IDF.jpg?fit=679%2C293&ssl=1","jetpack_sharing_enabled":true,"_links":{"self":[{"href":"https:\/\/www.iceagetv.com\/radiosite\/wp-json\/wp\/v2\/posts\/26764","targetHints":{"allow":["GET"]}}],"collection":[{"href":"https:\/\/www.iceagetv.com\/radiosite\/wp-json\/wp\/v2\/posts"}],"about":[{"href":"https:\/\/www.iceagetv.com\/radiosite\/wp-json\/wp\/v2\/types\/post"}],"author":[{"embeddable":true,"href":"https:\/\/www.iceagetv.com\/radiosite\/wp-json\/wp\/v2\/users\/2"}],"replies":[{"embeddable":true,"href":"https:\/\/www.iceagetv.com\/radiosite\/wp-json\/wp\/v2\/comments?post=26764"}],"version-history":[{"count":1,"href":"https:\/\/www.iceagetv.com\/radiosite\/wp-json\/wp\/v2\/posts\/26764\/revisions"}],"predecessor-version":[{"id":26766,"href":"https:\/\/www.iceagetv.com\/radiosite\/wp-json\/wp\/v2\/posts\/26764\/revisions\/26766"}],"wp:featuredmedia":[{"embeddable":true,"href":"https:\/\/www.iceagetv.com\/radiosite\/wp-json\/wp\/v2\/media\/26765"}],"wp:attachment":[{"href":"https:\/\/www.iceagetv.com\/radiosite\/wp-json\/wp\/v2\/media?parent=26764"}],"wp:term":[{"taxonomy":"category","embeddable":true,"href":"https:\/\/www.iceagetv.com\/radiosite\/wp-json\/wp\/v2\/categories?post=26764"},{"taxonomy":"post_tag","embeddable":true,"href":"https:\/\/www.iceagetv.com\/radiosite\/wp-json\/wp\/v2\/tags?post=26764"}],"curies":[{"name":"wp","href":"https:\/\/api.w.org\/{rel}","templated":true}]}}