{"id":26779,"date":"2024-01-10T14:59:02","date_gmt":"2024-01-10T14:59:02","guid":{"rendered":"https:\/\/www.iceagetv.com\/radiosite\/?p=26779"},"modified":"2024-01-10T14:59:02","modified_gmt":"2024-01-10T14:59:02","slug":"les-negociations-entre-supermarches-et-industriels-ne-devraient-pas-aboutir-a-une-baisse-generale-des-prix-previent-le-president-de-la-principale-organisation-representative-des-agro-industriels","status":"publish","type":"post","link":"https:\/\/www.iceagetv.com\/radiosite\/les-negociations-entre-supermarches-et-industriels-ne-devraient-pas-aboutir-a-une-baisse-generale-des-prix-previent-le-president-de-la-principale-organisation-representative-des-agro-industriels\/","title":{"rendered":"Les n\u00e9gociations entre supermarch\u00e9s et industriels ne devraient pas aboutir \u00e0 une baisse g\u00e9n\u00e9rale des prix, pr\u00e9vient le pr\u00e9sident de la principale organisation repr\u00e9sentative des agro-industriels"},"content":{"rendered":"\n<p>Les n\u00e9gociations entre supermarch\u00e9s et industriels ne devraient pas aboutir \u00e0 une baisse g\u00e9n\u00e9rale des prix, mais plut\u00f4t \u00e0 une \u00ab\u00a0tr\u00e8s l\u00e9g\u00e8re inflation\u00a0\u00bb, a pr\u00e9venu mercredi Jean-Philippe Andr\u00e9, pr\u00e9sident de la principale organisation repr\u00e9sentative des agro-industriels, l&rsquo;Ania.<\/p>\n\n\n\n<p>Le 7 janvier, le ministre de l&rsquo;Economie Bruno Le Maire avait assur\u00e9 que les prix de certains produits alimentaires allaient baisser en 2024, pr\u00e9cisant que ces baisses se verraient \u00ab\u00a0d\u00e8s que les n\u00e9gociations commerciales auront pris fin\u00a0\u00bb, le 31 janvier.<\/p>\n\n\n\n<p>\u00ab\u00a0On a pu entendre dire qu&rsquo;il y aura des baisses g\u00e9n\u00e9rales des prix: je ne pense pas\u00a0\u00bb, a estim\u00e9 sur Radio Classique Jean-Philippe Andr\u00e9. \u00ab\u00a0Il n&rsquo;y aura pas de retour aux prix qu&rsquo;on a pu conna\u00eetre en 2019 et 2020,\u00a0\u00bb soit avant l&rsquo;envol\u00e9e des prix de l&rsquo;alimentaire ces trois derni\u00e8res ann\u00e9es.<\/p>\n\n\n\n<p>Pour le repr\u00e9sentant des industriels, des hausses sont probables sur certains produits en tension, comme le sucre, le riz, l&rsquo;huile d&rsquo;olive, le cacao ou le jus d&rsquo;orange.<\/p>\n\n\n\n<p>Sur les prix de l&rsquo;alimentaire en g\u00e9n\u00e9ral, \u00ab\u00a0on va parler de tr\u00e8s l\u00e9g\u00e8re inflation, peut-\u00eatre de 2-3%\u00a0\u00bb, a estim\u00e9 Jean-Philippe Andr\u00e9, un chiffre tr\u00e8s similaire \u00e0 celui formul\u00e9 mardi par le d\u00e9l\u00e9gu\u00e9 g\u00e9n\u00e9ral de la f\u00e9d\u00e9ration des distributeurs, Jacques Creyssel.<\/p>\n\n\n\n<p>Le pr\u00e9sident de l&rsquo;Ania impute ces hausses \u00e0 une \u00ab\u00a0structure de co\u00fbts\u00a0\u00bb encore \u00ab\u00a0\u00e9lev\u00e9e\u00a0\u00bb, notamment du fait des augmentations de salaire depuis deux ans. \u00ab\u00a0Le Smic a augment\u00e9 de 15% depuis deux ans\u00a0\u00bb, a-t-il justifi\u00e9. Or, \u00ab\u00a0on ne va pas revenir en arri\u00e8re sur les salaires.\u00a0\u00bb<\/p>\n\n\n\n<p>Les n\u00e9gociations commerciales entre la grande distribution et leurs fournisseurs de l&rsquo;agro-industrie, qui vont d\u00e9terminer le prix d&rsquo;une large part des produits vendus en grandes surfaces, doivent s&rsquo;achever au 31 janvier.<\/p>\n","protected":false},"excerpt":{"rendered":"<p>Les n\u00e9gociations entre supermarch\u00e9s et industriels ne devraient pas aboutir \u00e0 une baisse g\u00e9n\u00e9rale des prix, mais plut\u00f4t \u00e0 une \u00ab\u00a0tr\u00e8s l\u00e9g\u00e8re inflation\u00a0\u00bb, a pr\u00e9venu mercredi Jean-Philippe Andr\u00e9, pr\u00e9sident de la principale organisation repr\u00e9sentative des agro-industriels, l&rsquo;Ania. Le 7 janvier, le ministre de l&rsquo;Economie Bruno Le Maire avait assur\u00e9 que les prix de certains produits [&hellip;]<\/p>\n","protected":false},"author":2,"featured_media":26780,"comment_status":"open","ping_status":"open","sticky":false,"template":"","format":"standard","meta":{"_jetpack_memberships_contains_paid_content":false,"footnotes":"","jetpack_publicize_message":"","jetpack_publicize_feature_enabled":true,"jetpack_social_post_already_shared":true,"jetpack_social_options":{"image_generator_settings":{"template":"highway","default_image_id":0,"font":"","enabled":false},"version":2},"_wpas_customize_per_network":false},"categories":[405],"tags":[],"class_list":["post-26779","post","type-post","status-publish","format-standard","has-post-thumbnail","hentry","category-actu-france-monde"],"jetpack_publicize_connections":[],"jetpack_featured_media_url":"https:\/\/i0.wp.com\/www.iceagetv.com\/radiosite\/wp-content\/uploads\/2024\/01\/Les-negociations-entre-supermarches-et-industriels.jpg?fit=679%2C293&ssl=1","jetpack_sharing_enabled":true,"_links":{"self":[{"href":"https:\/\/www.iceagetv.com\/radiosite\/wp-json\/wp\/v2\/posts\/26779","targetHints":{"allow":["GET"]}}],"collection":[{"href":"https:\/\/www.iceagetv.com\/radiosite\/wp-json\/wp\/v2\/posts"}],"about":[{"href":"https:\/\/www.iceagetv.com\/radiosite\/wp-json\/wp\/v2\/types\/post"}],"author":[{"embeddable":true,"href":"https:\/\/www.iceagetv.com\/radiosite\/wp-json\/wp\/v2\/users\/2"}],"replies":[{"embeddable":true,"href":"https:\/\/www.iceagetv.com\/radiosite\/wp-json\/wp\/v2\/comments?post=26779"}],"version-history":[{"count":1,"href":"https:\/\/www.iceagetv.com\/radiosite\/wp-json\/wp\/v2\/posts\/26779\/revisions"}],"predecessor-version":[{"id":26781,"href":"https:\/\/www.iceagetv.com\/radiosite\/wp-json\/wp\/v2\/posts\/26779\/revisions\/26781"}],"wp:featuredmedia":[{"embeddable":true,"href":"https:\/\/www.iceagetv.com\/radiosite\/wp-json\/wp\/v2\/media\/26780"}],"wp:attachment":[{"href":"https:\/\/www.iceagetv.com\/radiosite\/wp-json\/wp\/v2\/media?parent=26779"}],"wp:term":[{"taxonomy":"category","embeddable":true,"href":"https:\/\/www.iceagetv.com\/radiosite\/wp-json\/wp\/v2\/categories?post=26779"},{"taxonomy":"post_tag","embeddable":true,"href":"https:\/\/www.iceagetv.com\/radiosite\/wp-json\/wp\/v2\/tags?post=26779"}],"curies":[{"name":"wp","href":"https:\/\/api.w.org\/{rel}","templated":true}]}}