{"id":26793,"date":"2024-01-11T13:44:07","date_gmt":"2024-01-11T13:44:07","guid":{"rendered":"https:\/\/www.iceagetv.com\/radiosite\/?p=26793"},"modified":"2024-01-11T13:44:07","modified_gmt":"2024-01-11T13:44:07","slug":"mort-de-la-comedienne-laurence-badie","status":"publish","type":"post","link":"https:\/\/www.iceagetv.com\/radiosite\/mort-de-la-comedienne-laurence-badie\/","title":{"rendered":"MORT DE LA COM\u00c9DIENNE LAURENCE BADIE"},"content":{"rendered":"\n<p>La com\u00e9dienne Laurence Badie, visage et voix famili\u00e8res du grand et surtout du petit \u00e9cran, vient de s&rsquo;\u00e9teindre \u00e0 l&rsquo;\u00e2ge de 96 ans, a annonc\u00e9 son agent \u00e0 l&rsquo;AFP.<\/p>\n\n\n\n<p>Elle \u00ab\u00a0est d\u00e9c\u00e9d\u00e9e ce (jeudi) matin \u00e0 l&rsquo;\u00e2ge de 96 ans en Bretagne\u00a0\u00bb, a d\u00e9clar\u00e9 Patrick Goavec.<\/p>\n\n\n\n<p>Grande com\u00e9dienne de th\u00e9\u00e2tre, elle a d&rsquo;abord interpr\u00e9t\u00e9 le r\u00e9pertoire classique \u00e0 Avignon du&nbsp;<em>Malade imaginaire<\/em>&nbsp;\u00e0&nbsp;<em>L&rsquo;\u00e9cole des femmes<\/em>, en passant par<em>&nbsp;Le Songe d&rsquo;une nuit d&rsquo;\u00e9t\u00e9<\/em>&nbsp;sous la direction de Jean Vilar, Laurence Badie \u00e9tait surtout connue du grand public pour ses r\u00f4les \u00e0 la t\u00e9l\u00e9vision.<\/p>\n\n\n\n<p>On lui confie vite des r\u00f4les de soubrette. \u00ab\u00a0Comme les gens manquent d&rsquo;imagination, d\u00e8s qu&rsquo;il fallait jouer une petite bonne, j&rsquo;\u00e9tais engag\u00e9e. J&rsquo;en ai jou\u00e9 beaucoup\u00a0\u00bb, expliquait-elle.<\/p>\n\n\n\n<p>De son nom complet Laurence Dolores Badie-Lopes, elle na\u00eet le 15 juin 1928 \u00e0 Boulogne-Billancourt, pr\u00e8s de Paris. Elle \u00e9tudie un an \u00e0 HEC mais pr\u00e9f\u00e8re le th\u00e9\u00e2tre. Et prend des cours avec le com\u00e9dien Julien Bertheau.<\/p>\n\n\n\n<h2 class=\"wp-block-heading\">Pr\u00e9dilection pour les r\u00f4les comiques<\/h2>\n\n\n\n<p>Lors d&rsquo;une audition, elle s&#8217;emm\u00eale les pinceaux et l\u00e2che un \u00ab\u00a0Oh merde !\u00a0\u00bb. \u00ab\u00a0Il faut prendre celle qui a dit &lsquo;merde'\u00a0\u00bb, tranche le metteur en sc\u00e8ne, un certain Georges Wilson qui la fait entrer au TNP (Th\u00e9\u00e2tre national populaire) de Jean Vilar, o\u00f9 elle reste pr\u00e8s de dix ans.<br><br>Avec d\u00e9j\u00e0 une pr\u00e9dilection pour les r\u00f4les comiques. \u00ab\u00a0Les plus belles ann\u00e9es de ma vie ! L\u00e0 o\u00f9 j&rsquo;ai tout appris, au contact des grands acteurs: G\u00e9rard Philipe, Philippe Noiret, Maria Casar\u00e8s\u00a0\u00bb.<\/p>\n\n\n\n<p>Elle d\u00e9marre au cin\u00e9ma en 1952, dans&nbsp;<em>La Vie d&rsquo;un honn\u00eate homme<\/em>&nbsp;de Sacha Guitry, et&nbsp;<em>Jeux interdits<\/em>&nbsp;de Ren\u00e9 Cl\u00e9ment. On l&rsquo;a \u00e9galement vue dans&nbsp;<em>La Travers\u00e9e de Paris<\/em>&nbsp;de Claude Autant-Lara, ou&nbsp;<em>La Vie passionn\u00e9e de Vincent Van Gogh<\/em>&nbsp;de Vincente Minnelli. Elle a aussi tourn\u00e9 pour Alain Resnais dans&nbsp;<em>Muriel ou le Temps d&rsquo;un retour, La Guerre est finie, Mon oncle d&rsquo;Am\u00e9rique,&nbsp;<\/em>et pour Fran\u00e7ois Truffaut dans&nbsp;<em>La Peau douce<\/em>.<\/p>\n\n\n\n<h2 class=\"wp-block-heading\">Voix de Casper le fant\u00f4me et de V\u00e9ra dans Scooby-Doo<\/h2>\n\n\n\n<p>Mais c&rsquo;est sa participation au jeu t\u00e9l\u00e9vis\u00e9&nbsp;<em>L&rsquo;Acad\u00e9mie des neuf<\/em>&nbsp;dans les ann\u00e9es 1980, et son doublage du personnage de V\u00e9ra dans le dessin anim\u00e9 Scooby-Doo qui l&rsquo;ont rendue populaire aupr\u00e8s du grand public. Elle a souvent pr\u00eat\u00e9 sa voix si reconnaissable au doublage. Elle \u00e9tait ainsi la voix du fant\u00f4me Casper, dans&nbsp;<em>Casper et ses amis<\/em>.<\/p>\n","protected":false},"excerpt":{"rendered":"<p>La com\u00e9dienne Laurence Badie, visage et voix famili\u00e8res du grand et surtout du petit \u00e9cran, vient de s&rsquo;\u00e9teindre \u00e0 l&rsquo;\u00e2ge de 96 ans, a annonc\u00e9 son agent \u00e0 l&rsquo;AFP. Elle \u00ab\u00a0est d\u00e9c\u00e9d\u00e9e ce (jeudi) matin \u00e0 l&rsquo;\u00e2ge de 96 ans en Bretagne\u00a0\u00bb, a d\u00e9clar\u00e9 Patrick Goavec. Grande com\u00e9dienne de th\u00e9\u00e2tre, elle a d&rsquo;abord interpr\u00e9t\u00e9 le [&hellip;]<\/p>\n","protected":false},"author":2,"featured_media":26794,"comment_status":"open","ping_status":"open","sticky":false,"template":"","format":"standard","meta":{"_jetpack_memberships_contains_paid_content":false,"footnotes":"","jetpack_publicize_message":"","jetpack_publicize_feature_enabled":true,"jetpack_social_post_already_shared":true,"jetpack_social_options":{"image_generator_settings":{"template":"highway","default_image_id":0,"font":"","enabled":false},"version":2},"_wpas_customize_per_network":false},"categories":[68],"tags":[],"class_list":["post-26793","post","type-post","status-publish","format-standard","has-post-thumbnail","hentry","category-actu-culturelle"],"jetpack_publicize_connections":[],"jetpack_featured_media_url":"https:\/\/i0.wp.com\/www.iceagetv.com\/radiosite\/wp-content\/uploads\/2024\/01\/Screenshot_20240111_144116.jpg?fit=1080%2C429&ssl=1","jetpack_sharing_enabled":true,"_links":{"self":[{"href":"https:\/\/www.iceagetv.com\/radiosite\/wp-json\/wp\/v2\/posts\/26793","targetHints":{"allow":["GET"]}}],"collection":[{"href":"https:\/\/www.iceagetv.com\/radiosite\/wp-json\/wp\/v2\/posts"}],"about":[{"href":"https:\/\/www.iceagetv.com\/radiosite\/wp-json\/wp\/v2\/types\/post"}],"author":[{"embeddable":true,"href":"https:\/\/www.iceagetv.com\/radiosite\/wp-json\/wp\/v2\/users\/2"}],"replies":[{"embeddable":true,"href":"https:\/\/www.iceagetv.com\/radiosite\/wp-json\/wp\/v2\/comments?post=26793"}],"version-history":[{"count":1,"href":"https:\/\/www.iceagetv.com\/radiosite\/wp-json\/wp\/v2\/posts\/26793\/revisions"}],"predecessor-version":[{"id":26795,"href":"https:\/\/www.iceagetv.com\/radiosite\/wp-json\/wp\/v2\/posts\/26793\/revisions\/26795"}],"wp:featuredmedia":[{"embeddable":true,"href":"https:\/\/www.iceagetv.com\/radiosite\/wp-json\/wp\/v2\/media\/26794"}],"wp:attachment":[{"href":"https:\/\/www.iceagetv.com\/radiosite\/wp-json\/wp\/v2\/media?parent=26793"}],"wp:term":[{"taxonomy":"category","embeddable":true,"href":"https:\/\/www.iceagetv.com\/radiosite\/wp-json\/wp\/v2\/categories?post=26793"},{"taxonomy":"post_tag","embeddable":true,"href":"https:\/\/www.iceagetv.com\/radiosite\/wp-json\/wp\/v2\/tags?post=26793"}],"curies":[{"name":"wp","href":"https:\/\/api.w.org\/{rel}","templated":true}]}}