{"id":26799,"date":"2024-01-12T05:08:01","date_gmt":"2024-01-12T05:08:01","guid":{"rendered":"https:\/\/www.iceagetv.com\/radiosite\/?p=26799"},"modified":"2024-01-12T05:08:01","modified_gmt":"2024-01-12T05:08:01","slug":"remaniement-gabriel-attal-promet-de-laction-et-des-resultats-apres-la-nomination-de-son-gouvernement","status":"publish","type":"post","link":"https:\/\/www.iceagetv.com\/radiosite\/remaniement-gabriel-attal-promet-de-laction-et-des-resultats-apres-la-nomination-de-son-gouvernement\/","title":{"rendered":"Remaniement\u00a0: Gabriel Attal promet \u00ab\u00a0de l&rsquo;action\u00a0\u00bb et \u00ab\u00a0des r\u00e9sultats\u00a0\u00bb apr\u00e8s la nomination de son gouvernement"},"content":{"rendered":"\n<p>Invit\u00e9 du journal de 20h de TF1 ce jeudi soir, le tout nouveau Premier ministre\u00a0<a href=\"https:\/\/www.francebleu.fr\/infos\/politique\/portrait-remaniement-l-ascension-fulgurante-de-gabriel-attal-le-plus-jeune-premier-ministre-de-l-histoire-9828691\" target=\"_blank\" rel=\"noreferrer noopener\">Gabriel Attal<\/a>\u00a0a r\u00e9it\u00e9r\u00e9 l&rsquo;engagement du gouvernement de baisser les imp\u00f4ts pour les classes moyennes. Il a aussi\u00a0invoqu\u00e9 jeudi la\u00a0<em>\u00ab\u00a0pr\u00e9somption d&rsquo;innocence\u00a0\u00bb<\/em>\u00a0concernant la nouvelle ministre de la Culture Rachida Dati, mise en examen pour corruption, et salu\u00e9 une\u00a0<em>\u00ab\u00a0femme d&rsquo;engagement\u00a0\u00bb<\/em>.<\/p>\n\n\n\n<p>Les premiers noms&nbsp;<a target=\"_blank\" rel=\"noreferrer noopener\" href=\"https:\/\/www.francebleu.fr\/infos\/politique\/remaniement-decouvrez-la-composition-du-gouvernement-de-gabriel-attal-8520388\">de son nouveau gouvernement ont \u00e9t\u00e9 annonc\u00e9s quelques minutes auparavant<\/a>&nbsp;avec le maintien des poids lourds de la majorit\u00e9 comme G\u00e9rald Darmanin et Bruno Le Maire et l&rsquo;arriv\u00e9e de nouveaux visages dont Catherine Vautrin ou St\u00e9phane S\u00e9journ\u00e9.<\/p>\n\n\n\n<h2 class=\"wp-block-heading\">\u00ab\u00a0R\u00e9pondre aux probl\u00e8mes des Fran\u00e7ais\u00a0\u00bb<\/h2>\n\n\n\n<p>Le Premier ministre a promis\u00a0<em>\u00ab\u00a0de l&rsquo;action\u00a0\u00bb<\/em>\u00a0et\u00a0<em>\u00ab\u00a0des r\u00e9sultats\u00a0\u00bb<\/em>\u00a0pour \u00ab\u00a0<em>r\u00e9pondre aux probl\u00e8mes des Fran\u00e7ais\u00a0\u00bb<\/em>.\u00a0<em>\u00ab\u00a0Moi, ce que je veux, c&rsquo;est de l&rsquo;action, de l&rsquo;action, de l&rsquo;action\u00a0\u00bb<\/em>\u00a0et\u00a0<em>\u00ab\u00a0des r\u00e9sultats, des r\u00e9sultats, des r\u00e9sultats\u00a0\u00bb<\/em>, a martel\u00e9 Gabriel Attal en vantant\u00a0<em>\u00ab\u00a0l&rsquo;\u00e9nergie\u00a0\u00bb<\/em>\u00a0de ses ministres\u00a0<em>\u00ab\u00a0engag\u00e9s \u00e0 200% pour r\u00e9pondre aux attentes des Fran\u00e7ais\u00a0\u00bb<\/em>.<\/p>\n\n\n\n<p>Il s&rsquo;est aussi dit d\u00e9termin\u00e9 \u00e0 baisser les imp\u00f4ts pour les classes moyennes.&nbsp;<em>\u00ab\u00a0Le pr\u00e9sident s&rsquo;est engag\u00e9 (\u00e0 baisser les imp\u00f4ts de deux milliards d&rsquo;euros, ndlr) et \u00e9videmment, on sera au rendez-vous de son engagement\u00a0\u00bb<\/em>&nbsp;car les&nbsp;<em>\u00ab\u00a0Fran\u00e7ais attendent qu&rsquo;on agisse pour eux\u00a0\u00bb<\/em>, a affirm\u00e9 le chef du gouvernement. Gabriel Attal, en qu\u00eate d&rsquo;\u00e9conomies substantielles pour r\u00e9duire le d\u00e9ficit et la dette, a cependant refus\u00e9 de pr\u00e9ciser le calendrier, alors que le ministre de l&rsquo;\u00c9conomie Bruno Le Maire avait \u00e9voqu\u00e9 l&rsquo;inscription de cette baisse&nbsp;<em>\u00ab\u00a0si possible d\u00e8s le budget 2025\u00a0\u00bb<\/em>.<\/p>\n\n\n\n<p>Sur sa nomination \u00e0 34 ans comme plus jeune Premier ministre de l&rsquo;histoire de la R\u00e9publique, il a admis s&rsquo;\u00eatre demand\u00e9 s&rsquo;il \u00e9tait&nbsp;<em>\u00ab\u00a0capable d&rsquo;assumer cette fonction\u00a0\u00bb<\/em>. Mais&nbsp;<em>\u00ab\u00a0j&rsquo;ai d\u00e9cid\u00e9 de m&rsquo;engager, parce que j&rsquo;aime mon pays, que j&rsquo;ai envie de r\u00e9pondre aux attentes de nos concitoyens\u00a0\u00bb,<\/em>&nbsp;a-t-il ajout\u00e9, en citant&nbsp;<em>\u00ab\u00a0la valorisation du travail, la s\u00e9curit\u00e9, nos services publics, l&rsquo;\u00e9cole, l&rsquo;h\u00f4pital, le d\u00e9fi de l&rsquo;environnement\u00a0\u00bb<\/em>&nbsp;et de&nbsp;<em>\u00ab\u00a0la lutte contre le r\u00e9chauffement climatique\u00a0\u00bb<\/em>.<\/p>\n\n\n\n<h2 class=\"wp-block-heading\">Un gouvernement trop \u00e0 droite&nbsp;?<\/h2>\n\n\n\n<p>Le gouvernement s&rsquo;est-il droitis\u00e9 avec la nomination de Rachida Dati et de Catherine Vautrin&nbsp;? En r\u00e9ponse, Gabriel Attal a affirm\u00e9 qu&rsquo;il n&rsquo;\u00e9tait&nbsp;<em>\u00ab\u00a0pas l\u00e0 \u00e0 demander \u00e0 (ses) ministres de vider leurs poches pour (lui) montrer la carte de leur parti politique\u00a0\u00bb.<\/em>&nbsp;Il a assur\u00e9 que le gouvernement comprenait&nbsp;<em>\u00ab\u00a0des personnes qui ont une sensibilit\u00e9 de droite\u00a0\u00bb<\/em>&nbsp;et des personnes&nbsp;<em>\u00ab\u00a0qui ont une sensibilit\u00e9 de gauche\u00a0\u00bb<\/em>, citant \u00c9ric Dupond-Moretti, qui reste Garde des Sceaux, St\u00e9phane S\u00e9journ\u00e9, le secr\u00e9taire g\u00e9n\u00e9ral du parti pr\u00e9sidentiel Renaissance nomm\u00e9 aux Affaires \u00e9trang\u00e8res, et Sylvie Retailleau, nomm\u00e9 \u00e0 son ancien poste de ministre de l&rsquo;Enseignement sup\u00e9rieur.<\/p>\n\n\n\n<h2 class=\"wp-block-heading\">\u00ab\u00a02027, ce n&rsquo;est pas le sujet\u00a0\u00bb<\/h2>\n\n\n\n<p>Interrog\u00e9 sur ses \u00e9ventuelles ambitions pr\u00e9sidentielles, Gabriel Attal a r\u00e9pondu que&nbsp;<em>\u00ab\u00a02027 ce n&rsquo;est pas le sujet, ce qui m&rsquo;int\u00e9resse, c&rsquo;est 2024\u00a0\u00bb<\/em>. Il a dit aussi sa conviction&nbsp;<em>\u00ab\u00a0qu&rsquo;on peut avancer\u00a0\u00bb,<\/em>&nbsp;malgr\u00e9 l&rsquo;absence de majorit\u00e9 absolue \u00e0 l&rsquo;Assembl\u00e9e nationale et promis d&rsquo;<em>\u00ab\u00a0entendre (les oppositions, ndlr)\u00a0\u00bb<\/em>.&nbsp;<em>\u00ab\u00a0Il faut chercher \u00e0 travailler avec elles\u00a0\u00bb,<\/em>&nbsp;a-t-il assur\u00e9 alors que sa pr\u00e9d\u00e9cesseure \u00c9lisabeth Borne a d\u00e9clench\u00e9 23 fois l&rsquo;article 49.3 de la Constitution.<\/p>\n\n\n\n<h2 class=\"wp-block-heading\">Rachida Dati, \u00ab\u00a0femme d&rsquo;engagement\u00a0\u00bb<\/h2>\n\n\n\n<p>Gabriel Attal a \u00e9galement \u00e9t\u00e9 interrog\u00e9 sur&nbsp;<strong>la nomination surprise de Rachida Dati<\/strong>&nbsp;au minist\u00e8re de la Culture. Il s&rsquo;est dit&nbsp;<em>\u00ab\u00a0tr\u00e8s heureux\u00a0\u00bb<\/em>&nbsp;de son arriv\u00e9e dans l&rsquo;\u00e9quipe minist\u00e9rielle.&nbsp;<em>\u00ab\u00a0C&rsquo;est une femme qui ne laisse personne indifferent. J&rsquo;ai beaucoup de respect pour les combats qu&rsquo;elle a men\u00e9s\u00a0\u00bb<\/em>, a-t-il assur\u00e9.<\/p>\n","protected":false},"excerpt":{"rendered":"<p>Invit\u00e9 du journal de 20h de TF1 ce jeudi soir, le tout nouveau Premier ministre\u00a0Gabriel Attal\u00a0a r\u00e9it\u00e9r\u00e9 l&rsquo;engagement du gouvernement de baisser les imp\u00f4ts pour les classes moyennes. Il a aussi\u00a0invoqu\u00e9 jeudi la\u00a0\u00ab\u00a0pr\u00e9somption d&rsquo;innocence\u00a0\u00bb\u00a0concernant la nouvelle ministre de la Culture Rachida Dati, mise en examen pour corruption, et salu\u00e9 une\u00a0\u00ab\u00a0femme d&rsquo;engagement\u00a0\u00bb. Les premiers noms&nbsp;de son [&hellip;]<\/p>\n","protected":false},"author":2,"featured_media":26800,"comment_status":"open","ping_status":"open","sticky":false,"template":"","format":"standard","meta":{"_jetpack_memberships_contains_paid_content":false,"footnotes":"","jetpack_publicize_message":"","jetpack_publicize_feature_enabled":true,"jetpack_social_post_already_shared":true,"jetpack_social_options":{"image_generator_settings":{"template":"highway","default_image_id":0,"font":"","enabled":false},"version":2},"_wpas_customize_per_network":false},"categories":[405],"tags":[],"class_list":["post-26799","post","type-post","status-publish","format-standard","has-post-thumbnail","hentry","category-actu-france-monde"],"jetpack_publicize_connections":[],"jetpack_featured_media_url":"https:\/\/i0.wp.com\/www.iceagetv.com\/radiosite\/wp-content\/uploads\/2024\/01\/Screenshot_20240112_060659.jpg?fit=891%2C541&ssl=1","jetpack_sharing_enabled":true,"_links":{"self":[{"href":"https:\/\/www.iceagetv.com\/radiosite\/wp-json\/wp\/v2\/posts\/26799","targetHints":{"allow":["GET"]}}],"collection":[{"href":"https:\/\/www.iceagetv.com\/radiosite\/wp-json\/wp\/v2\/posts"}],"about":[{"href":"https:\/\/www.iceagetv.com\/radiosite\/wp-json\/wp\/v2\/types\/post"}],"author":[{"embeddable":true,"href":"https:\/\/www.iceagetv.com\/radiosite\/wp-json\/wp\/v2\/users\/2"}],"replies":[{"embeddable":true,"href":"https:\/\/www.iceagetv.com\/radiosite\/wp-json\/wp\/v2\/comments?post=26799"}],"version-history":[{"count":1,"href":"https:\/\/www.iceagetv.com\/radiosite\/wp-json\/wp\/v2\/posts\/26799\/revisions"}],"predecessor-version":[{"id":26801,"href":"https:\/\/www.iceagetv.com\/radiosite\/wp-json\/wp\/v2\/posts\/26799\/revisions\/26801"}],"wp:featuredmedia":[{"embeddable":true,"href":"https:\/\/www.iceagetv.com\/radiosite\/wp-json\/wp\/v2\/media\/26800"}],"wp:attachment":[{"href":"https:\/\/www.iceagetv.com\/radiosite\/wp-json\/wp\/v2\/media?parent=26799"}],"wp:term":[{"taxonomy":"category","embeddable":true,"href":"https:\/\/www.iceagetv.com\/radiosite\/wp-json\/wp\/v2\/categories?post=26799"},{"taxonomy":"post_tag","embeddable":true,"href":"https:\/\/www.iceagetv.com\/radiosite\/wp-json\/wp\/v2\/tags?post=26799"}],"curies":[{"name":"wp","href":"https:\/\/api.w.org\/{rel}","templated":true}]}}