{"id":26806,"date":"2024-01-13T07:44:05","date_gmt":"2024-01-13T07:44:05","guid":{"rendered":"https:\/\/www.iceagetv.com\/radiosite\/?p=26806"},"modified":"2024-01-13T07:44:05","modified_gmt":"2024-01-13T07:44:05","slug":"la-nouvelle-ministre-de-leducation-amelie-oudea-castera-deja-en-pleine-polemique-apres-avoir-reconnu-mettre-ses-enfants-dans-le-prive-en-raison-de-labsence-de-profs-dans-le-public","status":"publish","type":"post","link":"https:\/\/www.iceagetv.com\/radiosite\/la-nouvelle-ministre-de-leducation-amelie-oudea-castera-deja-en-pleine-polemique-apres-avoir-reconnu-mettre-ses-enfants-dans-le-prive-en-raison-de-labsence-de-profs-dans-le-public\/","title":{"rendered":"La nouvelle ministre de l&rsquo;\u00e9ducation, Am\u00e9lie Oud\u00e9a-Cast\u00e9ra, (d\u00e9j\u00e0) en pleine pol\u00e9mique apr\u00e8s avoir reconnu mettre ses enfants dans le priv\u00e9 en raison de l&rsquo;absence de profs dans le public"},"content":{"rendered":"\n<p>La nouvelle ministre de l&rsquo;\u00e9ducation, Am\u00e9lie Oud\u00e9a-Cast\u00e9ra, (d\u00e9j\u00e0) en pleine pol\u00e9mique apr\u00e8s avoir reconnu mettre ses enfants dans le priv\u00e9 en raison de l&rsquo;absence des profs dans le public. En d\u00e9placement dans un coll\u00e8ge d\u2019Andr\u00e9sy (Yvelines) ce vendredi, la nouvelle ministre a fait l\u2019objet d\u2019une question de la part d\u2019un journaliste de Mediapart. Il a soulign\u00e9 la scolarisation des enfants de la ministre au sein du lyc\u00e9e priv\u00e9 catholique parisien Stanislas, d\u00e9crit par ce dernier comme favorable \u00e0 la non-mixit\u00e9 et condamnant l\u2019homosexualit\u00e9 et l\u2019avortement dans ses enseignements.<\/p>\n\n\n\n<p>Am\u00e9lie Oud\u00e9a-Cast\u00e9ra a r\u00e9pondu :&nbsp; \u00ab\u00a0L\u00e0, vous \u00eates totalement dans le proc\u00e8s d\u2019intention. Je ne vais pas esquiver votre question. La premi\u00e8re chose que j\u2019ai envie de relever, c\u2019est que si on commence sur des attaques personnelles d\u00e8s le premier jour.&nbsp;Alors, tr\u00e8s bien, on va aller sur le champ du personnel\u00bb, a estim\u00e9 la ministre.<\/p>\n\n\n\n<p>\u00abVincent, notre ain\u00e9, a commenc\u00e9 comme sa maman \u00e0 l\u2019\u00e9cole publique Littr\u00e9 (dans le 6e arrondissement de Paris).&nbsp;<strong>Et puis la frustration de ses parents, mon mari et moi, qui avons vu des paquets d\u2019heures qui n\u2019\u00e9taient pas s\u00e9rieusement remplac\u00e9es.<\/strong>&nbsp;\u00c0 un moment, on en a eu marre comme des centaines de milliers de familles qui, \u00e0 un moment, ont fait un choix d\u2019aller chercher une solution diff\u00e9rente.&nbsp;On habitait rue Stanislas donc on scolarisait nos enfants \u00e0 Stanislas. C\u2019\u00e9tait un choix de proximit\u00e9\u00bb, a d\u00e9taill\u00e9 Am\u00e9lie Oud\u00e9a-Cast\u00e9ra.<\/p>\n\n\n\n<p>\u00abDepuis, de mani\u00e8re continue, nous nous assurons que nos enfants sont bien form\u00e9s, avec de l\u2019exigence dans la ma\u00eetrise des savoirs fondamentaux, et qu\u2019ils sont heureux, \u00e9panouis, qu\u2019ils ont des amis, qu\u2019ils se sentent en s\u00e9curit\u00e9 et en confiance. C\u2019est le cas pour mes trois petits gar\u00e7ons.\u00a0\u00bb<\/p>\n\n\n\n<p><strong>La s\u00e9quence a imm\u00e9diatement fait r\u00e9agir des personnalit\u00e9s politiques de gauche, indign\u00e9es par cette justification.<\/strong><\/p>\n\n\n\n<p>\u00ab\u00a0Tout simplement dingue\u00a0\u00bb, a \u00e9crit le d\u00e9put\u00e9 \u00e9cologiste Julien Bayou. \u00ab\u00a0La ministre des JO et de l&rsquo;\u00c9ducation (!) explique que son enfant est dans le priv\u00e9 \u00e0 cause des enseignants non remplac\u00e9s dans le public&#8230; devant l&rsquo;ancien ministre de l&rsquo;\u00c9ducation qui avait promis &lsquo;1 classe 1 prof&rsquo;!\u00a0\u00bb<\/p>\n\n\n\n<p>\u00ab\u00a0Le bilan de Macron sur l\u2019\u00c9ducation nationale, c\u2019est sa nouvelle ministre qui en parle le mieux&#8230; Mais comment peut-on \u00eatre ministre de l\u2019\u00c9ducation nationale et m\u00e9priser autant l\u2019\u00e9cole publique?\u00a0\u00bb, s&rsquo;est insurg\u00e9 Boris Vallaud, pr\u00e9sident du groupe socialiste \u00e0 l&rsquo;Assembl\u00e9e. Le Premier secr\u00e9taire du PS, Olivier Faure, a lui qualifi\u00e9 la r\u00e9ponse d'\u00a0\u00bbhallucinante\u00a0\u00bb.<\/p>\n\n\n\n<p>\u00ab\u00a0L\u2019\u00e9cole publique dont je suis d\u00e9sormais la ministre n\u2019\u00e9tait pas assez bien pour mes enfants alors je les ai scolaris\u00e9s dans un lyc\u00e9e priv\u00e9 dont les valeurs sont, selon les enqu\u00eates qui y ont \u00e9t\u00e9 r\u00e9alis\u00e9es, loin des valeurs r\u00e9publicaines\u00a0\u00bb, a-t-il \u00e9crit sur X, anciennement Twitter.<\/p>\n","protected":false},"excerpt":{"rendered":"<p>La nouvelle ministre de l&rsquo;\u00e9ducation, Am\u00e9lie Oud\u00e9a-Cast\u00e9ra, (d\u00e9j\u00e0) en pleine pol\u00e9mique apr\u00e8s avoir reconnu mettre ses enfants dans le priv\u00e9 en raison de l&rsquo;absence des profs dans le public. En d\u00e9placement dans un coll\u00e8ge d\u2019Andr\u00e9sy (Yvelines) ce vendredi, la nouvelle ministre a fait l\u2019objet d\u2019une question de la part d\u2019un journaliste de Mediapart. Il a [&hellip;]<\/p>\n","protected":false},"author":2,"featured_media":26807,"comment_status":"open","ping_status":"open","sticky":false,"template":"","format":"standard","meta":{"_jetpack_memberships_contains_paid_content":false,"footnotes":"","jetpack_publicize_message":"","jetpack_publicize_feature_enabled":true,"jetpack_social_post_already_shared":true,"jetpack_social_options":{"image_generator_settings":{"template":"highway","default_image_id":0,"font":"","enabled":false},"version":2},"_wpas_customize_per_network":false},"categories":[405],"tags":[],"class_list":["post-26806","post","type-post","status-publish","format-standard","has-post-thumbnail","hentry","category-actu-france-monde"],"jetpack_publicize_connections":[],"jetpack_featured_media_url":"https:\/\/i0.wp.com\/www.iceagetv.com\/radiosite\/wp-content\/uploads\/2024\/01\/La-nouvelle-ministre-de-leducation.jpg?fit=679%2C293&ssl=1","jetpack_sharing_enabled":true,"_links":{"self":[{"href":"https:\/\/www.iceagetv.com\/radiosite\/wp-json\/wp\/v2\/posts\/26806","targetHints":{"allow":["GET"]}}],"collection":[{"href":"https:\/\/www.iceagetv.com\/radiosite\/wp-json\/wp\/v2\/posts"}],"about":[{"href":"https:\/\/www.iceagetv.com\/radiosite\/wp-json\/wp\/v2\/types\/post"}],"author":[{"embeddable":true,"href":"https:\/\/www.iceagetv.com\/radiosite\/wp-json\/wp\/v2\/users\/2"}],"replies":[{"embeddable":true,"href":"https:\/\/www.iceagetv.com\/radiosite\/wp-json\/wp\/v2\/comments?post=26806"}],"version-history":[{"count":1,"href":"https:\/\/www.iceagetv.com\/radiosite\/wp-json\/wp\/v2\/posts\/26806\/revisions"}],"predecessor-version":[{"id":26808,"href":"https:\/\/www.iceagetv.com\/radiosite\/wp-json\/wp\/v2\/posts\/26806\/revisions\/26808"}],"wp:featuredmedia":[{"embeddable":true,"href":"https:\/\/www.iceagetv.com\/radiosite\/wp-json\/wp\/v2\/media\/26807"}],"wp:attachment":[{"href":"https:\/\/www.iceagetv.com\/radiosite\/wp-json\/wp\/v2\/media?parent=26806"}],"wp:term":[{"taxonomy":"category","embeddable":true,"href":"https:\/\/www.iceagetv.com\/radiosite\/wp-json\/wp\/v2\/categories?post=26806"},{"taxonomy":"post_tag","embeddable":true,"href":"https:\/\/www.iceagetv.com\/radiosite\/wp-json\/wp\/v2\/tags?post=26806"}],"curies":[{"name":"wp","href":"https:\/\/api.w.org\/{rel}","templated":true}]}}