{"id":26812,"date":"2024-01-13T10:37:28","date_gmt":"2024-01-13T10:37:28","guid":{"rendered":"https:\/\/www.iceagetv.com\/radiosite\/?p=26812"},"modified":"2024-01-13T10:37:28","modified_gmt":"2024-01-13T10:37:28","slug":"equateur-nouvelle-evasion-au-penitentier-de-guayaquil","status":"publish","type":"post","link":"https:\/\/www.iceagetv.com\/radiosite\/equateur-nouvelle-evasion-au-penitentier-de-guayaquil\/","title":{"rendered":"Equateur: nouvelle \u00e9vasion au p\u00e9nitentier de Guayaquil"},"content":{"rendered":"\n<p><strong>Au moins cinq d\u00e9tenus se sont \u00e9vad\u00e9s vendredi soir du vaste complexe p\u00e9nitentiaire de Guayaquil, dans le sud-ouest de l&rsquo;Equateur, dont deux \u00e9t\u00e9 rattrap\u00e9s peu apr\u00e8s au cours d&rsquo;une vaste op\u00e9ration de recherches, a-t-on appris de sources concordantes.<\/strong><\/p>\n\n\n\n<p>Peu apr\u00e8s l&rsquo;\u00e9vasion, deux h\u00e9licopt\u00e8res, ainsi que des drones, survolaient les alentours de l&rsquo;immense prison, en p\u00e9riph\u00e9rie nord de la ville, a-t-on constat\u00e9. Ils usaient de puissant projecteurs dirig\u00e9s vers le sol pour tenter de localiser les fugitifs.<\/p>\n\n\n\n<p>Au moins cinq d\u00e9tenus ont pris la fuite en d\u00e9but de soir\u00e9e par la partie arri\u00e8re de la prison, qui jouxte une rivi\u00e8re, ont indiqu\u00e9 \u00e0 l&rsquo;AFP deux sources polici\u00e8res.<\/p>\n\n\n\n<p>Deux d&rsquo;entre eux ont \u00e9t\u00e9 repris peu apr\u00e8s. Des images diffus\u00e9es sur les r\u00e9seaux sociaux, non v\u00e9rifi\u00e9es, ont montr\u00e9 deux hommes ventre \u00e0 terre et menott\u00e9s, pr\u00e9sent\u00e9s comme des fugitifs.<\/p>\n\n\n\n<p>Les autorit\u00e9s ou l&rsquo;administration p\u00e9nitentiaire n&rsquo;ont fait aucune d\u00e9claration.\u00a0<\/p>\n\n\n\n<p>Peu apr\u00e8s l&rsquo;incident, des dizaines de policiers, appuy\u00e9s par des militaires, \u00e9taient visibles patrouillant autour du p\u00e9nitentier, o\u00f9 sont emprisonn\u00e9s les pires criminels du pays.<\/p>\n\n\n\n<p>Des voltigeurs \u00e0 moto allaient et venaient sur l&rsquo;autoroute \u00e0 l&rsquo;entr\u00e9e de la prison et dans les rues adjacentes. Des soldats sur le qui-vive faisaient le gu\u00e9 \u00e0 proximit\u00e9.<\/p>\n\n\n\n<p>Un cordon d&rsquo;une dizaine d&rsquo;hommes, \u00e9quip\u00e9s de boucliers anti-balles, a pris position \u00e0 l&rsquo;entr\u00e9e principale du p\u00e9nitentier.&nbsp;<\/p>\n\n\n\n<p>La situation \u00e9tait cependant calme, tandis que la circulation sur l&rsquo;autoroute voisine n&rsquo;a pas \u00e9t\u00e9 interrompue.<\/p>\n\n\n\n<p>L&rsquo;Equateur conna\u00eet depuis dimanche une crise s\u00e9curitaire sans pr\u00e9c\u00e9dent, qui a pour origine l&rsquo;\u00e9vasion de cette m\u00eame prison de Guayaquil du redout\u00e9 chef du gang des Choneros Adolfo Macias, alias \u00ab\u00a0Fito\u00a0\u00bb .&nbsp;<\/p>\n\n\n\n<p>Sa fuite a \u00e9t\u00e9 suivie de mutineries dans les prisons, de prises d&rsquo;otages et d&rsquo;attaques contre les forces de l&rsquo;ordre, de v\u00e9hicules incendi\u00e9s&#8230; Dix-huit personnes ont \u00e9t\u00e9 tu\u00e9es, 178 gardiens et employ\u00e9s de prison restent pris en otage dans les prisons.<\/p>\n\n\n\n<p>Le pr\u00e9sident Daniel Noboa a d\u00e9cr\u00e9t\u00e9 l&rsquo;\u00e9tat d&rsquo;urgence et ordonn\u00e9 \u00e0 l&rsquo;arm\u00e9e de neutraliser ces bandes criminelles, consid\u00e9r\u00e9es comme \u00ab\u00a0terroristes\u00a0\u00bb.<\/p>\n\n\n\n<p>Plus de 22.400 militaires ont \u00e9t\u00e9 d\u00e9ploy\u00e9s, avec des patrouilles terrestres, a\u00e9riennes et maritimes, des perquisitions et des op\u00e9rations \u00e0 tout va ont \u00e9t\u00e9 men\u00e9es dans les prisons, tandis qu&rsquo;un couvre-feu a \u00e9t\u00e9 impos\u00e9.&nbsp;&nbsp;<\/p>\n\n\n\n<p>Selon un dernier bilan officiel publi\u00e9 vendredi, depuis le 9 janvier, 859 suspects ont \u00e9t\u00e9 interpell\u00e9s, 25 d\u00e9tenus \u00e9vad\u00e9s ont \u00e9t\u00e9 recaptur\u00e9s, 5 \u00ab\u00a0terroristes\u00a0\u00bb abattus, et 57 personnes s\u00e9questr\u00e9es ont \u00e9t\u00e9 lib\u00e9r\u00e9es.<\/p>\n\n\n\n<p>Une vid\u00e9o gla\u00e7ante tourn\u00e9e dans la prison de Machala (sud-ouest) et confirm\u00e9e par la police a ajout\u00e9 \u00e0 la terreur vendredi.&nbsp;<\/p>\n\n\n\n<p>On y voit le cadavre d&rsquo;un prisonnier emball\u00e9 dans du plastique jet\u00e9 dans la rue depuis une fen\u00eatre de la prison sous le contr\u00f4le des mutins.<\/p>\n\n\n\n<p>D&rsquo;autres images sont apparues ces deux derniers jours, qui montrent des membres pr\u00e9sum\u00e9s des gangs interpell\u00e9s en train d&rsquo;\u00eatre ridiculis\u00e9s, forc\u00e9s de chanter, de se frapper entre eux ou encore victimes de mauvais traitements par les soldats.<\/p>\n","protected":false},"excerpt":{"rendered":"<p>Au moins cinq d\u00e9tenus se sont \u00e9vad\u00e9s vendredi soir du vaste complexe p\u00e9nitentiaire de Guayaquil, dans le sud-ouest de l&rsquo;Equateur, dont deux \u00e9t\u00e9 rattrap\u00e9s peu apr\u00e8s au cours d&rsquo;une vaste op\u00e9ration de recherches, a-t-on appris de sources concordantes. Peu apr\u00e8s l&rsquo;\u00e9vasion, deux h\u00e9licopt\u00e8res, ainsi que des drones, survolaient les alentours de l&rsquo;immense prison, en p\u00e9riph\u00e9rie [&hellip;]<\/p>\n","protected":false},"author":2,"featured_media":26813,"comment_status":"open","ping_status":"open","sticky":false,"template":"","format":"standard","meta":{"_jetpack_memberships_contains_paid_content":false,"footnotes":"","jetpack_publicize_message":"","jetpack_publicize_feature_enabled":true,"jetpack_social_post_already_shared":true,"jetpack_social_options":{"image_generator_settings":{"template":"highway","default_image_id":0,"font":"","enabled":false},"version":2},"_wpas_customize_per_network":false},"categories":[405],"tags":[],"class_list":["post-26812","post","type-post","status-publish","format-standard","has-post-thumbnail","hentry","category-actu-france-monde"],"jetpack_publicize_connections":[],"jetpack_featured_media_url":"https:\/\/i0.wp.com\/www.iceagetv.com\/radiosite\/wp-content\/uploads\/2024\/01\/nouvelle-evasion-au-penitentier-de-Guayaquil.jpg?fit=679%2C452&ssl=1","jetpack_sharing_enabled":true,"_links":{"self":[{"href":"https:\/\/www.iceagetv.com\/radiosite\/wp-json\/wp\/v2\/posts\/26812","targetHints":{"allow":["GET"]}}],"collection":[{"href":"https:\/\/www.iceagetv.com\/radiosite\/wp-json\/wp\/v2\/posts"}],"about":[{"href":"https:\/\/www.iceagetv.com\/radiosite\/wp-json\/wp\/v2\/types\/post"}],"author":[{"embeddable":true,"href":"https:\/\/www.iceagetv.com\/radiosite\/wp-json\/wp\/v2\/users\/2"}],"replies":[{"embeddable":true,"href":"https:\/\/www.iceagetv.com\/radiosite\/wp-json\/wp\/v2\/comments?post=26812"}],"version-history":[{"count":1,"href":"https:\/\/www.iceagetv.com\/radiosite\/wp-json\/wp\/v2\/posts\/26812\/revisions"}],"predecessor-version":[{"id":26814,"href":"https:\/\/www.iceagetv.com\/radiosite\/wp-json\/wp\/v2\/posts\/26812\/revisions\/26814"}],"wp:featuredmedia":[{"embeddable":true,"href":"https:\/\/www.iceagetv.com\/radiosite\/wp-json\/wp\/v2\/media\/26813"}],"wp:attachment":[{"href":"https:\/\/www.iceagetv.com\/radiosite\/wp-json\/wp\/v2\/media?parent=26812"}],"wp:term":[{"taxonomy":"category","embeddable":true,"href":"https:\/\/www.iceagetv.com\/radiosite\/wp-json\/wp\/v2\/categories?post=26812"},{"taxonomy":"post_tag","embeddable":true,"href":"https:\/\/www.iceagetv.com\/radiosite\/wp-json\/wp\/v2\/tags?post=26812"}],"curies":[{"name":"wp","href":"https:\/\/api.w.org\/{rel}","templated":true}]}}