{"id":26834,"date":"2024-01-15T13:34:35","date_gmt":"2024-01-15T13:34:35","guid":{"rendered":"https:\/\/www.iceagetv.com\/radiosite\/?p=26834"},"modified":"2024-01-15T13:34:35","modified_gmt":"2024-01-15T13:34:35","slug":"cyclone-tropical-belal-le-deluge-fait-une-victime-et-de-nombreux-degats-a-maurice","status":"publish","type":"post","link":"https:\/\/www.iceagetv.com\/radiosite\/cyclone-tropical-belal-le-deluge-fait-une-victime-et-de-nombreux-degats-a-maurice\/","title":{"rendered":"Cyclone tropical Belal : le d\u00e9luge fait une victime et de nombreux d\u00e9g\u00e2ts \u00e0 Maurice"},"content":{"rendered":"\n<p>Un v\u00e9ritable d\u00e9luge s\u2019est abattu sur l\u2019\u00eele s\u0153ur vers midi. Les fortes pluies sont devenues torrentielles. Un homme de 50 ans, domicili\u00e9 \u00e0 Pailles, circulant en deux-roues, est d\u00e9c\u00e9d\u00e9. Les nombreux accidents et les inondations ont contraint les autorit\u00e9s \u00e0 d\u00e9clencher l\u2019alerte 3. L\u2019a\u00e9roport est ferm\u00e9 depuis 16h30.<\/p>\n\n\n\n<p>L\u2019\u00eele Maurice pensait \u00eatre \u00e9pargn\u00e9e par le passage du cyclone tropical&nbsp;Belal, malheureusement le m\u00e9t\u00e9ore a durement frapp\u00e9 nos voisins.&nbsp;Un homme de 50 ans, r\u00e9sidant \u00e0 Pailles, dans le&nbsp;Nord-Ouest, a \u00e9t\u00e9 victime d\u2019une chute et a \u00e9t\u00e9 emport\u00e9 par les eaux sous le regard impuissant des t\u00e9moins.<\/p>\n\n\n\n<p>Le corps sans vie a \u00e9t\u00e9 retrouv\u00e9 par les secouristes.<\/p>\n\n\n\n<h2 class=\"wp-block-heading\">Des dizaines de v\u00e9hicules noy\u00e9es<\/h2>\n\n\n\n<p>Ces pluies torrentielles, inattendues, ont noy\u00e9 les chauss\u00e9es et transform\u00e9 les rues en pente en rivi\u00e8re.<\/p>\n\n\n\n<p>On ne compte plus le nombre de v\u00e9hicules emport\u00e9s par le courant qui se sont entass\u00e9s, les uns sur les autres en contrebas des parkings o\u00f9 les propri\u00e9taires les avaient laiss\u00e9, ce lundi matin avant de prendre le travail, comme le d\u00e9montrent ces vid\u00e9os et ces images partag\u00e9es sur Facebook.<\/p>\n\n\n\n<h2 class=\"wp-block-heading\">Alerte 3 et fermeture de l\u2019a\u00e9roport<\/h2>\n\n\n\n<p>Belal&nbsp;devait passer loin, la trajectoire initiale n\u2019inqui\u00e9tait pas l\u2019\u00eele s\u0153ur.&nbsp;Finalement, une l\u00e9g\u00e8re modification a eu raison des pr\u00e9visions m\u00e9t\u00e9orologiques.&nbsp;Alerte 1, alerte 2 et l\u2019alerte 3 ont \u00e9t\u00e9 d\u00e9clench\u00e9es en une matin\u00e9e.<\/p>\n\n\n\n<p>L\u2019a\u00e9roport qui devait rester ouvert a ferm\u00e9 ses portes \u00e0&nbsp;16h30.<\/p>\n\n\n\n<p>En d\u00e9but d\u2019apr\u00e8s-midi, les pr\u00e9visionnistes de l\u2019\u00eele s\u0153ur constataient :&nbsp;\u00ab\u00a0Le cyclone tropical&nbsp;Belal&nbsp;\u00e9tait situ\u00e9 \u00e0 170 kilom\u00e8tres \u00e0 l&rsquo;ouest du Morne tandis qu&rsquo;il se d\u00e9pla\u00e7ait dans une direction de l&rsquo;est-sud-est \u00e0 12 km\/h.&nbsp;Sur cette trajectoire,&nbsp;Belal&nbsp;se rapproche de Maurice et repr\u00e9sente une menace directe pour le pays.&nbsp;Il est pr\u00e9vu qu&rsquo;il passera \u00e0 son point le plus proche tr\u00e8s t\u00f4t demain matin.&nbsp;Le rayon des vents cycloniques devrait traverser la partie sud de l&rsquo;\u00eele\u00a0\u00bb, \u00e9crit&nbsp;<a href=\"https:\/\/lexpress.mu\/s\/maurice-passe-en-classe-3-530622\" target=\"_blank\" rel=\"noreferrer noopener\">L\u2019Express de Maurice<\/a>.<\/p>\n","protected":false},"excerpt":{"rendered":"<p>Un v\u00e9ritable d\u00e9luge s\u2019est abattu sur l\u2019\u00eele s\u0153ur vers midi. Les fortes pluies sont devenues torrentielles. Un homme de 50 ans, domicili\u00e9 \u00e0 Pailles, circulant en deux-roues, est d\u00e9c\u00e9d\u00e9. Les nombreux accidents et les inondations ont contraint les autorit\u00e9s \u00e0 d\u00e9clencher l\u2019alerte 3. L\u2019a\u00e9roport est ferm\u00e9 depuis 16h30. L\u2019\u00eele Maurice pensait \u00eatre \u00e9pargn\u00e9e par le [&hellip;]<\/p>\n","protected":false},"author":2,"featured_media":26835,"comment_status":"open","ping_status":"open","sticky":false,"template":"","format":"standard","meta":{"_jetpack_memberships_contains_paid_content":false,"footnotes":"","jetpack_publicize_message":"","jetpack_publicize_feature_enabled":true,"jetpack_social_post_already_shared":true,"jetpack_social_options":{"image_generator_settings":{"template":"highway","default_image_id":0,"font":"","enabled":false},"version":2},"_wpas_customize_per_network":false},"categories":[405],"tags":[],"class_list":["post-26834","post","type-post","status-publish","format-standard","has-post-thumbnail","hentry","category-actu-france-monde"],"jetpack_publicize_connections":[],"jetpack_featured_media_url":"https:\/\/i0.wp.com\/www.iceagetv.com\/radiosite\/wp-content\/uploads\/2024\/01\/Cyclone-tropical-Belal.jpg?fit=756%2C494&ssl=1","jetpack_sharing_enabled":true,"_links":{"self":[{"href":"https:\/\/www.iceagetv.com\/radiosite\/wp-json\/wp\/v2\/posts\/26834","targetHints":{"allow":["GET"]}}],"collection":[{"href":"https:\/\/www.iceagetv.com\/radiosite\/wp-json\/wp\/v2\/posts"}],"about":[{"href":"https:\/\/www.iceagetv.com\/radiosite\/wp-json\/wp\/v2\/types\/post"}],"author":[{"embeddable":true,"href":"https:\/\/www.iceagetv.com\/radiosite\/wp-json\/wp\/v2\/users\/2"}],"replies":[{"embeddable":true,"href":"https:\/\/www.iceagetv.com\/radiosite\/wp-json\/wp\/v2\/comments?post=26834"}],"version-history":[{"count":1,"href":"https:\/\/www.iceagetv.com\/radiosite\/wp-json\/wp\/v2\/posts\/26834\/revisions"}],"predecessor-version":[{"id":26836,"href":"https:\/\/www.iceagetv.com\/radiosite\/wp-json\/wp\/v2\/posts\/26834\/revisions\/26836"}],"wp:featuredmedia":[{"embeddable":true,"href":"https:\/\/www.iceagetv.com\/radiosite\/wp-json\/wp\/v2\/media\/26835"}],"wp:attachment":[{"href":"https:\/\/www.iceagetv.com\/radiosite\/wp-json\/wp\/v2\/media?parent=26834"}],"wp:term":[{"taxonomy":"category","embeddable":true,"href":"https:\/\/www.iceagetv.com\/radiosite\/wp-json\/wp\/v2\/categories?post=26834"},{"taxonomy":"post_tag","embeddable":true,"href":"https:\/\/www.iceagetv.com\/radiosite\/wp-json\/wp\/v2\/tags?post=26834"}],"curies":[{"name":"wp","href":"https:\/\/api.w.org\/{rel}","templated":true}]}}