{"id":26843,"date":"2024-01-15T16:44:45","date_gmt":"2024-01-15T16:44:45","guid":{"rendered":"https:\/\/www.iceagetv.com\/radiosite\/?p=26843"},"modified":"2024-01-15T16:44:45","modified_gmt":"2024-01-15T16:44:45","slug":"tensions-en-mer-rouge-vers-un-impact-sur-les-prix-de-lenergie-dans-les-semaines-a-venir","status":"publish","type":"post","link":"https:\/\/www.iceagetv.com\/radiosite\/tensions-en-mer-rouge-vers-un-impact-sur-les-prix-de-lenergie-dans-les-semaines-a-venir\/","title":{"rendered":"TENSIONS EN MER ROUGE: VERS UN IMPACT SUR LES PRIX DE L&rsquo;\u00c9NERGIE \u00ab\u00a0DANS LES SEMAINES \u00c0 VENIR\u00a0\u00bb?"},"content":{"rendered":"\n<p>Le commissaire europ\u00e9en de l&rsquo;Economie Paolo Gentiloni s&rsquo;inqui\u00e8te des cons\u00e9quences \u00e9conomiques des tensions en Mer rouge.<\/p>\n\n\n\n<p>L&rsquo;Union europ\u00e9enne s&rsquo;inqui\u00e8te des risques pour l&rsquo;\u00e9conomie des tensions en mer Rouge, en particulier de leur \u00e9ventuel impact sur les prix de l&rsquo;\u00e9nergie, a d\u00e9clar\u00e9 lundi le commissaire europ\u00e9en \u00e0 l&rsquo;Economie, Paolo Gentiloni. \u00ab\u00a0Nous savons que nous commen\u00e7ons cette ann\u00e9e avec une croissance mod\u00e9r\u00e9e, quelques bonnes nouvelles au sujet du march\u00e9 du travail, mais aussi des pr\u00e9occupations croissantes concernant les risques li\u00e9s aux tensions g\u00e9opolitiques\u00a0\u00bb, a-t-il d\u00e9clar\u00e9 avant une r\u00e9union des ministres des Finances de l&rsquo;UE lundi et mardi \u00e0 Bruxelles.<\/p>\n\n\n\n<blockquote class=\"wp-block-quote is-layout-flow wp-block-quote-is-layout-flow\">\n<p>\u00ab\u00a0<a href=\"https:\/\/www.bfmtv.com\/international\/attaques-des-houthis-en-mer-rouge-des-consequences-economiques-deja-visibles_VN-202401140089.html\">Ce qui se passe en mer Rouge<\/a>&nbsp;semble, pour l&rsquo;instant, ne pas avoir de cons\u00e9quences sur les prix de l&rsquo;\u00e9nergie et l&rsquo;inflation. Mais nous pensons qu&rsquo;il faut surveiller cela de tr\u00e8s pr\u00e8s car ces cons\u00e9quences pourraient se mat\u00e9rialiser dans les semaines \u00e0 venir\u00a0\u00bb, a-t-il pr\u00e9venu alors que les Vingt-Sept devaient discuter des perspectives \u00e9conomiques pour 2024.<\/p>\n<\/blockquote>\n\n\n\n<h2 class=\"wp-block-heading\">La premi\u00e8re \u00e9conomie europ\u00e9enne en r\u00e9cession en 2024<\/h2>\n\n\n\n<p><a href=\"https:\/\/www.bfmtv.com\/economie\/economie-social\/union-europeenne\/allemagne-le-pib-a-recule-de-0-3-en-2023_AD-202401150376.html\">Le produit int\u00e9rieur brut (PIB) de l&rsquo;Allemagne a recul\u00e9 de 0,3% en 2023<\/a>, apr\u00e8s une croissance de 1,8% en 2022, a annonc\u00e9 lundi l&rsquo;office allemand des statistiques Destatis. Certains experts voient la premi\u00e8re \u00e9conomie europ\u00e9enne rester en r\u00e9cession cette ann\u00e9e, en raison des taux d&rsquo;int\u00e9r\u00eat \u00e9lev\u00e9s, du ralentissement de la demande mondiale et du co\u00fbt de l&rsquo;\u00e9nergie.<\/p>\n","protected":false},"excerpt":{"rendered":"<p>Le commissaire europ\u00e9en de l&rsquo;Economie Paolo Gentiloni s&rsquo;inqui\u00e8te des cons\u00e9quences \u00e9conomiques des tensions en Mer rouge. L&rsquo;Union europ\u00e9enne s&rsquo;inqui\u00e8te des risques pour l&rsquo;\u00e9conomie des tensions en mer Rouge, en particulier de leur \u00e9ventuel impact sur les prix de l&rsquo;\u00e9nergie, a d\u00e9clar\u00e9 lundi le commissaire europ\u00e9en \u00e0 l&rsquo;Economie, Paolo Gentiloni. \u00ab\u00a0Nous savons que nous commen\u00e7ons cette [&hellip;]<\/p>\n","protected":false},"author":2,"featured_media":26844,"comment_status":"open","ping_status":"open","sticky":false,"template":"","format":"standard","meta":{"_jetpack_memberships_contains_paid_content":false,"footnotes":"","jetpack_publicize_message":"","jetpack_publicize_feature_enabled":true,"jetpack_social_post_already_shared":true,"jetpack_social_options":{"image_generator_settings":{"template":"highway","default_image_id":0,"font":"","enabled":false},"version":2},"_wpas_customize_per_network":false},"categories":[405],"tags":[],"class_list":["post-26843","post","type-post","status-publish","format-standard","has-post-thumbnail","hentry","category-actu-france-monde"],"jetpack_publicize_connections":[],"jetpack_featured_media_url":"https:\/\/i0.wp.com\/www.iceagetv.com\/radiosite\/wp-content\/uploads\/2024\/01\/TENSIONS-EN-MER-ROUGE-VERS-UN-IMPACT-SUR-LES-PRIX-DE-LENERGIE-DANS-LES-SEMAINES-A-VENIR.jpg?fit=548%2C269&ssl=1","jetpack_sharing_enabled":true,"_links":{"self":[{"href":"https:\/\/www.iceagetv.com\/radiosite\/wp-json\/wp\/v2\/posts\/26843","targetHints":{"allow":["GET"]}}],"collection":[{"href":"https:\/\/www.iceagetv.com\/radiosite\/wp-json\/wp\/v2\/posts"}],"about":[{"href":"https:\/\/www.iceagetv.com\/radiosite\/wp-json\/wp\/v2\/types\/post"}],"author":[{"embeddable":true,"href":"https:\/\/www.iceagetv.com\/radiosite\/wp-json\/wp\/v2\/users\/2"}],"replies":[{"embeddable":true,"href":"https:\/\/www.iceagetv.com\/radiosite\/wp-json\/wp\/v2\/comments?post=26843"}],"version-history":[{"count":1,"href":"https:\/\/www.iceagetv.com\/radiosite\/wp-json\/wp\/v2\/posts\/26843\/revisions"}],"predecessor-version":[{"id":26845,"href":"https:\/\/www.iceagetv.com\/radiosite\/wp-json\/wp\/v2\/posts\/26843\/revisions\/26845"}],"wp:featuredmedia":[{"embeddable":true,"href":"https:\/\/www.iceagetv.com\/radiosite\/wp-json\/wp\/v2\/media\/26844"}],"wp:attachment":[{"href":"https:\/\/www.iceagetv.com\/radiosite\/wp-json\/wp\/v2\/media?parent=26843"}],"wp:term":[{"taxonomy":"category","embeddable":true,"href":"https:\/\/www.iceagetv.com\/radiosite\/wp-json\/wp\/v2\/categories?post=26843"},{"taxonomy":"post_tag","embeddable":true,"href":"https:\/\/www.iceagetv.com\/radiosite\/wp-json\/wp\/v2\/tags?post=26843"}],"curies":[{"name":"wp","href":"https:\/\/api.w.org\/{rel}","templated":true}]}}