{"id":26875,"date":"2024-01-18T19:29:34","date_gmt":"2024-01-18T19:29:34","guid":{"rendered":"https:\/\/www.iceagetv.com\/radiosite\/?p=26875"},"modified":"2024-01-18T19:29:34","modified_gmt":"2024-01-18T19:29:34","slug":"ecole-stanislas-visee-par-une-enquete-administrative-oudea-castera-a-demande-a-se-deporter-du-dossier","status":"publish","type":"post","link":"https:\/\/www.iceagetv.com\/radiosite\/ecole-stanislas-visee-par-une-enquete-administrative-oudea-castera-a-demande-a-se-deporter-du-dossier\/","title":{"rendered":"\u00c9COLE STANISLAS VIS\u00c9E PAR UNE ENQU\u00caTE ADMINISTRATIVE: OUD\u00c9A-CAST\u00c9RA A DEMAND\u00c9 \u00c0 SE D\u00c9PORTER DU DOSSIER"},"content":{"rendered":"\n<p>Les services du Premier ministre pourraient d\u00e9sormais g\u00e9rer le dossier du lyc\u00e9e priv\u00e9e, o\u00f9 sont scolaris\u00e9s les enfants de la ministre de l&rsquo;\u00c9ducation nationale.<\/p>\n\n\n\n<p>La ministre de l&rsquo;\u00c9ducation nationale&nbsp;<a href=\"https:\/\/www.bfmtv.com\/politique\/gouvernement\/polemique-amelie-oudea-castera-53-des-francais-estiment-que-la-ministre-ne-peut-pas-rester-a-son-poste_AV-202401170844.html\">Am\u00e9lie Oud\u00e9a-Cast\u00e9ra<\/a>&nbsp;a demand\u00e9 \u00e0 pouvoir se d\u00e9porter du dossier concernant l&rsquo;\u00e9tablissement priv\u00e9 Stanislas \u00e0 Paris o\u00f9 sont scolaris\u00e9s ses enfants, a appris BFMTV.<\/p>\n\n\n\n<p>Par ce d\u00e9port effectif et sans d\u00e9lai, Am\u00e9lie Oud\u00e9a-Cast\u00e9ra r\u00e9pond favorablement \u00e0 la recommandation du pr\u00e9sident de la Haute Autorit\u00e9 pour la transparence de la vie publique, Didier Migaud, avec qui elle a \u00e9chang\u00e9.Les services du Premier ministre pourraient d\u00e9sormais g\u00e9rer le dossier de l&rsquo;\u00e9tablissement scolaire priv\u00e9, vis\u00e9 par une enqu\u00eate administrative ouverte en 2022 pour des accusations de sexisme et d&rsquo;homophobie r\u00e9v\u00e9l\u00e9es dans<a href=\"https:\/\/www.bfmtv.com\/societe\/education\/qu-est-ce-que-le-college-lycee-prive-stanislas-ou-amelie-oudea-castera-scolarise-ses-enfants_AV-202401130341.html\">\u00a0des enqu\u00eates de diff\u00e9rents m\u00e9dias<\/a>.<\/p>\n\n\n\n<p><a href=\"https:\/\/www.mediapart.fr\/journal\/france\/160124\/affaire-oudea-castera-mediapart-publie-le-rapport-sur-stanislas-cache-par-les-ministres\" target=\"_blank\" rel=\"noreferrer noopener\">Mediapart<\/a>&nbsp;a publi\u00e9 en int\u00e9gralit\u00e9 un rapport d&rsquo;inspection de l&rsquo;\u00e9tablissement, pointant des \u00ab\u00a0d\u00e9rives\u00a0\u00bb. Selon celui-ci, l&rsquo;\u00e9tablissement oblige tous ses \u00e9l\u00e8ves \u00e0 suivre une heure d&rsquo;enseignement catholique par semaine, ce qui est contraire \u00e0 la loi.<\/p>\n\n\n\n<p>Il y est \u00e9galement indiqu\u00e9 que des \u00e9l\u00e8ves apprennent dans certains cours que \u00ab\u00a0l&rsquo;avortement signifie toujours tuer volontairement une personne humaine innocente\u00a0\u00bb tandis qu\u00a0\u00bbun intervenant a affirm\u00e9 que \u00ab\u00a0l&rsquo;homosexualit\u00e9 qui est p\u00each\u00e9e, qui est une maladie rare qui vient du fait que maman a tromp\u00e9 papa\u00a0\u00bb.<\/p>\n","protected":false},"excerpt":{"rendered":"<p>Les services du Premier ministre pourraient d\u00e9sormais g\u00e9rer le dossier du lyc\u00e9e priv\u00e9e, o\u00f9 sont scolaris\u00e9s les enfants de la ministre de l&rsquo;\u00c9ducation nationale. La ministre de l&rsquo;\u00c9ducation nationale&nbsp;Am\u00e9lie Oud\u00e9a-Cast\u00e9ra&nbsp;a demand\u00e9 \u00e0 pouvoir se d\u00e9porter du dossier concernant l&rsquo;\u00e9tablissement priv\u00e9 Stanislas \u00e0 Paris o\u00f9 sont scolaris\u00e9s ses enfants, a appris BFMTV. Par ce d\u00e9port effectif [&hellip;]<\/p>\n","protected":false},"author":2,"featured_media":26876,"comment_status":"open","ping_status":"open","sticky":false,"template":"","format":"standard","meta":{"_jetpack_memberships_contains_paid_content":false,"footnotes":"","jetpack_publicize_message":"","jetpack_publicize_feature_enabled":true,"jetpack_social_post_already_shared":true,"jetpack_social_options":{"image_generator_settings":{"template":"highway","default_image_id":0,"font":"","enabled":false},"version":2},"_wpas_customize_per_network":false},"categories":[405],"tags":[],"class_list":["post-26875","post","type-post","status-publish","format-standard","has-post-thumbnail","hentry","category-actu-france-monde"],"jetpack_publicize_connections":[],"jetpack_featured_media_url":"https:\/\/i0.wp.com\/www.iceagetv.com\/radiosite\/wp-content\/uploads\/2024\/01\/ECOLE-STANISLAS-VISEE-PAR-UNE-ENQUETE-ADMINISTRATIVE.jpg?fit=263%2C150&ssl=1","jetpack_sharing_enabled":true,"_links":{"self":[{"href":"https:\/\/www.iceagetv.com\/radiosite\/wp-json\/wp\/v2\/posts\/26875","targetHints":{"allow":["GET"]}}],"collection":[{"href":"https:\/\/www.iceagetv.com\/radiosite\/wp-json\/wp\/v2\/posts"}],"about":[{"href":"https:\/\/www.iceagetv.com\/radiosite\/wp-json\/wp\/v2\/types\/post"}],"author":[{"embeddable":true,"href":"https:\/\/www.iceagetv.com\/radiosite\/wp-json\/wp\/v2\/users\/2"}],"replies":[{"embeddable":true,"href":"https:\/\/www.iceagetv.com\/radiosite\/wp-json\/wp\/v2\/comments?post=26875"}],"version-history":[{"count":1,"href":"https:\/\/www.iceagetv.com\/radiosite\/wp-json\/wp\/v2\/posts\/26875\/revisions"}],"predecessor-version":[{"id":26877,"href":"https:\/\/www.iceagetv.com\/radiosite\/wp-json\/wp\/v2\/posts\/26875\/revisions\/26877"}],"wp:featuredmedia":[{"embeddable":true,"href":"https:\/\/www.iceagetv.com\/radiosite\/wp-json\/wp\/v2\/media\/26876"}],"wp:attachment":[{"href":"https:\/\/www.iceagetv.com\/radiosite\/wp-json\/wp\/v2\/media?parent=26875"}],"wp:term":[{"taxonomy":"category","embeddable":true,"href":"https:\/\/www.iceagetv.com\/radiosite\/wp-json\/wp\/v2\/categories?post=26875"},{"taxonomy":"post_tag","embeddable":true,"href":"https:\/\/www.iceagetv.com\/radiosite\/wp-json\/wp\/v2\/tags?post=26875"}],"curies":[{"name":"wp","href":"https:\/\/api.w.org\/{rel}","templated":true}]}}