{"id":26887,"date":"2024-01-19T07:56:54","date_gmt":"2024-01-19T07:56:54","guid":{"rendered":"https:\/\/www.iceagetv.com\/radiosite\/?p=26887"},"modified":"2024-01-19T07:56:54","modified_gmt":"2024-01-19T07:56:54","slug":"meurtre-dune-joggeuse-ce-que-lon-sait-du-suspect-interpelle-15-ans-apres-les-faits","status":"publish","type":"post","link":"https:\/\/www.iceagetv.com\/radiosite\/meurtre-dune-joggeuse-ce-que-lon-sait-du-suspect-interpelle-15-ans-apres-les-faits\/","title":{"rendered":"Meurtre d\u2019une joggeuse\u00a0: ce que l\u2019on sait du suspect interpell\u00e9 15\u00a0ans apr\u00e8s les faits"},"content":{"rendered":"\n<p>Soup\u00e7onn\u00e9 du meurtre de Caroline Marcel en 2008, une joggeuse de 45\u00a0ans, au bord du Loiret, un trentenaire a \u00e9t\u00e9 interpell\u00e9 et plac\u00e9 en garde \u00e0 vue mardi 16\u00a0janvier 2024 \u00e0 Toulouse.Quinze ans apr\u00e8s les faits, l\u2019affaire prend un nouveau tournant.\u00a0Un homme \u00e2g\u00e9 de 34\u00a0ans, soup\u00e7onn\u00e9 du\u00a0<a href=\"https:\/\/www.ouest-france.fr\/faits-divers\/meurtres\/meurtre-dune-joggeuse-dans-le-loiret-un-suspect-interpelle-15-ans-apres-les-faits-c5f6ebce-b60a-11ee-be97-0ca6f5a426b0\" target=\"_blank\" rel=\"noreferrer noopener\">meurtre en 2008 d\u2019une joggeuse de 45\u00a0ans pr\u00e8s d\u2019Olivet<\/a>\u00a0(Loiret), a \u00e9t\u00e9 plac\u00e9 en garde \u00e0 vue mardi 19\u00a0janvier \u00e0 Toulouse, a appris l\u2019<em>AFP<\/em>\u00a0jeudi du parquet de Nanterre, confirmant une information de\u00a0<a href=\"https:\/\/www.bfmtv.com\/police-justice\/toulouse-un-suspect-dans-l-affaire-du-meurtre-d-une-joggeuse-interpelle-15-ans-apres-les-faits_AN-202401180488.html\" target=\"_blank\" rel=\"noreferrer noopener\"><em>BFMTV<\/em>\u00a0<\/a>et de\u00a0<a href=\"https:\/\/www.ladepeche.fr\/2024\/01\/18\/meurtre-de-caroline-marcel-un-homme-interpelle-et-place-en-garde-a-vue-a-toulouse-15-ans-apres-la-mort-de-la-joggeuse-11704133.php\" target=\"_blank\" rel=\"noreferrer noopener\"><em>La D\u00e9p\u00eache du Midi<\/em>\u00a0<\/a>.L\u2019homme, qui devrait \u00eatre pr\u00e9sent\u00e9 \u00e0 la juge d\u2019instruction Nathalie Turquey samedi, a \u00e9t\u00e9 plac\u00e9 jeudi en d\u00e9tention par un juge des libert\u00e9s et de la d\u00e9tention de Toulouse en vue de son transfert \u00e0\u00a0<a href=\"https:\/\/www.ouest-france.fr\/societe\/justice\/le-pole-cold-cases-manque-de-moyens-estime-la-juge-dinstruction-sabine-kheris-49a3f282-ca5c-11ed-a96e-000ee1405726\" target=\"_blank\" rel=\"noreferrer noopener\">Nanterre (Hauts-de-Seine)<\/a>, a pr\u00e9cis\u00e9 le parquet.<\/p>\n\n\n\n<h2 class=\"wp-block-heading\" id=\"section-5-pere-dune-petite-fille-sans-profession\">P\u00e8re d\u2019une petite fille, sans profession<\/h2>\n\n\n\n<p>Paysagiste dans la r\u00e9gion d\u2019Orl\u00e9ans (Loiret) au moment des faits, d\u2019apr\u00e8s&nbsp;<em><a href=\"https:\/\/www.leparisien.fr\/faits-divers\/le-meurtrier-de-caroline-marcel-retrouve-ce-que-lon-sait-plus-de-15-ans-apres-la-decouverte-du-corps-de-la-joggeuse-18-01-2024-3DVHLNMPZBBAVORUZ45KHW6FBY.php\" rel=\"noreferrer noopener\" target=\"_blank\">Le Parisien<\/a>&nbsp;<\/em>, le principal suspect avait \u00e9t\u00e9 interpell\u00e9 mardi dans l\u2019Ari\u00e8ge, selon&nbsp;<em>BFMTV<\/em>, dans des circonstances qui n\u2019ont pas \u00e9t\u00e9 d\u00e9voil\u00e9es.<\/p>\n\n\n\n<p>Selon le m\u00e9dia, ce p\u00e8re d\u2019une petite fille de 2\u00a0ans, sans profession aujourd\u2019hui, \u00e9tait connu de la police et de la justice.\u00a0En 2005, alors mineur, il avait \u00e9t\u00e9 impliqu\u00e9 dans une affaire de viol, des faits finalement requalifi\u00e9s en agression sexuelle.<\/p>\n\n\n\n<h2 class=\"wp-block-heading\" id=\"section-8-il-nie-toute-implication\">Il nie toute implication<\/h2>\n\n\n\n<p>Son ADN aurait \u00e9t\u00e9 retrouv\u00e9 sur les lieux du crime, et aurait permis de le retrouver plus d\u2019une d\u00e9cennie apr\u00e8s les faits, apr\u00e8s le r\u00e9examen des scell\u00e9s demand\u00e9 par la juge d\u2019instruction. Le suspect nie, pour le moment, toute implication.<\/p>\n\n\n\n<p>En 2022, cette affaire avait fait l\u2019objet d\u2019un appel \u00e0 t\u00e9moin dans l\u2019\u00e9mission \u00ab&nbsp;Appel \u00e0 t\u00e9moins&nbsp;\u00bb de&nbsp;<em>M6<\/em>. Le dossier avait \u00e9t\u00e9 transmis cette ann\u00e9e au p\u00f4le des crimes s\u00e9riels ou non \u00e9lucid\u00e9s de Nanterre, a indiqu\u00e9 le parquet. Le juge d\u2019instruction d\u2019Orl\u00e9ans en avait \u00e9t\u00e9 dessaisi en juin et la juge d\u2019instruction Nathalie Turquey avait \u00e9t\u00e9 d\u00e9sign\u00e9e en ao\u00fbt.<\/p>\n","protected":false},"excerpt":{"rendered":"<p>Soup\u00e7onn\u00e9 du meurtre de Caroline Marcel en 2008, une joggeuse de 45\u00a0ans, au bord du Loiret, un trentenaire a \u00e9t\u00e9 interpell\u00e9 et plac\u00e9 en garde \u00e0 vue mardi 16\u00a0janvier 2024 \u00e0 Toulouse.Quinze ans apr\u00e8s les faits, l\u2019affaire prend un nouveau tournant.\u00a0Un homme \u00e2g\u00e9 de 34\u00a0ans, soup\u00e7onn\u00e9 du\u00a0meurtre en 2008 d\u2019une joggeuse de 45\u00a0ans pr\u00e8s d\u2019Olivet\u00a0(Loiret), [&hellip;]<\/p>\n","protected":false},"author":2,"featured_media":26888,"comment_status":"open","ping_status":"open","sticky":false,"template":"","format":"standard","meta":{"_jetpack_memberships_contains_paid_content":false,"footnotes":"","jetpack_publicize_message":"","jetpack_publicize_feature_enabled":true,"jetpack_social_post_already_shared":true,"jetpack_social_options":{"image_generator_settings":{"template":"highway","default_image_id":0,"font":"","enabled":false},"version":2},"_wpas_customize_per_network":false},"categories":[405],"tags":[],"class_list":["post-26887","post","type-post","status-publish","format-standard","has-post-thumbnail","hentry","category-actu-france-monde"],"jetpack_publicize_connections":[],"jetpack_featured_media_url":"https:\/\/i0.wp.com\/www.iceagetv.com\/radiosite\/wp-content\/uploads\/2024\/01\/Screenshot_20240119_085549.jpg?fit=944%2C505&ssl=1","jetpack_sharing_enabled":true,"_links":{"self":[{"href":"https:\/\/www.iceagetv.com\/radiosite\/wp-json\/wp\/v2\/posts\/26887","targetHints":{"allow":["GET"]}}],"collection":[{"href":"https:\/\/www.iceagetv.com\/radiosite\/wp-json\/wp\/v2\/posts"}],"about":[{"href":"https:\/\/www.iceagetv.com\/radiosite\/wp-json\/wp\/v2\/types\/post"}],"author":[{"embeddable":true,"href":"https:\/\/www.iceagetv.com\/radiosite\/wp-json\/wp\/v2\/users\/2"}],"replies":[{"embeddable":true,"href":"https:\/\/www.iceagetv.com\/radiosite\/wp-json\/wp\/v2\/comments?post=26887"}],"version-history":[{"count":1,"href":"https:\/\/www.iceagetv.com\/radiosite\/wp-json\/wp\/v2\/posts\/26887\/revisions"}],"predecessor-version":[{"id":26889,"href":"https:\/\/www.iceagetv.com\/radiosite\/wp-json\/wp\/v2\/posts\/26887\/revisions\/26889"}],"wp:featuredmedia":[{"embeddable":true,"href":"https:\/\/www.iceagetv.com\/radiosite\/wp-json\/wp\/v2\/media\/26888"}],"wp:attachment":[{"href":"https:\/\/www.iceagetv.com\/radiosite\/wp-json\/wp\/v2\/media?parent=26887"}],"wp:term":[{"taxonomy":"category","embeddable":true,"href":"https:\/\/www.iceagetv.com\/radiosite\/wp-json\/wp\/v2\/categories?post=26887"},{"taxonomy":"post_tag","embeddable":true,"href":"https:\/\/www.iceagetv.com\/radiosite\/wp-json\/wp\/v2\/tags?post=26887"}],"curies":[{"name":"wp","href":"https:\/\/api.w.org\/{rel}","templated":true}]}}