{"id":26893,"date":"2024-01-19T14:47:39","date_gmt":"2024-01-19T14:47:39","guid":{"rendered":"https:\/\/www.iceagetv.com\/radiosite\/?p=26893"},"modified":"2024-01-19T14:47:39","modified_gmt":"2024-01-19T14:47:39","slug":"en-colere-les-bouquinistes-de-paris-vont-contester-en-justice-le-demontage-annonce-de-centaines-de-leurs-boites-le-long-de-la-seine-en-vue-de-la-ceremonie-douverture-des-jeux-olympiques-le-26-juill","status":"publish","type":"post","link":"https:\/\/www.iceagetv.com\/radiosite\/en-colere-les-bouquinistes-de-paris-vont-contester-en-justice-le-demontage-annonce-de-centaines-de-leurs-boites-le-long-de-la-seine-en-vue-de-la-ceremonie-douverture-des-jeux-olympiques-le-26-juill\/","title":{"rendered":"En col\u00e8re, les bouquinistes de Paris vont contester en justice le d\u00e9montage annonc\u00e9 de centaines de leurs bo\u00eetes le long de la Seine en vue de la c\u00e9r\u00e9monie d&rsquo;ouverture des Jeux olympiques le 26 juillet"},"content":{"rendered":"\n<p>Les bouquinistes de Paris vont contester en justice le d\u00e9montage annonc\u00e9 de centaines de leurs bo\u00eetes le long de la Seine en vue de la c\u00e9r\u00e9monie d&rsquo;ouverture des Jeux olympiques le 26 juillet, ont-ils annonc\u00e9 \u00e0 l&rsquo;AFP.<\/p>\n\n\n\n<p>Lors de l&rsquo;assembl\u00e9e g\u00e9n\u00e9rale de l&rsquo;Association culturelle des bouquinistes de Paris, pr\u00e8s de 130 d&rsquo;entre eux (sur environ 180 adh\u00e9rents) ont d\u00e9cid\u00e9 d&rsquo;intenter une \u00abaction en justice au tribunal administratif\u00bb pour contester cette op\u00e9ration, a indiqu\u00e9 le pr\u00e9sident, J\u00e9r\u00f4me Callais. \u00abLe fait que cette action ait \u00e9t\u00e9 vot\u00e9e \u00e0 l&rsquo;unanimit\u00e9 par les adh\u00e9rents (&#8230;) est \u00e0 la hauteur des enjeux et cons\u00e9quences dramatiques qu&rsquo;aurait un tel retrait\u00bb, a comment\u00e9 leur avocat, Matthieu Chirez.<\/p>\n\n\n\n<p>Lundi, la pr\u00e9fecture de police, qui justifie ce retrait de \u00abquelques jours\u00bb par des imp\u00e9ratifs de s\u00e9curit\u00e9, avait fait un pas vers les bouquinistes en acceptant \u00abde sacrifier certaines zones qui ne seront donc pas ouvertes au public (&#8230;) ce qui permet de sauvegarder plus de 170 bo\u00eetes\u00bb. Le nombre de bo\u00eetes d\u00e9mont\u00e9es n&rsquo;atteindrait ainsi plus que 428 au lieu de 604, \u00absoit moins de la moiti\u00e9 (47%)\u00bb des 932 arrim\u00e9es aux quais de la Seine, avait pr\u00e9cis\u00e9 la pr\u00e9fecture. Malgr\u00e9 cette proposition, qui \u00e9quivaut pour lui \u00e0 un \u00abcompromis \u00e0 l&rsquo;amiable\u00bb, J\u00e9r\u00f4me Callais a estim\u00e9 que les bouquinistes n&rsquo;avaient \u00abrien \u00e0 perdre\u00bb en allant devant le juge.<\/p>\n\n\n\n<p>Les bouquinistes vont demander le \u00abnon-enl\u00e8vement\u00bb des bo\u00eetes ou, \u00aben dernier recours\u00bb, une indemnisation et un \u00abtraitement digne et respectueux\u00bb de leurs petites librairies \u00e0 ciel ouvert, inscrites au patrimoine culturel immat\u00e9riel fran\u00e7ais, premi\u00e8re \u00e9tape vers une \u00e9ventuelle reconnaissance au patrimoine mondial de l&rsquo;Unesco. La mairie de Paris, qui a soutenu cette d\u00e9marche, suscite d\u00e9sormais la m\u00e9fiance des bouquinistes car c&rsquo;est elle qui sera charg\u00e9e de la d\u00e9pose et de la repose des bo\u00eetes. Les bouquinistes redoutent, selon J\u00e9r\u00f4me Callais, que cette op\u00e9ration provoque des \u00abd\u00e9g\u00e2ts consid\u00e9rables\u00bb. \u00abLe bouquiniste qui aura perdu ses bo\u00eetes explos\u00e9es se retrouvera sans revenu et sans indemnisation\u00bb, a-t-il ainsi insist\u00e9.<\/p>\n","protected":false},"excerpt":{"rendered":"<p>Les bouquinistes de Paris vont contester en justice le d\u00e9montage annonc\u00e9 de centaines de leurs bo\u00eetes le long de la Seine en vue de la c\u00e9r\u00e9monie d&rsquo;ouverture des Jeux olympiques le 26 juillet, ont-ils annonc\u00e9 \u00e0 l&rsquo;AFP. Lors de l&rsquo;assembl\u00e9e g\u00e9n\u00e9rale de l&rsquo;Association culturelle des bouquinistes de Paris, pr\u00e8s de 130 d&rsquo;entre eux (sur environ [&hellip;]<\/p>\n","protected":false},"author":2,"featured_media":26894,"comment_status":"open","ping_status":"open","sticky":false,"template":"","format":"standard","meta":{"_jetpack_memberships_contains_paid_content":false,"footnotes":"","jetpack_publicize_message":"","jetpack_publicize_feature_enabled":true,"jetpack_social_post_already_shared":true,"jetpack_social_options":{"image_generator_settings":{"template":"highway","default_image_id":0,"font":"","enabled":false},"version":2},"_wpas_customize_per_network":false},"categories":[405],"tags":[],"class_list":["post-26893","post","type-post","status-publish","format-standard","has-post-thumbnail","hentry","category-actu-france-monde"],"jetpack_publicize_connections":[],"jetpack_featured_media_url":"https:\/\/i0.wp.com\/www.iceagetv.com\/radiosite\/wp-content\/uploads\/2024\/01\/En-colere-les-bouquinistes-de-Paris.jpg?fit=679%2C293&ssl=1","jetpack_sharing_enabled":true,"_links":{"self":[{"href":"https:\/\/www.iceagetv.com\/radiosite\/wp-json\/wp\/v2\/posts\/26893","targetHints":{"allow":["GET"]}}],"collection":[{"href":"https:\/\/www.iceagetv.com\/radiosite\/wp-json\/wp\/v2\/posts"}],"about":[{"href":"https:\/\/www.iceagetv.com\/radiosite\/wp-json\/wp\/v2\/types\/post"}],"author":[{"embeddable":true,"href":"https:\/\/www.iceagetv.com\/radiosite\/wp-json\/wp\/v2\/users\/2"}],"replies":[{"embeddable":true,"href":"https:\/\/www.iceagetv.com\/radiosite\/wp-json\/wp\/v2\/comments?post=26893"}],"version-history":[{"count":1,"href":"https:\/\/www.iceagetv.com\/radiosite\/wp-json\/wp\/v2\/posts\/26893\/revisions"}],"predecessor-version":[{"id":26895,"href":"https:\/\/www.iceagetv.com\/radiosite\/wp-json\/wp\/v2\/posts\/26893\/revisions\/26895"}],"wp:featuredmedia":[{"embeddable":true,"href":"https:\/\/www.iceagetv.com\/radiosite\/wp-json\/wp\/v2\/media\/26894"}],"wp:attachment":[{"href":"https:\/\/www.iceagetv.com\/radiosite\/wp-json\/wp\/v2\/media?parent=26893"}],"wp:term":[{"taxonomy":"category","embeddable":true,"href":"https:\/\/www.iceagetv.com\/radiosite\/wp-json\/wp\/v2\/categories?post=26893"},{"taxonomy":"post_tag","embeddable":true,"href":"https:\/\/www.iceagetv.com\/radiosite\/wp-json\/wp\/v2\/tags?post=26893"}],"curies":[{"name":"wp","href":"https:\/\/api.w.org\/{rel}","templated":true}]}}