{"id":26896,"date":"2024-01-20T08:41:18","date_gmt":"2024-01-20T08:41:18","guid":{"rendered":"https:\/\/www.iceagetv.com\/radiosite\/?p=26896"},"modified":"2024-01-20T08:41:18","modified_gmt":"2024-01-20T08:41:18","slug":"colere-des-agriculteurs-macron-demande-daller-a-la-rencontre-des-manifestants","status":"publish","type":"post","link":"https:\/\/www.iceagetv.com\/radiosite\/colere-des-agriculteurs-macron-demande-daller-a-la-rencontre-des-manifestants\/","title":{"rendered":"COL\u00c8RE DES AGRICULTEURS: MACRON DEMANDE D&rsquo;ALLER \u00c0 LA RENCONTRE DES MANIFESTANTS"},"content":{"rendered":"\n<p>Le ministre de l&rsquo;Agriculture, Marc Fesneau, doit ce samedi apr\u00e8s-midi se rendre dans le Cher, notamment dans une exploitation laiti\u00e8re, afin d&rsquo;\u00e9voquer la simplification administrative voulue par les agriculteurs.<\/p>\n\n\n\n<p>L&rsquo;ex\u00e9cutif souhaite une sortie de crise. Alors que&nbsp;<a href=\"https:\/\/www.bfmtv.com\/replay-emissions\/week-end-direct\/agriculteurs-en-colere-le-blocage-continue-19-01_VN-202401190997.html\">la grogne se fait de plus en plus forte chez les agriculteurs<\/a>, Emmanuel Macron, a demand\u00e9 au ministre de l&rsquo;Int\u00e9rieur de donner instruction aux pr\u00e9fets d\u2019aller d\u00e8s ce week-end \u00e0 la rencontre de ces derniers et de leurs organisations repr\u00e9sentatives, a appris BFMTV d&rsquo;une source \u00e9lys\u00e9enne vendredi.<\/p>\n\n\n\n<p>Le pr\u00e9sident de la R\u00e9publique souhaite que les pr\u00e9fets \u00e9changent directement sur les probl\u00e9matiques qu\u2019ils expriment, au plus pr\u00e8s du terrain, comme doit le faire le ministre de l&rsquo;Agriculture dans les heures \u00e0 venir.<\/p>\n\n\n\n<p>Ce samedi apr\u00e8s-midi,&nbsp;<a href=\"https:\/\/www.bfmtv.com\/politique\/greenpeace-deverse-2-tonnes-de-lisier-devant-le-ministere-de-l-agriculture-pour-denoncer-les-fermes-usines_AN-202311200446.html\">Marc Fesneau<\/a>&nbsp;sera en effet en d\u00e9placement dans le Cher. Dans un premier temps, il doit se rendre dans une exploitation laiti\u00e8re pour parler simplification administrative, un sujet important pour les agriculteurs. Il va \u00e9galement se rendre en pr\u00e9fecture pour une r\u00e9union avec tous les repr\u00e9sentants syndicaux, sur cette m\u00eame th\u00e9matique.<\/p>\n\n\n\n<h2 class=\"wp-block-heading\">Blocages<\/h2>\n\n\n\n<p>Depuis jeudi, la col\u00e8re des agriculteurs a pris une nouvelle forme. Apr\u00e8s des actions symboliques consistant \u00e0 retourner des panneaux de signalisation \u00e0 l&rsquo;entr\u00e9e de certaines communes rurales, ceux-ci ont proc\u00e9d\u00e9 \u00e0 plusieurs blocages, dont celui toujours en cours de l&rsquo;A64 par des agriculteurs occitans au niveau de Carbonne, entre Toulouse et Tarbes.<\/p>\n","protected":false},"excerpt":{"rendered":"<p>Le ministre de l&rsquo;Agriculture, Marc Fesneau, doit ce samedi apr\u00e8s-midi se rendre dans le Cher, notamment dans une exploitation laiti\u00e8re, afin d&rsquo;\u00e9voquer la simplification administrative voulue par les agriculteurs. L&rsquo;ex\u00e9cutif souhaite une sortie de crise. Alors que&nbsp;la grogne se fait de plus en plus forte chez les agriculteurs, Emmanuel Macron, a demand\u00e9 au ministre de [&hellip;]<\/p>\n","protected":false},"author":2,"featured_media":26897,"comment_status":"open","ping_status":"open","sticky":false,"template":"","format":"standard","meta":{"_jetpack_memberships_contains_paid_content":false,"footnotes":"","jetpack_publicize_message":"","jetpack_publicize_feature_enabled":true,"jetpack_social_post_already_shared":true,"jetpack_social_options":{"image_generator_settings":{"template":"highway","default_image_id":0,"font":"","enabled":false},"version":2},"_wpas_customize_per_network":false},"categories":[405],"tags":[],"class_list":["post-26896","post","type-post","status-publish","format-standard","has-post-thumbnail","hentry","category-actu-france-monde"],"jetpack_publicize_connections":[],"jetpack_featured_media_url":"https:\/\/i0.wp.com\/www.iceagetv.com\/radiosite\/wp-content\/uploads\/2024\/01\/Manifestation-d-agriculteurs-a-Toulouse-le-16-janvier-2024-1786633.jpg?fit=768%2C432&ssl=1","jetpack_sharing_enabled":true,"_links":{"self":[{"href":"https:\/\/www.iceagetv.com\/radiosite\/wp-json\/wp\/v2\/posts\/26896","targetHints":{"allow":["GET"]}}],"collection":[{"href":"https:\/\/www.iceagetv.com\/radiosite\/wp-json\/wp\/v2\/posts"}],"about":[{"href":"https:\/\/www.iceagetv.com\/radiosite\/wp-json\/wp\/v2\/types\/post"}],"author":[{"embeddable":true,"href":"https:\/\/www.iceagetv.com\/radiosite\/wp-json\/wp\/v2\/users\/2"}],"replies":[{"embeddable":true,"href":"https:\/\/www.iceagetv.com\/radiosite\/wp-json\/wp\/v2\/comments?post=26896"}],"version-history":[{"count":1,"href":"https:\/\/www.iceagetv.com\/radiosite\/wp-json\/wp\/v2\/posts\/26896\/revisions"}],"predecessor-version":[{"id":26898,"href":"https:\/\/www.iceagetv.com\/radiosite\/wp-json\/wp\/v2\/posts\/26896\/revisions\/26898"}],"wp:featuredmedia":[{"embeddable":true,"href":"https:\/\/www.iceagetv.com\/radiosite\/wp-json\/wp\/v2\/media\/26897"}],"wp:attachment":[{"href":"https:\/\/www.iceagetv.com\/radiosite\/wp-json\/wp\/v2\/media?parent=26896"}],"wp:term":[{"taxonomy":"category","embeddable":true,"href":"https:\/\/www.iceagetv.com\/radiosite\/wp-json\/wp\/v2\/categories?post=26896"},{"taxonomy":"post_tag","embeddable":true,"href":"https:\/\/www.iceagetv.com\/radiosite\/wp-json\/wp\/v2\/tags?post=26896"}],"curies":[{"name":"wp","href":"https:\/\/api.w.org\/{rel}","templated":true}]}}