{"id":26899,"date":"2024-01-20T12:19:04","date_gmt":"2024-01-20T12:19:04","guid":{"rendered":"https:\/\/www.iceagetv.com\/radiosite\/?p=26899"},"modified":"2024-01-20T12:19:04","modified_gmt":"2024-01-20T12:19:04","slug":"ski-alpin-cyprien-sarrazin-simpose-a-nouveau-dans-la-descente-de-kitzbuhel","status":"publish","type":"post","link":"https:\/\/www.iceagetv.com\/radiosite\/ski-alpin-cyprien-sarrazin-simpose-a-nouveau-dans-la-descente-de-kitzbuhel\/","title":{"rendered":"Ski alpin\u00a0: Cyprien Sarrazin s&rsquo;impose \u00e0 nouveau dans la descente de Kitzb\u00fchel"},"content":{"rendered":"\n<p>Moins de 24 heures apr\u00e8s son exploit \u00e0 Kitzb\u00fchel, o\u00f9 Cyprien Sarrazin s&rsquo;est impos\u00e9 dans cette mythique descente autrichienne, le skieur originaire des Hautes-Alpes m\u00e8ne dans le classement de la descente samedi devant le Suisse Marco Odermatt.O\u00f9 s&rsquo;arr\u00eatera-t-il\u00a0? Le Fran\u00e7ais Cyprien Sarrazin s&rsquo;est transform\u00e9 en fus\u00e9e sur la piste mythique \u00ab\u00a0Streif\u00a0\u00bb \u00e0 Kitzb\u00fchel, en Autriche. Lors de la manche de coupe du monde, le skieur des Hautes-Alpes, qui skie dans le D\u00e9voluy, a sign\u00e9 doubl\u00e9 ce samedi,\u00a0<a href=\"https:\/\/www.francebleu.fr\/sports\/hiver-ski-biathlon\/ski-alpin-cyprien-sarrazin-remporte-la-mythique-descente-de-kitzbuehel-9080456\" target=\"_blank\" rel=\"noreferrer noopener\">apr\u00e8s s&rsquo;\u00eatre impos\u00e9 la veille sur la m\u00eame descente<\/a>, devenant alors le premier tricolore \u00e0 succ\u00e9der \u00e0 Luc Alphand sur le m\u00eame trac\u00e9.<\/p>\n\n\n\n<h2 class=\"wp-block-heading\">Quasi une seconde devant Odermatt<\/h2>\n\n\n\n<p>Avec cette nouvelle premi\u00e8re place au classement, Cyprien Sarrazin, s&rsquo;inscrit dans une dynamique et consolide son statut naissant d&rsquo;intouchable dans le camp fran\u00e7ais.&nbsp;<strong>La course de ce samedi est d\u00e9j\u00e0 une course de l\u00e9gende<\/strong>&nbsp;tant il coiffe se skieur suisse Marco Odermatt, \u00e0 la deuxi\u00e8me place, avec un \u00e9cart remarquable, quelques 91 centi\u00e8mes.&nbsp;Ce dernier, actuel leader du classement g\u00e9n\u00e9ral de la Coupe du monde, avait pourtant d\u00e9j\u00e0 r\u00e9alis\u00e9 un passage extr\u00eamement rapide, un dossard avant Sarrazin.<\/p>\n\n\n\n<p>Vendredi, apr\u00e8s son exploit \u00e0 Kitzb\u00fchel, Cyprien Sarrazin avait assur\u00e9 qu&rsquo;il pouvait\u00a0<em>\u00ab\u00a0faire mieux demain\u00a0\u00bb<\/em>, motiv\u00e9 par la\u00a0<em>\u00ab\u00a0petite bataille\u00a0\u00bb<\/em>\u00a0avec Marco Odermatt pour le globe de la sp\u00e9cialit\u00e9.\u00a0<em>\u00ab\u00a0En un an<\/em>\u00a0(il avait chut\u00e9 \u00e0 Kitzb\u00fchel en 2023, ndlr),\u00a0<em>je suis pass\u00e9 par toutes les \u00e9motions, les plus dures et les plus incroyables de toute ma vie. C&rsquo;est pour \u00e7a que je suis tr\u00e8s fier de tout le boulot que j&rsquo;ai fait.\u00a0\u00bb<\/em><\/p>\n\n\n\n<h2 class=\"wp-block-heading\">Une dinguerie\u00a0\u00bb<\/h2>\n\n\n\n<p>En zone mixte samedi, Cyprien Sarrazin n&rsquo;en croyait pas ses yeux, avec le sourire et un peu d&rsquo;humour.&nbsp;<em>\u00ab\u00a0Au-del\u00e0 de la victoire, aujourd&rsquo;hui il y avait le run, je l&rsquo;ai sorti du fond du c\u0153ur&nbsp;celui-l\u00e0. Le run \u00e9tait incroyable, je me suis fait plaisir de haut en bas. Je sentais qu&rsquo;il y avait de la vitesse, je passe la ligne, je tourne vite la t\u00eate et l\u00e0, je vois qu&rsquo;il y a du vert. Explosion de joie. Dans le run, comme \u00e0 Bormio, je sentais que j&rsquo;avais fait une dinguerie. Je pense qu&rsquo;il<\/em>&nbsp;(Marco Odermatt, ndlr)&nbsp;<em>a fait quelques petites erreurs, je n&rsquo;ai pas vu mais on m&rsquo;a dit. J&rsquo;ai d\u00fb faire la diff&rsquo; un peu avant le plat.\u00a0\u00bb<\/em><\/p>\n\n\n\n<h2 class=\"wp-block-heading\">\u00ab\u00a0C&rsquo;en est presque d\u00e9concertant d&rsquo;imaginer Cyprien il y a deux ans\u00a0\u00bb<\/h2>\n\n\n\n<p>\u00c0 29 ans, Sarrazin n&rsquo;en finit plus d&rsquo;impressionner que ce soit ses concurrents, ses co\u00e9quipiers ou le staff de l&rsquo;\u00e9quipe de France.&nbsp;<em>\u00ab\u00a0On est un peu en apesanteur\u00a0\u00bb<\/em>, a admis Fabien Saguez, le pr\u00e9sident de la F\u00e9d\u00e9ration fran\u00e7aise de ski.&nbsp;<em>\u00ab\u00a0Les r\u00e9sultats qui s&rsquo;encha\u00eenent comme ceux l\u00e0 sur des pistes mythiques, Bormio, Wengen, Kitzb\u00fchel&#8230; C&rsquo;en est presque d\u00e9concertant d&rsquo;imaginer Cyprien il y a deux ans, quand il terminait un run sur deux dans les b\u00e2ches, qu&rsquo;il faisait des fautes.\u00a0\u00bb<\/em><\/p>\n\n\n\n<p>Au classement de la descente, Sarrazin suit les talons d&rsquo;Odermatt, \u00e0 26 points. Il s&rsquo;installe \u00e9galement \u00e0 la deuxi\u00e8me place du classement g\u00e9n\u00e9ral, mais avec 516 points de moins que le double d\u00e9tenteur du gros globe.<\/p>\n","protected":false},"excerpt":{"rendered":"<p>Moins de 24 heures apr\u00e8s son exploit \u00e0 Kitzb\u00fchel, o\u00f9 Cyprien Sarrazin s&rsquo;est impos\u00e9 dans cette mythique descente autrichienne, le skieur originaire des Hautes-Alpes m\u00e8ne dans le classement de la descente samedi devant le Suisse Marco Odermatt.O\u00f9 s&rsquo;arr\u00eatera-t-il\u00a0? Le Fran\u00e7ais Cyprien Sarrazin s&rsquo;est transform\u00e9 en fus\u00e9e sur la piste mythique \u00ab\u00a0Streif\u00a0\u00bb \u00e0 Kitzb\u00fchel, en Autriche. [&hellip;]<\/p>\n","protected":false},"author":2,"featured_media":26900,"comment_status":"open","ping_status":"open","sticky":false,"template":"","format":"standard","meta":{"_jetpack_memberships_contains_paid_content":false,"footnotes":"","jetpack_publicize_message":"","jetpack_publicize_feature_enabled":true,"jetpack_social_post_already_shared":true,"jetpack_social_options":{"image_generator_settings":{"template":"highway","default_image_id":0,"font":"","enabled":false},"version":2},"_wpas_customize_per_network":false},"categories":[18],"tags":[],"class_list":["post-26899","post","type-post","status-publish","format-standard","has-post-thumbnail","hentry","category-actu-sport"],"jetpack_publicize_connections":[],"jetpack_featured_media_url":"https:\/\/i0.wp.com\/www.iceagetv.com\/radiosite\/wp-content\/uploads\/2024\/01\/Cyprien-Sarrazin.jpg?fit=1024%2C580&ssl=1","jetpack_sharing_enabled":true,"_links":{"self":[{"href":"https:\/\/www.iceagetv.com\/radiosite\/wp-json\/wp\/v2\/posts\/26899","targetHints":{"allow":["GET"]}}],"collection":[{"href":"https:\/\/www.iceagetv.com\/radiosite\/wp-json\/wp\/v2\/posts"}],"about":[{"href":"https:\/\/www.iceagetv.com\/radiosite\/wp-json\/wp\/v2\/types\/post"}],"author":[{"embeddable":true,"href":"https:\/\/www.iceagetv.com\/radiosite\/wp-json\/wp\/v2\/users\/2"}],"replies":[{"embeddable":true,"href":"https:\/\/www.iceagetv.com\/radiosite\/wp-json\/wp\/v2\/comments?post=26899"}],"version-history":[{"count":1,"href":"https:\/\/www.iceagetv.com\/radiosite\/wp-json\/wp\/v2\/posts\/26899\/revisions"}],"predecessor-version":[{"id":26901,"href":"https:\/\/www.iceagetv.com\/radiosite\/wp-json\/wp\/v2\/posts\/26899\/revisions\/26901"}],"wp:featuredmedia":[{"embeddable":true,"href":"https:\/\/www.iceagetv.com\/radiosite\/wp-json\/wp\/v2\/media\/26900"}],"wp:attachment":[{"href":"https:\/\/www.iceagetv.com\/radiosite\/wp-json\/wp\/v2\/media?parent=26899"}],"wp:term":[{"taxonomy":"category","embeddable":true,"href":"https:\/\/www.iceagetv.com\/radiosite\/wp-json\/wp\/v2\/categories?post=26899"},{"taxonomy":"post_tag","embeddable":true,"href":"https:\/\/www.iceagetv.com\/radiosite\/wp-json\/wp\/v2\/tags?post=26899"}],"curies":[{"name":"wp","href":"https:\/\/api.w.org\/{rel}","templated":true}]}}