{"id":26908,"date":"2024-01-21T08:23:39","date_gmt":"2024-01-21T08:23:39","guid":{"rendered":"https:\/\/www.iceagetv.com\/radiosite\/?p=26908"},"modified":"2024-01-21T08:23:39","modified_gmt":"2024-01-21T08:23:39","slug":"la-ville-de-saint-denis-annonce-que-le-lyceen-qui-a-ete-violemment-agresse-devant-son-lycee-jeudi-dernier-dans-une-expedition-punitive-est-mort","status":"publish","type":"post","link":"https:\/\/www.iceagetv.com\/radiosite\/la-ville-de-saint-denis-annonce-que-le-lyceen-qui-a-ete-violemment-agresse-devant-son-lycee-jeudi-dernier-dans-une-expedition-punitive-est-mort\/","title":{"rendered":"La Ville de Saint-Denis annonce que le lyc\u00e9en qui a \u00e9t\u00e9 violemment agress\u00e9 devant son lyc\u00e9e jeudi dernier dans une \u00ab\u00a0exp\u00e9dition punitive\u00a0\u00bb est mort"},"content":{"rendered":"\n<p>La Ville de Saint-Denis a annonc\u00e9 que le lyc\u00e9en qui a&nbsp; \u00e9t\u00e9 violemment agress\u00e9 devant son lyc\u00e9e jeudi dernier&nbsp; dans une \u00ab\u00a0exp\u00e9dition punitive\u00a0\u00bb est mort samedi. Il s&rsquo;agit du deuxi\u00e8me d\u00e9c\u00e8s d&rsquo;un jeune gar\u00e7on apr\u00e8s une agression \u00e0 Saint-Denis en moins d&rsquo;une semaine, apr\u00e8s la mort d&rsquo;un adolescent de 14 ans tu\u00e9 de plusieurs coups de couteau mercredi.<\/p>\n\n\n\n<p>\u00ab\u00a0Nous apprenons avec stupeur et grande tristesse le d\u00e9c\u00e8s de Farid, lyc\u00e9en violemment agress\u00e9 mercredi aux abords de son \u00e9tablissement scolaire\u00a0\u00bb, a fait savoir la municipalit\u00e9 dans un communiqu\u00e9.<\/p>\n\n\n\n<p>A Le lyc\u00e9en est un jeune majeur qui a \u00e9t\u00e9 frapp\u00e9 par plusieurs personnes alors qu&rsquo;il se rendait \u00e0 son lyc\u00e9e. Il souffrait d&rsquo;un traumatisme cr\u00e2nien et est d\u00e9c\u00e9d\u00e9 ce samedi \u00e0 12h42.<\/p>\n\n\n\n<p>Dans le communiqu\u00e9, la Ville de Saint-Denis fait \u00e9tat du d\u00e9roul\u00e9 de l&rsquo;agression du lyc\u00e9en:<\/p>\n\n\n\n<p>\u00ab\u00a0Alors qu&rsquo;il \u00e9tait \u00e0 quelques m\u00e8tres de l&rsquo;entr\u00e9e de son lyc\u00e9e pour passer une \u00e9preuve de bac blanc, une voiture s&rsquo;est arr\u00eat\u00e9e \u00e0 la hauteur de Farid pour une op\u00e9ration s&rsquo;apparentant \u00e0 une exp\u00e9dition punitive\u00a0\u00bb. \u00ab\u00a0L&rsquo;agression a \u00e9t\u00e9 fugace, froide, aveugle, et d&rsquo;une violence extr\u00eame avec l&rsquo;usage d&rsquo;objets contondants. Les agresseurs ont laiss\u00e9 leur victime au sol\u00a0\u00bb, a partag\u00e9 la municipalit\u00e9.<\/p>\n\n\n\n<p>Cette agression a eu lieu quelques heures avant la mort dans cette commune d&rsquo;un adolescent de 14 ans, pr\u00e9nomm\u00e9 Sedan, poignard\u00e9 \u00e0 mort dans le m\u00e9tro. Il n&rsquo;est pas connu en l&rsquo;\u00e9tat si les deux \u00e9v\u00e9nements sont li\u00e9s.<\/p>\n","protected":false},"excerpt":{"rendered":"<p>La Ville de Saint-Denis a annonc\u00e9 que le lyc\u00e9en qui a&nbsp; \u00e9t\u00e9 violemment agress\u00e9 devant son lyc\u00e9e jeudi dernier&nbsp; dans une \u00ab\u00a0exp\u00e9dition punitive\u00a0\u00bb est mort samedi. Il s&rsquo;agit du deuxi\u00e8me d\u00e9c\u00e8s d&rsquo;un jeune gar\u00e7on apr\u00e8s une agression \u00e0 Saint-Denis en moins d&rsquo;une semaine, apr\u00e8s la mort d&rsquo;un adolescent de 14 ans tu\u00e9 de plusieurs coups [&hellip;]<\/p>\n","protected":false},"author":2,"featured_media":26909,"comment_status":"open","ping_status":"open","sticky":false,"template":"","format":"standard","meta":{"_jetpack_memberships_contains_paid_content":false,"footnotes":"","jetpack_publicize_message":"","jetpack_publicize_feature_enabled":true,"jetpack_social_post_already_shared":true,"jetpack_social_options":{"image_generator_settings":{"template":"highway","default_image_id":0,"font":"","enabled":false},"version":2},"_wpas_customize_per_network":false},"categories":[405],"tags":[],"class_list":["post-26908","post","type-post","status-publish","format-standard","has-post-thumbnail","hentry","category-actu-france-monde"],"jetpack_publicize_connections":[],"jetpack_featured_media_url":"https:\/\/i0.wp.com\/www.iceagetv.com\/radiosite\/wp-content\/uploads\/2024\/01\/La-Ville-de-Saint-Denis-annonce-que-le-lyceen-qui-a-ete-violemment-agresse-devant-son-lycee.jpg?fit=679%2C293&ssl=1","jetpack_sharing_enabled":true,"_links":{"self":[{"href":"https:\/\/www.iceagetv.com\/radiosite\/wp-json\/wp\/v2\/posts\/26908","targetHints":{"allow":["GET"]}}],"collection":[{"href":"https:\/\/www.iceagetv.com\/radiosite\/wp-json\/wp\/v2\/posts"}],"about":[{"href":"https:\/\/www.iceagetv.com\/radiosite\/wp-json\/wp\/v2\/types\/post"}],"author":[{"embeddable":true,"href":"https:\/\/www.iceagetv.com\/radiosite\/wp-json\/wp\/v2\/users\/2"}],"replies":[{"embeddable":true,"href":"https:\/\/www.iceagetv.com\/radiosite\/wp-json\/wp\/v2\/comments?post=26908"}],"version-history":[{"count":1,"href":"https:\/\/www.iceagetv.com\/radiosite\/wp-json\/wp\/v2\/posts\/26908\/revisions"}],"predecessor-version":[{"id":26910,"href":"https:\/\/www.iceagetv.com\/radiosite\/wp-json\/wp\/v2\/posts\/26908\/revisions\/26910"}],"wp:featuredmedia":[{"embeddable":true,"href":"https:\/\/www.iceagetv.com\/radiosite\/wp-json\/wp\/v2\/media\/26909"}],"wp:attachment":[{"href":"https:\/\/www.iceagetv.com\/radiosite\/wp-json\/wp\/v2\/media?parent=26908"}],"wp:term":[{"taxonomy":"category","embeddable":true,"href":"https:\/\/www.iceagetv.com\/radiosite\/wp-json\/wp\/v2\/categories?post=26908"},{"taxonomy":"post_tag","embeddable":true,"href":"https:\/\/www.iceagetv.com\/radiosite\/wp-json\/wp\/v2\/tags?post=26908"}],"curies":[{"name":"wp","href":"https:\/\/api.w.org\/{rel}","templated":true}]}}