{"id":26924,"date":"2024-01-22T05:11:02","date_gmt":"2024-01-22T05:11:02","guid":{"rendered":"https:\/\/www.iceagetv.com\/radiosite\/?p=26924"},"modified":"2024-01-22T05:11:02","modified_gmt":"2024-01-22T05:11:02","slug":"prix-de-lelectricite-la-hausse-sera-de-86-et-98-des-le-1er-fevrier-annonce-bruno-le-maire","status":"publish","type":"post","link":"https:\/\/www.iceagetv.com\/radiosite\/prix-de-lelectricite-la-hausse-sera-de-86-et-98-des-le-1er-fevrier-annonce-bruno-le-maire\/","title":{"rendered":"Prix de l\u2019\u00e9lectricit\u00e9\u00a0: la hausse sera de 8,6% et 9,8% d\u00e8s le 1er\u00a0f\u00e9vrier, annonce Bruno Le Maire"},"content":{"rendered":"\n<p>C\u2019est tout sauf une surprise. Ce dimanche soir, invit\u00e9 du 20 Heures de TF 1,&nbsp;<a href=\"https:\/\/www.leparisien.fr\/politique\/bruno-le-maire-reporter-linterdiction-de-louer-des-passoires-thermiques-jy-suis-tres-favorable-26-09-2023-BJMZPVLPGVF7RPDBGZMYVJIBFE.php\" target=\"_blank\" rel=\"noreferrer noopener\">Bruno Le Maire, ministre de l\u2019\u00c9conomie<\/a>, a annonc\u00e9 que les factures d\u2019\u00e9lectricit\u00e9 des particuliers allaient augmenter de 8,6% pour les tarifs de base (10,6 millions de consommateurs fin 2022) et de 9,8% pour les tarifs heures pleines-heures creuses (9,3 millions de consommateurs) d\u00e8s le d\u00e9but du mois de f\u00e9vrier. \u00ab C\u2019est-\u00e0-dire que pour 97% de m\u00e9nages fran\u00e7ais, l\u2019augmentation sera sous les 10% \u00bb, a-t-il d\u00e9clar\u00e9.<\/p>\n\n\n\n<p>Une tr\u00e8s mauvaise nouvelle pour le portefeuille des consommateurs mais de bon augure pour les caisses de l\u2019\u00c9tat. Ces hausses marquent en effet le retour de&nbsp;<a href=\"https:\/\/www.leparisien.fr\/economie\/consommation\/electricite-la-hausse-sera-bien-de-10-en-fevrier-10-01-2024-UIDEAWTRB5EIXCYV4GJRYUVXI4.php\" target=\"_blank\" rel=\"noreferrer noopener\">l\u2019une des principales taxes sur l\u2019\u00e9lectricit\u00e9 : la TICFE<\/a>&nbsp;(taxe int\u00e9rieure de consommation finale sur l\u2019\u00e9lectricit\u00e9). En d\u00e9cembre 2021, pour aider les Fran\u00e7ais \u00e0 faire face \u00e0 l\u2019envol\u00e9e des prix, notamment \u00e0 cause de la guerre en Ukraine, le gouvernement avait mis en place ce qu\u2019il avait appel\u00e9 un \u00ab bouclier tarifaire \u00bb. C\u2019est-\u00e0-dire un ensemble de mesures qui permettaient de maintenir les prix pour les consommateurs \u00e0 un niveau acceptable.<\/p>\n","protected":false},"excerpt":{"rendered":"<p>C\u2019est tout sauf une surprise. Ce dimanche soir, invit\u00e9 du 20 Heures de TF 1,&nbsp;Bruno Le Maire, ministre de l\u2019\u00c9conomie, a annonc\u00e9 que les factures d\u2019\u00e9lectricit\u00e9 des particuliers allaient augmenter de 8,6% pour les tarifs de base (10,6 millions de consommateurs fin 2022) et de 9,8% pour les tarifs heures pleines-heures creuses (9,3 millions de [&hellip;]<\/p>\n","protected":false},"author":2,"featured_media":26925,"comment_status":"open","ping_status":"open","sticky":false,"template":"","format":"standard","meta":{"_jetpack_memberships_contains_paid_content":false,"footnotes":"","jetpack_publicize_message":"","jetpack_publicize_feature_enabled":true,"jetpack_social_post_already_shared":true,"jetpack_social_options":{"image_generator_settings":{"template":"highway","default_image_id":0,"font":"","enabled":false},"version":2},"_wpas_customize_per_network":false},"categories":[405],"tags":[],"class_list":["post-26924","post","type-post","status-publish","format-standard","has-post-thumbnail","hentry","category-actu-france-monde"],"jetpack_publicize_connections":[],"jetpack_featured_media_url":"https:\/\/i0.wp.com\/www.iceagetv.com\/radiosite\/wp-content\/uploads\/2024\/01\/4NGI6TTJERBZBGQ5BPEOZBRDPA.jpg?fit=932%2C582&ssl=1","jetpack_sharing_enabled":true,"_links":{"self":[{"href":"https:\/\/www.iceagetv.com\/radiosite\/wp-json\/wp\/v2\/posts\/26924","targetHints":{"allow":["GET"]}}],"collection":[{"href":"https:\/\/www.iceagetv.com\/radiosite\/wp-json\/wp\/v2\/posts"}],"about":[{"href":"https:\/\/www.iceagetv.com\/radiosite\/wp-json\/wp\/v2\/types\/post"}],"author":[{"embeddable":true,"href":"https:\/\/www.iceagetv.com\/radiosite\/wp-json\/wp\/v2\/users\/2"}],"replies":[{"embeddable":true,"href":"https:\/\/www.iceagetv.com\/radiosite\/wp-json\/wp\/v2\/comments?post=26924"}],"version-history":[{"count":1,"href":"https:\/\/www.iceagetv.com\/radiosite\/wp-json\/wp\/v2\/posts\/26924\/revisions"}],"predecessor-version":[{"id":26926,"href":"https:\/\/www.iceagetv.com\/radiosite\/wp-json\/wp\/v2\/posts\/26924\/revisions\/26926"}],"wp:featuredmedia":[{"embeddable":true,"href":"https:\/\/www.iceagetv.com\/radiosite\/wp-json\/wp\/v2\/media\/26925"}],"wp:attachment":[{"href":"https:\/\/www.iceagetv.com\/radiosite\/wp-json\/wp\/v2\/media?parent=26924"}],"wp:term":[{"taxonomy":"category","embeddable":true,"href":"https:\/\/www.iceagetv.com\/radiosite\/wp-json\/wp\/v2\/categories?post=26924"},{"taxonomy":"post_tag","embeddable":true,"href":"https:\/\/www.iceagetv.com\/radiosite\/wp-json\/wp\/v2\/tags?post=26924"}],"curies":[{"name":"wp","href":"https:\/\/api.w.org\/{rel}","templated":true}]}}